{"id":110420,"date":"2024-02-04T00:15:00","date_gmt":"2024-02-04T00:15:00","guid":{"rendered":"https:\/\/hallow.com\/?p=110420"},"modified":"2026-04-01T13:16:28","modified_gmt":"2026-04-01T13:16:28","slug":"karfreitag-das-leiden-von-christus","status":"publish","type":"post","link":"https:\/\/hallow.com\/de\/blog\/karfreitag-das-leiden-von-christus\/","title":{"rendered":"Karfreitag 2026 &#8211; Die Passion Christi"},"content":{"rendered":"\n<p class=\"\"><strong>Karfreitag 2026<\/strong><\/p>\n\n<blockquote class=\"wp-block-quote is-layout-flow wp-block-quote-is-layout-flow\">\n<p class=\"\">Das Kruzifix steht nicht f\u00fcr eine Niederlage oder ein Scheitern. Sie offenbart uns die Liebe, die das B\u00f6se und die S\u00fcnde \u00fcberwindet. <\/p>\n<cite>Papst Franziskus<\/cite><\/blockquote>\n\n<h2 class=\"wp-block-heading\">Inhalts\u00fcbersicht<\/h2>\n\n<ul class=\"wp-block-list\">\n<li><a href=\"#what-is\">Was ist Karfreitag?  <\/a>\n<ul class=\"wp-block-list\">\n<li><a href=\"#triduum\">Ist der Karfreitag Teil des \u00f6sterlichen Triduums?<\/a><\/li>\n\n\n\n<li><a href=\"#holy-day\">Ist Karfreitag ein katholischer Pflichttag?  <\/a><\/li>\n<\/ul>\n<\/li>\n\n\n\n<li><a href=\"#when-is-good-friday\">Wann ist Karfreitag im Jahr 2026?  <\/a><\/li>\n\n\n\n<li><a href=\"#significance\">Welche Bedeutung hat der Karfreitag?  <\/a><\/li>\n\n\n\n<li><a href=\"#fasting-abstinence\">Fasten und Abstinenz  <\/a><\/li>\n\n\n\n<li><a href=\"#liturgy-service\">Karfreitagsgottesdienst<\/a><\/li>\n\n\n\n<li><a href=\"#prayers\">Gebet  <\/a>\n<ul class=\"wp-block-list\">\n<li><a href=\"#stations\">Kreuzwegstationen  <\/a><\/li>\n\n\n\n<li><a href=\"#divine-mercy-novena\">Novene zur g\u00f6ttlichen Barmherzigkeit<\/a><\/li>\n<\/ul>\n<\/li>\n<\/ul>\n\n<h2 class=\"wp-block-heading\" id=\"what-is\">Was ist Karfreitag?<\/h2>\n\n<p class=\"\">Der Karfreitag, der offiziell als Karfreitag der Passion des Herrn bekannt ist, erinnert an den Tag der Kreuzigung Christi &#8211; den feierlichsten Tag des Jahres f\u00fcr Christen. Es ist ein Tag, an dem wir unseren Blick auf das Kreuz richten und das liebevolle Opfer Christi f\u00fcr uns anerkennen, nachdem wir die <a href=\"https:\/\/hallow.com\/de\/fastenzeit\/\">Fastenzeit<\/a> mit ihm verbracht haben.   <\/p>\n\n<p class=\"\">Wie der <a href=\"https:\/\/hallow.com\/saints\/augustine-of-hippo\/\">heilige Augustinus von Hippo<\/a> <a href=\"https:\/\/catholicgentleman.com\/2015\/04\/our-only-hope-25-quotes-about-the-cross\/\" target=\"_blank\" rel=\"noreferrer noopener\">schrieb<\/a>,  <\/p>\n\n<figure class=\"wp-block-pullquote\"><blockquote><p>Wie sie, so blicken auch wir auf seine Wunden, w\u00e4hrend er h\u00e4ngt. Wir sehen sein Blut, als er stirbt. Wir sehen den Preis, den der Erl\u00f6ser gezahlt hat, und ber\u00fchren die Narben seiner Auferstehung. Er neigt den Kopf, als wolle er Sie k\u00fcssen. Sein Herz ist sozusagen in Liebe zu Ihnen ge\u00f6ffnet. Er streckt seine Arme aus, damit er dich umarmen kann. Sein ganzer K\u00f6rper wird zu eurer Erl\u00f6sung ausgestellt. Denken Sie dar\u00fcber nach, wie gro\u00dfartig diese Dinge sind. Wie er einst f\u00fcr euch mit allen Gliedern seines Leibes ans Kreuz geheftet wurde, so m\u00f6ge er nun auch mit allen Gliedern eurer Seele geheftet werden.        <\/p><cite>Der hl. Augustinus von Hippo<\/cite><\/blockquote><\/figure>\n\n<h3 class=\"wp-block-heading\" id=\"triduum\">Ist der Karfreitag Teil des \u00f6sterlichen Triduums?<\/h3>\n\n<p class=\"\">Ja, der Karfreitag ist das Herzst\u00fcck des \u00f6sterlichen Triduums.  <\/p>\n\n<ul class=\"wp-block-list\">\n<li>Tag 1: Abendd\u00e4mmerung am Gr\u00fcndonnerstag &#8211; Abendd\u00e4mmerung am Karfreitag (Kreuzigung)<\/li>\n\n\n\n<li>Tag 2: Abendd\u00e4mmerung am Karfreitag &#8211; Abendd\u00e4mmerung am <a href=\"https:\/\/hallow.com\/blog\/easter-vigil\/\">Karsamstag<\/a> (Tod)<\/li>\n\n\n\n<li>Tag 3: Abendd\u00e4mmerung am Karsamstag &#8211; Abendd\u00e4mmerung am <a href=\"https:\/\/hallow.com\/de\/ostern\/\">Ostersonntag<\/a> (Auferstehung)<\/li>\n<\/ul>\n\n<h3 class=\"wp-block-heading\" id=\"holy-day\">Ist Karfreitag ein katholischer heiliger Pflichttag?<\/h3>\n\n<p class=\"\">Nein, Karfreitag ist kein katholischer <a href=\"https:\/\/hallow.com\/de\/blog\/gebotene-feiertage\/\">heiliger Pflichttag<\/a>. Die Kirche ermutigt uns jedoch, das Opfer Christi am Kreuz f\u00fcr uns zu erkennen und unsere Herzen auf den Ostersonntag vorzubereiten. <\/p>\n\n<div class=\"wp-block-buttons is-horizontal is-content-justification-center is-layout-flex wp-container-core-buttons-is-layout-1 wp-block-buttons-is-layout-flex\">\n<div class=\"wp-block-button\"><a class=\"wp-block-button__link wp-element-button\" href=\"https:\/\/hallow.app.link\/blogdownload\">Bete mit Hallow<\/a><\/div>\n<\/div>\n\n<h2 class=\"wp-block-heading\" id=\"when-is-good-friday\">Wann ist Karfreitag im Jahr 2026?<\/h2>\n\n<p class=\"\">Dieses Jahr f\u00e4llt der Karfreitag auf den 3. April.<\/p>\n\n<h2 class=\"wp-block-heading\" id=\"significance\">Welche Bedeutung hat der Karfreitag?<\/h2>\n\n<p class=\"\">Karfreitag ist vor allem der Tag, an dem wir das letzte, liebevolle Opfer Christi f\u00fcr jeden von uns anerkennen: seinen Tod am Kreuz.  <\/p>\n\n<p class=\"\">Paulus <a href=\"https:\/\/www.biblegateway.com\/passage\/?search=2+Corinthians+5%3A15&amp;version=NRSVACE\" target=\"_blank\" rel=\"noreferrer noopener\">schreibt<\/a> in seinem zweiten Brief an die Korinther: &#8222;Und er ist f\u00fcr alle gestorben, damit die Lebenden nicht mehr f\u00fcr sich selbst leben, sondern f\u00fcr den, der f\u00fcr sie gestorben und auferstanden ist.&#8220; (2. Korinther 5,15)<\/p>\n\n<p class=\"\">Wie in der Fastenzeit begehen die Katholiken diesen Tag mit Fasten, Enthaltsamkeit und Gebet.  <\/p>\n\n<h2 class=\"wp-block-heading\" id=\"fasting-abstinence\">Fasten und Abstinenz<\/h2>\n\n<p class=\"\">Die katholische Kirche verpflichtet ihre Mitglieder, am Karfreitag zu fasten und auf Fleisch zu verzichten.  <\/p>\n\n<p id=\"observance\" class=\"\">Das Fasten erlaubt eine volle Mahlzeit und zwei kleinere Mahlzeiten (die zusammen keine volle Mahlzeit ergeben), wobei erwartet wird, dass am Karfreitag auf Fleisch verzichtet wird. Ausnahmen sind f\u00fcr Personen mit besonderen k\u00f6rperlichen Bed\u00fcrfnissen m\u00f6glich. <\/p>\n\n<h2 class=\"wp-block-heading\" id=\"liturgy-service\">Karfreitagsgottesdienst<\/h2>\n\n<p class=\"\">Obwohl der Karfreitag kein heiliger Pflichttag ist, besuchen viele Katholiken an diesem feierlichen Tag einen Gottesdienst.  <\/p>\n\n<p class=\"\">Obwohl dieser Gottesdienst einer Messe mit Liturgie, F\u00fcrbitten und Kommunion \u00e4hnelt, wird die Eucharistie <em>am<\/em> Karfreitag nicht geweiht. (Die Konsekration der Eucharistie ist das, was die Messe vom Gottesdienst unterscheidet). Die Eucharistie wird in der Regel am Vortag, am <a href=\"https:\/\/hallow.com\/blog\/holy-thursday\/\">Gr\u00fcndonnerstag<\/a>, konsekriert und am Karfreitag ausgeteilt.    <\/p>\n\n<p class=\"\">Die Teilnahme an einem <a href=\"https:\/\/www.catholicnewsagency.com\/resource\/56093\/the-significance-of-good-friday\" target=\"_blank\" rel=\"noreferrer noopener\">Karfreitagsgottesdienst<\/a> ist eine zutiefst dem\u00fctigende Erfahrung. Es gibt keine Eingangsprozession, keine Musik, der Altar ist kahl, und der Tabernakel steht offen und leer. In vielen Gottesdiensten findet auch eine Kreuzverehrung statt, bei der wir uns einzeln dem Kruzifix n\u00e4hern und die F\u00fc\u00dfe Christi k\u00fcssen.    <\/p>\n\n<p class=\"\">Lesen Sie mehr \u00fcber die Bedeutung des Gottesdienstes von der <a href=\"https:\/\/www.usccb.org\/prayer-and-worship\/liturgical-year-and-calendar\/triduum\/roman-missal-and-the-good-friday-liturgy\" target=\"_blank\" rel=\"noreferrer noopener\">USCCB<\/a>.  <\/p>\n\n<h2 class=\"wp-block-heading\" id=\"prayers\">Gebet<\/h2>\n\n<p class=\"\">An diesem feierlichen Tag wenden wir uns in der Stille an Christus und beten ihn an. Wir gedenken seines Opfers f\u00fcr uns. Wir bitten ihn um Kraft und Gnade. Wir verherrlichen Ihn, der uns von unseren S\u00fcnden errettet hat.     <\/p>\n\n<p class=\"\">Es gibt viele verschiedene M\u00f6glichkeiten, an diesem Karfreitag zu beten &#8211; <a href=\"https:\/\/hallow.com\/blog\/how-to-pray-lectio-divina\/\">Lectio Divina<\/a>, geistliches Schreiben, <a href=\"https:\/\/hallow.com\/blog\/how-to-pray-with-music\/\">Gebet mit Musik<\/a> und mehr.  <\/p>\n\n<p class=\"\"><strong>MEHR GEBETE: <\/strong><a href=\"https:\/\/hallow.com\/de\/blog\/fastengebete\/\">Fastengebete f\u00fcr 2026<\/a><\/p>\n\n<p class=\"\">Erw\u00e4gen Sie auch, die letzten 14 Momente des Lebens Christi zu meditieren (Kreuzweg) und die Novene der G\u00f6ttlichen Barmherzigkeit zu beginnen:<\/p>\n\n<h3 class=\"wp-block-heading\" id=\"stations\">Kreuzwegstationen<\/h3>\n\n<p class=\"\">Viele Katholiken beten den <a href=\"https:\/\/hallow.com\/de\/blog\/wie-die-kreuzwegstationen-beten\/\">Kreuzweg<\/a> am Karfreitag um 15.00 Uhr, wenn Christus am Kreuz gestorben ist.  <\/p>\n\n<p class=\"\">In den meisten Pfarreien findet freitags in der Fastenzeit ein Kreuzweg statt. Die Gottesdienste k\u00f6nnen drinnen oder im Freien stattfinden. Wenn Sie nicht pers\u00f6nlich teilnehmen k\u00f6nnen, k\u00f6nnen Sie den Kreuzweg an Heiligabend mit einem F\u00fchrer Ihrer Wahl beten.    <\/p>\n\n<h3 class=\"wp-block-heading\" id=\"divine-mercy-novena\">Novene zur g\u00f6ttlichen Barmherzigkeit<\/h3>\n\n<p class=\"\">Erw\u00e4gen Sie, die <a href=\"https:\/\/hallow.com\/de\/blog\/wie-betet-man-den-rosenkranz-der-goettlichen-barmherzigkeit\/\">Novene der G\u00f6ttlichen Barmherzigkeit<\/a> am Karfreitag zu beginnen. Christus wies die <a href=\"https:\/\/hallow.com\/saints\/faustina\/\">heilige Faustina<\/a> an, den Barmherzigkeitskranz von Karfreitag bis zum Sonntag nach Ostern, dem &#8222;Sonntag der g\u00f6ttlichen Barmherzigkeit&#8220;, zu beten. <\/p>\n\n<p class=\"\"><strong>Siehe:<\/strong> <a href=\"https:\/\/hallow.com\/blog\/how-to-pray-novenas\/\">Wie man betet: Eine Novene<\/a><\/p>\n\n<hr class=\"wp-block-separator has-css-opacity\"\/>\n\n<p class=\"\">Sie k\u00f6nnen den Kreuzweg und die Novene der G\u00f6ttlichen Barmherzigkeit an Heiligabend beten. Wir freuen uns darauf, an diesem Karfreitag mit Ihnen zu beten.   <\/p>\n\n<div class=\"wp-block-buttons is-horizontal is-content-justification-center is-layout-flex wp-container-core-buttons-is-layout-2 wp-block-buttons-is-layout-flex\">\n<div class=\"wp-block-button\"><a class=\"wp-block-button__link wp-element-button\" href=\"https:\/\/hallow.app.link\/blogdownload\">Bete mit Hallow<\/a><\/div>\n<\/div>\n\n<h2 class=\"wp-block-heading\"><strong>Mehr Gebete<\/strong><\/h2>\n\n<ul class=\"wp-block-list\">\n<li><a href=\"https:\/\/hallow.com\/de\/blog\/wie-man-den-rosenkranz-betet\/\">Rosenkranzgebet<\/a><\/li>\n\n\n\n<li><a href=\"https:\/\/hallow.com\/blog\/easter-prayers\/\">Ostergebete<\/a><\/li>\n\n\n\n<li><a href=\"https:\/\/hallow.com\/blog\/how-to-pray-night-prayer\/\">Nachtgebet<\/a><\/li>\n\n\n\n<li><a href=\"https:\/\/hallow.com\/blog\/how-to-pray-lectio-divina\/\">Lectio Divina<\/a><\/li>\n\n\n\n<li><a href=\"https:\/\/hallow.com\/de\/blog\/wie-die-kreuzwegstationen-beten\/\">Kreuzwegstationen<\/a><\/li>\n\n\n\n<li><a href=\"https:\/\/hallow.com\/blog\/eucharist-holy-communion-adoration-prayer\/\">Eucharistische Gebete<\/a><\/li>\n<\/ul>\n\n<p class=\"\"><\/p>\n","protected":false},"excerpt":{"rendered":"<p>Karfreitag 2026 Das Kruzifix steht nicht f\u00fcr eine Niederlage oder ein Scheitern. Sie offenbart uns die Liebe, die das B\u00f6se und die S\u00fcnde \u00fcberwindet. Papst Franziskus Inhalts\u00fcbersicht Was ist Karfreitag? Der Karfreitag, der offiziell als Karfreitag der Passion des Herrn bekannt ist, erinnert an den Tag der Kreuzigung Christi &#8211; den feierlichsten Tag des Jahres &hellip; <a href=\"https:\/\/hallow.com\/de\/blog\/karfreitag-das-leiden-von-christus\/\">Continued<\/a><\/p>\n","protected":false},"author":18,"featured_media":51573,"comment_status":"closed","ping_status":"closed","sticky":false,"template":"","format":"standard","meta":{"_acf_changed":false,"_et_pb_use_builder":"","_et_pb_old_content":"","_et_gb_content_width":"","inline_featured_image":false,"footnotes":""},"categories":[307,303],"tags":[],"class_list":["post-110420","post","type-post","status-publish","format-standard","has-post-thumbnail","hentry","category-gebet-leben","category-unkategorisiert"],"acf":[],"yoast_head":"<!-- This site is optimized with the Yoast SEO Premium plugin v24.3 (Yoast SEO v25.6) - https:\/\/yoast.com\/wordpress\/plugins\/seo\/ -->\n<title>Karfreitag 2026 - Die Passion Christi | Hallow<\/title>\n<meta name=\"description\" content=\"Der Karfreitag ist f\u00fcr die Christen der feierlichste Tag des Jahres. Erfahren Sie von Hallow mehr \u00fcber die Bedeutung dieses Tages und wie man ihn begehen kann.\" \/>\n<meta name=\"robots\" content=\"index, follow, max-snippet:-1, max-image-preview:large, max-video-preview:-1\" \/>\n<link rel=\"canonical\" href=\"https:\/\/hallow.com\/de\/blog\/karfreitag-das-leiden-von-christus\/\" \/>\n<meta property=\"og:locale\" content=\"de_DE\" \/>\n<meta property=\"og:type\" content=\"article\" \/>\n<meta property=\"og:title\" content=\"Karfreitag 2026 - Die Passion Christi\" \/>\n<meta property=\"og:description\" content=\"Der Karfreitag ist f\u00fcr die Christen der feierlichste Tag des Jahres. Erfahren Sie von Hallow mehr \u00fcber die Bedeutung dieses Tages und wie man ihn begehen kann.\" \/>\n<meta property=\"og:url\" content=\"https:\/\/hallow.com\/de\/blog\/karfreitag-das-leiden-von-christus\/\" \/>\n<meta property=\"og:site_name\" content=\"Hallow\" \/>\n<meta property=\"article:publisher\" content=\"https:\/\/facebook.com\/hallowapp\" \/>\n<meta property=\"article:published_time\" content=\"2024-02-04T00:15:00+00:00\" \/>\n<meta property=\"article:modified_time\" content=\"2026-04-01T13:16:28+00:00\" \/>\n<meta property=\"og:image\" content=\"https:\/\/hallow.com\/wp-content\/uploads\/2022\/02\/Pray40-3-Relationship_L.png\" \/>\n\t<meta property=\"og:image:width\" content=\"1396\" \/>\n\t<meta property=\"og:image:height\" content=\"834\" \/>\n\t<meta property=\"og:image:type\" content=\"image\/png\" \/>\n<meta name=\"author\" content=\"Cate Von Dohlen\" \/>\n<meta name=\"twitter:card\" content=\"summary_large_image\" \/>\n<meta name=\"twitter:creator\" content=\"@hallowapp\" \/>\n<meta name=\"twitter:site\" content=\"@hallowapp\" \/>\n<script type=\"application\/ld+json\" class=\"yoast-schema-graph\">{\"@context\":\"https:\/\/schema.org\",\"@graph\":[{\"@type\":\"Article\",\"@id\":\"https:\/\/hallow.com\/de\/blog\/karfreitag-das-leiden-von-christus\/#article\",\"isPartOf\":{\"@id\":\"https:\/\/hallow.com\/de\/blog\/karfreitag-das-leiden-von-christus\/\"},\"author\":{\"name\":\"Cate Von Dohlen\",\"@id\":\"https:\/\/hallow.com\/de\/#\/schema\/person\/7342007ff4d569b8fa9ffff9855113ae\"},\"headline\":\"Karfreitag 2026 &#8211; Die Passion Christi\",\"datePublished\":\"2024-02-04T00:15:00+00:00\",\"dateModified\":\"2026-04-01T13:16:28+00:00\",\"mainEntityOfPage\":{\"@id\":\"https:\/\/hallow.com\/de\/blog\/karfreitag-das-leiden-von-christus\/\"},\"wordCount\":865,\"publisher\":{\"@id\":\"https:\/\/hallow.com\/de\/#organization\"},\"image\":{\"@id\":\"https:\/\/hallow.com\/de\/blog\/karfreitag-das-leiden-von-christus\/#primaryimage\"},\"thumbnailUrl\":\"https:\/\/hallow.com\/wp-content\/uploads\/2022\/02\/Pray40-3-Relationship_L.png\",\"articleSection\":[\"Gebet Leben\",\"Unkategorisiert\"],\"inLanguage\":\"de\"},{\"@type\":\"WebPage\",\"@id\":\"https:\/\/hallow.com\/de\/blog\/karfreitag-das-leiden-von-christus\/\",\"url\":\"https:\/\/hallow.com\/de\/blog\/karfreitag-das-leiden-von-christus\/\",\"name\":\"Karfreitag 2026 - Die Passion Christi | Hallow\",\"isPartOf\":{\"@id\":\"https:\/\/hallow.com\/de\/#website\"},\"primaryImageOfPage\":{\"@id\":\"https:\/\/hallow.com\/de\/blog\/karfreitag-das-leiden-von-christus\/#primaryimage\"},\"image\":{\"@id\":\"https:\/\/hallow.com\/de\/blog\/karfreitag-das-leiden-von-christus\/#primaryimage\"},\"thumbnailUrl\":\"https:\/\/hallow.com\/wp-content\/uploads\/2022\/02\/Pray40-3-Relationship_L.png\",\"datePublished\":\"2024-02-04T00:15:00+00:00\",\"dateModified\":\"2026-04-01T13:16:28+00:00\",\"description\":\"Der Karfreitag ist f\u00fcr die Christen der feierlichste Tag des Jahres. Erfahren Sie von Hallow mehr \u00fcber die Bedeutung dieses Tages und wie man ihn begehen kann.\",\"breadcrumb\":{\"@id\":\"https:\/\/hallow.com\/de\/blog\/karfreitag-das-leiden-von-christus\/#breadcrumb\"},\"inLanguage\":\"de\",\"potentialAction\":[{\"@type\":\"ReadAction\",\"target\":[\"https:\/\/hallow.com\/de\/blog\/karfreitag-das-leiden-von-christus\/\"]}]},{\"@type\":\"ImageObject\",\"inLanguage\":\"de\",\"@id\":\"https:\/\/hallow.com\/de\/blog\/karfreitag-das-leiden-von-christus\/#primaryimage\",\"url\":\"https:\/\/hallow.com\/wp-content\/uploads\/2022\/02\/Pray40-3-Relationship_L.png\",\"contentUrl\":\"https:\/\/hallow.com\/wp-content\/uploads\/2022\/02\/Pray40-3-Relationship_L.png\",\"width\":1396,\"height\":834},{\"@type\":\"BreadcrumbList\",\"@id\":\"https:\/\/hallow.com\/de\/blog\/karfreitag-das-leiden-von-christus\/#breadcrumb\",\"itemListElement\":[{\"@type\":\"ListItem\",\"position\":1,\"name\":\"Home\",\"item\":\"https:\/\/hallow.com\/de\/\"},{\"@type\":\"ListItem\",\"position\":2,\"name\":\"Karfreitag 2026 &#8211; Die Passion Christi\"}]},{\"@type\":\"WebSite\",\"@id\":\"https:\/\/hallow.com\/de\/#website\",\"url\":\"https:\/\/hallow.com\/de\/\",\"name\":\"Hallow\",\"description\":\"Catholic Prayer and Meditation App\",\"publisher\":{\"@id\":\"https:\/\/hallow.com\/de\/#organization\"},\"potentialAction\":[{\"@type\":\"SearchAction\",\"target\":{\"@type\":\"EntryPoint\",\"urlTemplate\":\"https:\/\/hallow.com\/de\/?s={search_term_string}\"},\"query-input\":{\"@type\":\"PropertyValueSpecification\",\"valueRequired\":true,\"valueName\":\"search_term_string\"}}],\"inLanguage\":\"de\"},{\"@type\":\"Organization\",\"@id\":\"https:\/\/hallow.com\/de\/#organization\",\"name\":\"Hallow\",\"url\":\"https:\/\/hallow.com\/de\/\",\"logo\":{\"@type\":\"ImageObject\",\"inLanguage\":\"de\",\"@id\":\"https:\/\/hallow.com\/de\/#\/schema\/logo\/image\/\",\"url\":\"https:\/\/hallow.com\/wp-content\/uploads\/2019\/04\/Purple-Logo.png\",\"contentUrl\":\"https:\/\/hallow.com\/wp-content\/uploads\/2019\/04\/Purple-Logo.png\",\"width\":1470,\"height\":292,\"caption\":\"Hallow\"},\"image\":{\"@id\":\"https:\/\/hallow.com\/de\/#\/schema\/logo\/image\/\"},\"sameAs\":[\"https:\/\/facebook.com\/hallowapp\",\"https:\/\/x.com\/hallowapp\",\"https:\/\/instagram.com\/hallowapp\"]},{\"@type\":\"Person\",\"@id\":\"https:\/\/hallow.com\/de\/#\/schema\/person\/7342007ff4d569b8fa9ffff9855113ae\",\"name\":\"Cate Von Dohlen\"}]}<\/script>\n<!-- \/ Yoast SEO Premium plugin. -->","yoast_head_json":{"title":"Karfreitag 2026 - Die Passion Christi | Hallow","description":"Der Karfreitag ist f\u00fcr die Christen der feierlichste Tag des Jahres. Erfahren Sie von Hallow mehr \u00fcber die Bedeutung dieses Tages und wie man ihn begehen kann.","robots":{"index":"index","follow":"follow","max-snippet":"max-snippet:-1","max-image-preview":"max-image-preview:large","max-video-preview":"max-video-preview:-1"},"canonical":"https:\/\/hallow.com\/de\/blog\/karfreitag-das-leiden-von-christus\/","og_locale":"de_DE","og_type":"article","og_title":"Karfreitag 2026 - Die Passion Christi","og_description":"Der Karfreitag ist f\u00fcr die Christen der feierlichste Tag des Jahres. Erfahren Sie von Hallow mehr \u00fcber die Bedeutung dieses Tages und wie man ihn begehen kann.","og_url":"https:\/\/hallow.com\/de\/blog\/karfreitag-das-leiden-von-christus\/","og_site_name":"Hallow","article_publisher":"https:\/\/facebook.com\/hallowapp","article_published_time":"2024-02-04T00:15:00+00:00","article_modified_time":"2026-04-01T13:16:28+00:00","og_image":[{"width":1396,"height":834,"url":"https:\/\/hallow.com\/wp-content\/uploads\/2022\/02\/Pray40-3-Relationship_L.png","type":"image\/png"}],"author":"Cate Von Dohlen","twitter_card":"summary_large_image","twitter_creator":"@hallowapp","twitter_site":"@hallowapp","schema":{"@context":"https:\/\/schema.org","@graph":[{"@type":"Article","@id":"https:\/\/hallow.com\/de\/blog\/karfreitag-das-leiden-von-christus\/#article","isPartOf":{"@id":"https:\/\/hallow.com\/de\/blog\/karfreitag-das-leiden-von-christus\/"},"author":{"name":"Cate Von Dohlen","@id":"https:\/\/hallow.com\/de\/#\/schema\/person\/7342007ff4d569b8fa9ffff9855113ae"},"headline":"Karfreitag 2026 &#8211; Die Passion Christi","datePublished":"2024-02-04T00:15:00+00:00","dateModified":"2026-04-01T13:16:28+00:00","mainEntityOfPage":{"@id":"https:\/\/hallow.com\/de\/blog\/karfreitag-das-leiden-von-christus\/"},"wordCount":865,"publisher":{"@id":"https:\/\/hallow.com\/de\/#organization"},"image":{"@id":"https:\/\/hallow.com\/de\/blog\/karfreitag-das-leiden-von-christus\/#primaryimage"},"thumbnailUrl":"https:\/\/hallow.com\/wp-content\/uploads\/2022\/02\/Pray40-3-Relationship_L.png","articleSection":["Gebet Leben","Unkategorisiert"],"inLanguage":"de"},{"@type":"WebPage","@id":"https:\/\/hallow.com\/de\/blog\/karfreitag-das-leiden-von-christus\/","url":"https:\/\/hallow.com\/de\/blog\/karfreitag-das-leiden-von-christus\/","name":"Karfreitag 2026 - Die Passion Christi | Hallow","isPartOf":{"@id":"https:\/\/hallow.com\/de\/#website"},"primaryImageOfPage":{"@id":"https:\/\/hallow.com\/de\/blog\/karfreitag-das-leiden-von-christus\/#primaryimage"},"image":{"@id":"https:\/\/hallow.com\/de\/blog\/karfreitag-das-leiden-von-christus\/#primaryimage"},"thumbnailUrl":"https:\/\/hallow.com\/wp-content\/uploads\/2022\/02\/Pray40-3-Relationship_L.png","datePublished":"2024-02-04T00:15:00+00:00","dateModified":"2026-04-01T13:16:28+00:00","description":"Der Karfreitag ist f\u00fcr die Christen der feierlichste Tag des Jahres. Erfahren Sie von Hallow mehr \u00fcber die Bedeutung dieses Tages und wie man ihn begehen kann.","breadcrumb":{"@id":"https:\/\/hallow.com\/de\/blog\/karfreitag-das-leiden-von-christus\/#breadcrumb"},"inLanguage":"de","potentialAction":[{"@type":"ReadAction","target":["https:\/\/hallow.com\/de\/blog\/karfreitag-das-leiden-von-christus\/"]}]},{"@type":"ImageObject","inLanguage":"de","@id":"https:\/\/hallow.com\/de\/blog\/karfreitag-das-leiden-von-christus\/#primaryimage","url":"https:\/\/hallow.com\/wp-content\/uploads\/2022\/02\/Pray40-3-Relationship_L.png","contentUrl":"https:\/\/hallow.com\/wp-content\/uploads\/2022\/02\/Pray40-3-Relationship_L.png","width":1396,"height":834},{"@type":"BreadcrumbList","@id":"https:\/\/hallow.com\/de\/blog\/karfreitag-das-leiden-von-christus\/#breadcrumb","itemListElement":[{"@type":"ListItem","position":1,"name":"Home","item":"https:\/\/hallow.com\/de\/"},{"@type":"ListItem","position":2,"name":"Karfreitag 2026 &#8211; Die Passion Christi"}]},{"@type":"WebSite","@id":"https:\/\/hallow.com\/de\/#website","url":"https:\/\/hallow.com\/de\/","name":"Hallow","description":"Catholic Prayer and Meditation App","publisher":{"@id":"https:\/\/hallow.com\/de\/#organization"},"potentialAction":[{"@type":"SearchAction","target":{"@type":"EntryPoint","urlTemplate":"https:\/\/hallow.com\/de\/?s={search_term_string}"},"query-input":{"@type":"PropertyValueSpecification","valueRequired":true,"valueName":"search_term_string"}}],"inLanguage":"de"},{"@type":"Organization","@id":"https:\/\/hallow.com\/de\/#organization","name":"Hallow","url":"https:\/\/hallow.com\/de\/","logo":{"@type":"ImageObject","inLanguage":"de","@id":"https:\/\/hallow.com\/de\/#\/schema\/logo\/image\/","url":"https:\/\/hallow.com\/wp-content\/uploads\/2019\/04\/Purple-Logo.png","contentUrl":"https:\/\/hallow.com\/wp-content\/uploads\/2019\/04\/Purple-Logo.png","width":1470,"height":292,"caption":"Hallow"},"image":{"@id":"https:\/\/hallow.com\/de\/#\/schema\/logo\/image\/"},"sameAs":["https:\/\/facebook.com\/hallowapp","https:\/\/x.com\/hallowapp","https:\/\/instagram.com\/hallowapp"]},{"@type":"Person","@id":"https:\/\/hallow.com\/de\/#\/schema\/person\/7342007ff4d569b8fa9ffff9855113ae","name":"Cate Von Dohlen"}]}},"_links":{"self":[{"href":"https:\/\/hallow.com\/de\/wp-json\/wp\/v2\/posts\/110420"}],"collection":[{"href":"https:\/\/hallow.com\/de\/wp-json\/wp\/v2\/posts"}],"about":[{"href":"https:\/\/hallow.com\/de\/wp-json\/wp\/v2\/types\/post"}],"author":[{"embeddable":true,"href":"https:\/\/hallow.com\/de\/wp-json\/wp\/v2\/users\/18"}],"replies":[{"embeddable":true,"href":"https:\/\/hallow.com\/de\/wp-json\/wp\/v2\/comments?post=110420"}],"version-history":[{"count":1,"href":"https:\/\/hallow.com\/de\/wp-json\/wp\/v2\/posts\/110420\/revisions"}],"predecessor-version":[{"id":110421,"href":"https:\/\/hallow.com\/de\/wp-json\/wp\/v2\/posts\/110420\/revisions\/110421"}],"wp:featuredmedia":[{"embeddable":true,"href":"https:\/\/hallow.com\/de\/wp-json\/wp\/v2\/media\/51573"}],"wp:attachment":[{"href":"https:\/\/hallow.com\/de\/wp-json\/wp\/v2\/media?parent=110420"}],"wp:term":[{"taxonomy":"category","embeddable":true,"href":"https:\/\/hallow.com\/de\/wp-json\/wp\/v2\/categories?post=110420"},{"taxonomy":"post_tag","embeddable":true,"href":"https:\/\/hallow.com\/de\/wp-json\/wp\/v2\/tags?post=110420"}],"curies":[{"name":"wp","href":"https:\/\/api.w.org\/{rel}","templated":true}]}}