{"id":50655,"date":"2026-02-02T06:08:00","date_gmt":"2026-02-02T06:08:00","guid":{"rendered":"https:\/\/hallow.com\/?p=50655"},"modified":"2026-01-21T02:03:24","modified_gmt":"2026-01-21T02:03:24","slug":"miercoles-de-ceniza","status":"publish","type":"post","link":"https:\/\/hallow.com\/es\/blog\/miercoles-de-ceniza\/","title":{"rendered":"Mi\u00e9rcoles de Ceniza 2026 &#8211; Primer d\u00eda de Cuaresma"},"content":{"rendered":"\n<h2 class=\"wp-block-heading\" id=\"h-miercoles-de-ceniza-de-2026-el-inicio-del-tiempo-de-cuaresma\">Mi\u00e9rcoles de Ceniza de 2026: El inicio del tiempo de Cuaresma<\/h2>\n\n\n\n<blockquote class=\"wp-block-quote is-layout-flow wp-block-quote-is-layout-flow\">\n<p class=\"\"><span style=\"font-size: revert; color: initial;\">La Cuaresma viene providencialmente a despertarnos, a sacudirnos de nuestro letargo.<\/span><\/p>\n<cite><a href=\"https:\/\/catholicherald.co.uk\/lent-comes-to-reawaken-us-pope-francis\/\">Papa Francisco<\/a><\/cite><\/blockquote>\n\n\n\n<h3 class=\"wp-block-heading\">\u00cdndice<\/h3>\n\n\n\n<ul class=\"wp-block-list\">\n<li><a href=\"#definition\">\u00bfQu\u00e9 es el Mi\u00e9rcoles de Ceniza? <\/a>\n<ul class=\"wp-block-list\">\n<li>Origen<\/li>\n\n\n\n<li>\u00bfEs el Mi\u00e9rcoles de Ceniza un d\u00eda de precepto? <\/li>\n\n\n\n<li>\u00bfEs necesario ser cat\u00f3lico para recibir la ceniza?<\/li>\n<\/ul>\n<\/li>\n\n\n\n<li><a href=\"#date\">\u00bfCu\u00e1ndo es el Mi\u00e9rcoles de Ceniza en 2026?<\/a><\/li>\n\n\n\n<li><a href=\"#importance\">\u00bfPor qu\u00e9 es importante el Mi\u00e9rcoles de Ceniza? <\/a><\/li>\n\n\n\n<li><a href=\"#receiving-ashes\">Recibir la ceniza el Mi\u00e9rcoles de Ceniza<\/a>\n<ul class=\"wp-block-list\">\n<li>\u00bfDe d\u00f3nde proceden las cenizas? <\/li>\n\n\n\n<li>\u00bfAd\u00f3nde van las cenizas? <\/li>\n\n\n\n<li>\u00bfQu\u00e9 simbolizan las cenizas?<\/li>\n\n\n\n<li>D\u00f3nde conseguir cenizas cerca de usted<\/li>\n<\/ul>\n<\/li>\n\n\n\n<li><a href=\"#fasting-rules\">Ayuno del Mi\u00e9rcoles de Ceniza<\/a>\n<ul class=\"wp-block-list\">\n<li>\u00bfPor qu\u00e9 ayunan los cat\u00f3licos el Mi\u00e9rcoles de Ceniza? <\/li>\n\n\n\n<li>Edad requerida <\/li>\n\n\n\n<li>Comidas<\/li>\n<\/ul>\n<\/li>\n\n\n\n<li><a href=\"#prayers\">Oraciones del Mi\u00e9rcoles de Ceniza<\/a><\/li>\n\n\n\n<li><a href=\"#observance\">\u00bfDe qu\u00e9 otra forma puedo celebrar el Mi\u00e9rcoles de Ceniza? <\/a><\/li>\n<\/ul>\n\n\n\n<h2 class=\"wp-block-heading\" id=\"definition\">\u00bfQu\u00e9 es el Mi\u00e9rcoles de Ceniza?<\/h2>\n\n\n\n<p class=\"\">En 2026, como todos los a\u00f1os, el Mi\u00e9rcoles de Ceniza es el primer d\u00eda del tiempo lit\u00fargico de <a href=\"https:\/\/hallow.com\/es\/cuaresma\/\">Cuaresma<\/a>. Siempre cae seis semanas y media antes de Pascua, dando comienzo al tiempo cuaresmal de preparaci\u00f3n para la Resurrecci\u00f3n de Cristo el Domingo de Pascua.<\/p>\n\n\n\n<h3 class=\"wp-block-heading\">Origen <\/h3>\n\n\n\n<p class=\"\">El Mi\u00e9rcoles de Ceniza <a href=\"https:\/\/www.vaticannews.va\/en\/church\/news\/2018-02\/ash-wednesday-commentary.html\" target=\"_blank\" rel=\"noreferrer noopener\">se<\/a> remonta al siglo XI. Sin embargo, la tradici\u00f3n de recibir cenizas tiene ra\u00edces a\u00fan m\u00e1s antiguas: la costumbre hebrea de vestirse de cilicio y empolvarse con cenizas en se\u00f1al de penitencia. <\/p>\n\n\n\n<div class=\"wp-block-buttons is-horizontal is-content-justification-center is-layout-flex wp-container-core-buttons-is-layout-1 wp-block-buttons-is-layout-flex\">\n<div class=\"wp-block-button\"><a class=\"wp-block-button__link wp-element-button\" href=\"https:\/\/hallow.app.link\/ashwednesdayblog\">Comienza la Cuaresma con Hallow<\/a><\/div>\n<\/div>\n\n\n\n<p class=\"\">La Biblia no detalla expl\u00edcitamente este primer d\u00eda de Cuaresma, pero hay muchos casos de este acto de arrepentimiento en el Antiguo Testamento, como <a href=\"https:\/\/www.biblegateway.com\/passage\/?search=Job+16%3A15&amp;version=NRSVCE\" target=\"_blank\" rel=\"noreferrer noopener\">Job 16:15<\/a>, <\/p>\n\n\n\n<blockquote class=\"wp-block-quote is-layout-flow wp-block-quote-is-layout-flow\">\n<p class=\"\">He cosido arpillera sobre mi piel,<br> y he puesto mi fuerza en el polvo.<\/p>\n<cite><p><em>Job 16:15<\/em><\/p><\/cite><\/blockquote>\n\n\n\n<p class=\"\">y el Nuevo Testamento, como <a href=\"https:\/\/www.biblegateway.com\/passage\/?search=Luke+10%3A13&amp;version=NRSVCE\" target=\"_blank\" rel=\"noreferrer noopener\">Lucas 10:13<\/a>:<\/p>\n\n\n\n<blockquote class=\"wp-block-quote is-layout-flow wp-block-quote-is-layout-flow\">\n<p class=\"\">\u00a1Ay de ti, Coraz\u00edn! \u00a1Ay de ti, Betsaida! Porque si en Tiro y en Sid\u00f3n se hubieran hecho los milagros que se han hecho entre ustedes, ya hace tiempo que se habr\u00edan vuelto a Dios, cubiertos de ropas \u00e1speras y sentados en ceniza.<\/p>\n<cite><meta charset=\"utf-8\">Luke 10:13<\/cite><\/blockquote>\n\n\n\n<p class=\"\">En muchas tradiciones religiosas, las cenizas significan la mortalidad de nuestros cuerpos humanos. G\u00e9nesis 3:19 nos dice, <\/p>\n\n\n\n<figure class=\"wp-block-pullquote\"><blockquote><p>Con el sudor de tu rostro<br> comer\u00e1s el pan<br>hasta que vuelvas a la tierra,<br> porque de ella fuiste tomado;<br>polvo eres,<br> y al polvo volver\u00e1s.<\/p><cite>G\u00e9nesis 3, 19<\/cite><\/blockquote><\/figure>\n\n\n\n<p class=\"lent-embed\">En la Iglesia cristiana primitiva, la <a href=\"https:\/\/hallow.com\/es\/blog\/como-confesarse-el-sacramento-de-la-penitencia-reconciliacion\/\">penitencia<\/a> p\u00fablica para las personas que hab\u00edan pecado inclu\u00eda vestirse con ceniza y cilicio. A medida que la Iglesia crec\u00eda y evolucionaba, esta pr\u00e1ctica disminuy\u00f3. <\/p>\n\n\n\n<p class=\"\">Esta larga tradici\u00f3n -de reconocernos externamente pecadores en busca de<a href=\"http:\/\/faith.nd.edu\/s\/1210\/faith\/interior.aspx?sid=1210&amp;gid=609&amp;calcid=53508&amp;calpgid=61&amp;pgid=13299&amp;crid=0\" target=\"_blank\" rel=\"noreferrer noopener\">una renovaci\u00f3n<\/a> con Dios <meta charset=\"utf-8\"> &#8211; se transform\u00f3 finalmente en lo que hoy conocemos como Mi\u00e9rcoles de Ceniza, el primer d\u00eda de Cuaresma. <\/p>\n\n\n\n<h3 class=\"wp-block-heading\" id=\"h-es-el-miercoles-de-ceniza-un-dia-de-precepto-catolico-en-2026\">\u00bfEs el Mi\u00e9rcoles de Ceniza un d\u00eda de precepto cat\u00f3lico en 2026?<\/h3>\n\n\n\n<p class=\"\">El Mi\u00e9rcoles de Ceniza <em>no<\/em> es un <a href=\"https:\/\/www.usccb.org\/beliefs-and-teachings\/what-we-believe\/canon-law\/complementary-norms\/canon-1246\" target=\"_blank\" rel=\"noreferrer noopener\">D\u00eda de Obligaci\u00f3n<\/a> para los cat\u00f3licos romanos, pero recibir la ceniza es una pr\u00e1ctica universal entre los cristianos para comenzar su camino cuaresmal. La mayor\u00eda de las parroquias cat\u00f3licas ofrecen la misa del Mi\u00e9rcoles de Ceniza y, en algunos lugares, es posible recibir la ceniza sin asistir a misa. <\/p>\n\n\n\n<h3 class=\"wp-block-heading\">\u00bfEs necesario ser cat\u00f3lico para recibir la ceniza?<\/h3>\n\n\n\n<p id=\"date\" class=\"\">No es necesario ser cat\u00f3lico para recibir la ceniza el Mi\u00e9rcoles de Ceniza. Varias otras tradiciones dentro del cristianismo tambi\u00e9n comparten este acto de arrepentimiento. <\/p>\n\n\n\n<p class=\"\"><strong>VER M\u00c1S: <\/strong><a href=\"https:\/\/hallow.com\/2021\/02\/15\/ashtag2021\/\">Ashtags: Cenizas digitales<\/a><\/p>\n\n\n\n<h2 class=\"wp-block-heading\" id=\"h-cuando-es-el-miercoles-de-ceniza-en-2026\">\u00bfCu\u00e1ndo es el Mi\u00e9rcoles de Ceniza en 2026?<\/h2>\n\n\n\n<p id=\"importance\" class=\"\">Este a\u00f1o, el Mi\u00e9rcoles de Ceniza cae el 18 de febrero de 2026. <strong>VER M\u00c1S:<\/strong> <a href=\"https:\/\/hallow.com\/es\/blog\/cuando-es-la-cuaresma\/\">\u00bfCu\u00e1ndo es Cuaresma en 2026?<\/a><\/p>\n\n\n\n<h2 class=\"wp-block-heading\">\u00bfPor qu\u00e9 es importante el Mi\u00e9rcoles de Ceniza? <\/h2>\n\n\n\n<p class=\"\">Como primer d\u00eda de Cuaresma, el Mi\u00e9rcoles de Ceniza nos despierta a la entrada de Jes\u00fas en el desierto que precedi\u00f3 a su muerte. Antes de la Pascua, sin embargo, debemos preparar nuestros corazones para su Resurrecci\u00f3n. <\/p>\n\n\n\n<p id=\"receiving-ashes\" class=\"\">Comenzamos nuestra temporada de preparaci\u00f3n de nuestros corazones para la Pascua reconociendo nuestro quebrantamiento y necesidad de <a href=\"http:\/\/faith.nd.edu\/s\/1210\/faith\/interior.aspx?sid=1210&amp;gid=609&amp;calcid=53508&amp;calpgid=61&amp;pgid=13299&amp;crid=0\" target=\"_blank\" rel=\"noreferrer noopener\">conversi\u00f3n, <\/a>un giro de nuestros corazones hacia Dios. <\/p>\n\n\n\n<h2 class=\"wp-block-heading\">Recibir la ceniza el Mi\u00e9rcoles de Ceniza<\/h2>\n\n\n<div class=\"wp-block-image\">\n<figure class=\"aligncenter size-full is-resized\"><img decoding=\"async\" width=\"900\" height=\"643\" data-src=\"https:\/\/hallow.com\/wp-content\/uploads\/2022\/01\/photo-1589395937646-cc70671eca60.jpeg\" alt=\"\" class=\"wp-image-11185 lazyload\" style=\"--smush-placeholder-width: 900px; --smush-placeholder-aspect-ratio: 900\/643;width:675px;height:482px\" data-srcset=\"https:\/\/hallow.com\/wp-content\/uploads\/2022\/01\/photo-1589395937646-cc70671eca60.jpeg 900w, https:\/\/hallow.com\/wp-content\/uploads\/2022\/01\/photo-1589395937646-cc70671eca60-500x357.jpeg 500w, https:\/\/hallow.com\/wp-content\/uploads\/2022\/01\/photo-1589395937646-cc70671eca60-768x549.jpeg 768w, https:\/\/hallow.com\/wp-content\/uploads\/2022\/01\/photo-1589395937646-cc70671eca60-610x436.jpeg 610w\" data-sizes=\"(max-width: 900px) 100vw, 900px\" src=\"data:image\/svg+xml;base64,PHN2ZyB3aWR0aD0iMSIgaGVpZ2h0PSIxIiB4bWxucz0iaHR0cDovL3d3dy53My5vcmcvMjAwMC9zdmciPjwvc3ZnPg==\" \/><\/figure><\/div>\n\n\n<h3 class=\"wp-block-heading\">\u00bfDe d\u00f3nde proceden las cenizas?<\/h3>\n\n\n\n<p class=\"\">El <a href=\"https:\/\/hallow.com\/blog\/palm-sunday\/\">Domingo de Ramos<\/a> es el domingo anterior a la Pascua. Simboliza el regreso de Cristo a Jerusal\u00e9n tras pasar 40 d\u00edas en el desierto. En la tradici\u00f3n cat\u00f3lica, recibimos hojas de palma, que han sido bendecidas, para sujetarlas durante la misa y llevarlas a casa. Las palmas sobrantes del Domingo de Ramos se queman y se guardan para el siguiente tiempo de Cuaresma. As\u00ed pues, las cenizas de este a\u00f1o proceden de las palmas del Domingo de Ramos de 2024.<\/p>\n\n\n\n<h3 class=\"wp-block-heading\">\u00bfAd\u00f3nde van las cenizas?<\/h3>\n\n\n\n<p class=\"\">Es t\u00edpico recibir la ceniza en la frente en la Se\u00f1al de la Cruz. Al igual que cuando se comulga en misa, se suele ir hacia el altar para recibir la ceniza. El sacerdote har\u00e1 la Se\u00f1al de la Cruz y dir\u00e1 una de dos cosas:<\/p>\n\n\n\n<ul class=\"wp-block-list\">\n<li>\u00abRecuerda que eres polvo y en polvo te convertir\u00e1s\u00bb.<\/li>\n\n\n\n<li>\u00abArrepent\u00edos y creed en el Evangelio\u00bb.<\/li>\n<\/ul>\n\n\n\n<h3 class=\"wp-block-heading\">\u00bfQu\u00e9 simbolizan las cenizas?<\/h3>\n\n\n\n<p class=\"\">Las cenizas simbolizan nuestra mortalidad. Son un recordatorio f\u00edsico de que nuestros cuerpos se pudrir\u00e1n, pero nuestras almas vivir\u00e1n en la vida eterna. <\/p>\n\n\n\n<p class=\"\">El Padre Antony Kadavil <a href=\"https:\/\/www.vaticannews.va\/en\/church\/news\/2018-02\/ash-wednesday-commentary.html\" target=\"_blank\" rel=\"noreferrer noopener\">reflexiona<\/a> adem\u00e1s sobre el s\u00edmbolo de la cruz de ceniza en la frente, <\/p>\n\n\n\n<blockquote class=\"wp-block-quote is-layout-flow wp-block-quote-is-layout-flow\" id=\"fasting-rules\">\n<p class=\"\">La cruz de ceniza significa que nos comprometemos, que emprendemos la Cuaresma como un tiempo de oraci\u00f3n y penitencia, de muerte a nosotros mismos. Tambi\u00e9n describe nuestra condici\u00f3n humana: dice que estamos rotos y necesitamos reparaci\u00f3n; que somos pecadores y necesitamos redenci\u00f3n. Y lo que es m\u00e1s importante, nos dice que, como seguidores de Jesucristo, debemos llevar nuestras cruces.<\/p>\n<cite><meta charset=\"utf-8\">Fr. Antony Kadavil<\/cite><\/blockquote>\n\n\n\n<h3 class=\"wp-block-heading\"><strong>D\u00f3nde conseguir cenizas cerca <\/strong><\/h3>\n\n\n\n<p class=\"\">La mayor\u00eda de las iglesias cat\u00f3licas ampliar\u00e1n su horario lit\u00fargico el Mi\u00e9rcoles de Ceniza. Hay muchas opciones para encontrar ceniza el Mi\u00e9rcoles de Ceniza.<\/p>\n\n\n\n<p class=\"\">Hallow tiene un desglose completo de <a href=\"https:\/\/hallow.com\/blog\/where-to-get-ashes-on-ash-wednesday\/\">d\u00f3nde conseguir ceniza<\/a> para el Mi\u00e9rcoles de Ceniza en 2026.<\/p>\n\n\n\n<div class=\"wp-block-buttons is-horizontal is-content-justification-center is-layout-flex wp-container-core-buttons-is-layout-2 wp-block-buttons-is-layout-flex\">\n<div class=\"wp-block-button\"><a class=\"wp-block-button__link wp-element-button\" href=\"https:\/\/hallow.app.link\/ashwednesdayblog\">Reza m\u00e1s. Encuentra la paz. Ten Hallow.<\/a><\/div>\n<\/div>\n\n\n\n<h2 class=\"wp-block-heading\">Ayuno del Mi\u00e9rcoles de Ceniza<\/h2>\n\n\n\n<p class=\"\">S\u00f3lo hay dos d\u00edas obligatorios de ayuno y abstinencia en la Iglesia cat\u00f3lica: El Mi\u00e9rcoles de Ceniza y el Viernes Santo. <\/p>\n\n\n\n<p class=\"\">Los cat\u00f3licos tambi\u00e9n deben abstenerse de comer carne todos los viernes de Cuaresma. <\/p>\n\n\n\n<p class=\"\"><strong>VER TAMBI\u00c9N:<\/strong> A <a href=\"https:\/\/hallow.com\/es\/blog\/lent-prayers\/\">qu\u00e9 renunciar en Cuaresma<\/a> | <a href=\"https:\/\/hallow.com\/es\/blog\/reglas-de-ayuno-de-cuaresma\/\">Reglas del ayuno de Cuaresma<\/a><\/p>\n\n\n\n<h3 class=\"wp-block-heading\">\u00bfPor qu\u00e9 ayunan los cat\u00f3licos el Mi\u00e9rcoles de Ceniza?<\/h3>\n\n\n\n<p class=\"\">El ayuno es un signo de arrepentimiento y nos ayuda a encarnar nuestra hambre espiritual de Cristo, que ayun\u00f3 en el desierto durante cuarenta d\u00edas antes de su muerte y resurrecci\u00f3n. <\/p>\n\n\n\n<h3 class=\"wp-block-heading\">Edad requerida<\/h3>\n\n\n\n<p class=\"\">La Iglesia cat\u00f3lica <a href=\"https:\/\/www.usccb.org\/prayer-and-worship\/liturgical-year-and-calendar\/lent\/catholic-information-on-lenten-fast-and-abstinence\" target=\"_blank\" rel=\"noreferrer noopener\">exige<\/a> a sus fieles de 18 a 59 a\u00f1os que ayunen el Mi\u00e9rcoles de Ceniza. La obligaci\u00f3n de abstenerse de comer carne se aplica a los mayores de 14 a\u00f1os. <\/p>\n\n\n\n<h3 class=\"wp-block-heading\">Comidas <\/h3>\n\n\n\n<p id=\"observance\" class=\"\">El ayuno permite una comida completa y dos comidas m\u00e1s peque\u00f1as (que combinadas no equivalen a una comida completa), con la expectativa de abstenerse de comer carne el Mi\u00e9rcoles de Ceniza. Existen exenciones para las personas con necesidades f\u00edsicas especiales.<\/p>\n\n\n\n<p id=\"prayers\" class=\"\">En determinadas situaciones, los obispos pueden ofrecer una dispensa formal que permita a los cat\u00f3licos comer carne. Esto <a href=\"https:\/\/www.nj.com\/coronavirus\/2020\/03\/catholics-can-eat-meat-during-lent-nj-bishop-says-were-sacrificing-enough-for-coronavirus.html\">ocurri\u00f3<\/a> en algunas di\u00f3cesis durante el brote inicial de Covid-19.<\/p>\n\n\n\n<h2 class=\"wp-block-heading\">Oraciones del Mi\u00e9rcoles de Ceniza<\/h2>\n\n\n\n<p class=\"\">El Mi\u00e9rcoles de Ceniza, primer d\u00eda de Cuaresma, es un buen momento para renovar el compromiso con la oraci\u00f3n.<\/p>\n\n\n\n<p class=\"\">Las oraciones del Mi\u00e9rcoles de Ceniza pueden incluir <a href=\"https:\/\/hallow.com\/es\/blog\/como-rezar-el-rosario-guia-para-el-rezo-del-rosario\/\">el rezo del rosario<\/a>, la <a href=\"https:\/\/hallow.com\/blog\/how-to-pray-lectio-divina\/\">Lectio Divina<\/a> o comenzar con las <a href=\"https:\/\/hallow.com\/es\/blog\/lent-prayers\/\">oraciones de Cuaresma<\/a> para 2026.<\/p>\n\n\n\n<h2 class=\"wp-block-heading\">\u00bfDe qu\u00e9 otra forma puedo celebrar el Mi\u00e9rcoles de Ceniza?<\/h2>\n\n\n\n<p class=\"\">Adem\u00e1s de ayunar y asistir a misa (o a un servicio en el que se distribuya ceniza), puede reconocer el Mi\u00e9rcoles de Ceniza mediante la oraci\u00f3n y la limosna, los otros dos pilares de la observancia de la Cuaresma.<\/p>\n\n\n\n<p class=\"\">En la oraci\u00f3n, considera escuchar el Evangelio diario o dedicarte a la Escritura espiritual para discernir en qu\u00e9 te gustar\u00eda centrarte en tu relaci\u00f3n con Cristo esta Cuaresma. Si no est\u00e1s seguro de por d\u00f3nde empezar, en Hallow te guiamos a trav\u00e9s de estos dos m\u00e9todos de oraci\u00f3n, adem\u00e1s de muchos otros.<\/p>\n\n\n\n<hr class=\"wp-block-separator has-css-opacity\"\/>\n","protected":false},"excerpt":{"rendered":"<p>Mi\u00e9rcoles de Ceniza de 2026: El inicio del tiempo de Cuaresma La Cuaresma viene providencialmente a despertarnos, a sacudirnos de nuestro letargo. Papa Francisco \u00cdndice \u00bfQu\u00e9 es el Mi\u00e9rcoles de Ceniza? En 2026, como todos los a\u00f1os, el Mi\u00e9rcoles de Ceniza es el primer d\u00eda del tiempo lit\u00fargico de Cuaresma. Siempre cae seis semanas y &hellip; <a href=\"https:\/\/hallow.com\/es\/blog\/miercoles-de-ceniza\/\">Continued<\/a><\/p>\n","protected":false},"author":18,"featured_media":17038,"comment_status":"closed","ping_status":"closed","sticky":false,"template":"","format":"standard","meta":{"_acf_changed":false,"_et_pb_use_builder":"","_et_pb_old_content":"","_et_gb_content_width":"","inline_featured_image":false,"footnotes":""},"categories":[124,149],"tags":[179],"class_list":["post-50655","post","type-post","status-publish","format-standard","has-post-thumbnail","hentry","category-sin-categorizar","category-vida-de-oracion","tag-cuaresma"],"acf":[],"yoast_head":"<!-- This site is optimized with the Yoast SEO Premium plugin v24.3 (Yoast SEO v25.6) - https:\/\/yoast.com\/wordpress\/plugins\/seo\/ -->\n<title>Mi\u00e9rcoles de Ceniza 2026 - Cu\u00e1ndo es el Mi\u00e9rcoles de Ceniza + Gu\u00eda completa | Hallow App<\/title>\n<meta name=\"description\" content=\"El Mi\u00e9rcoles de Ceniza es el primer d\u00eda de Cuaresma. Es el comienzo de una temporada de arrepentimiento, ayuno y espera de la Resurrecci\u00f3n de Cristo.\" \/>\n<meta name=\"robots\" content=\"index, follow, max-snippet:-1, max-image-preview:large, max-video-preview:-1\" \/>\n<link rel=\"canonical\" href=\"https:\/\/hallow.com\/es\/blog\/miercoles-de-ceniza\/\" \/>\n<meta property=\"og:locale\" content=\"es_ES\" \/>\n<meta property=\"og:type\" content=\"article\" \/>\n<meta property=\"og:title\" content=\"Mi\u00e9rcoles de Ceniza 2026 - Primer d\u00eda de Cuaresma\" \/>\n<meta property=\"og:description\" content=\"El Mi\u00e9rcoles de Ceniza es el primer d\u00eda de Cuaresma. Es el comienzo de una temporada de arrepentimiento, ayuno y espera de la Resurrecci\u00f3n de Cristo.\" \/>\n<meta property=\"og:url\" content=\"https:\/\/hallow.com\/es\/blog\/miercoles-de-ceniza\/\" \/>\n<meta property=\"og:site_name\" content=\"Hallow\" \/>\n<meta property=\"article:publisher\" content=\"https:\/\/facebook.com\/hallowapp\" \/>\n<meta property=\"article:published_time\" content=\"2026-02-02T06:08:00+00:00\" \/>\n<meta property=\"og:image\" content=\"https:\/\/hallow.com\/wp-content\/uploads\/2022\/02\/Email-Header-600-x-600.png\" \/>\n\t<meta property=\"og:image:width\" content=\"600\" \/>\n\t<meta property=\"og:image:height\" content=\"600\" \/>\n\t<meta property=\"og:image:type\" content=\"image\/png\" \/>\n<meta name=\"author\" content=\"Cate Von Dohlen\" \/>\n<meta name=\"twitter:card\" content=\"summary_large_image\" \/>\n<meta name=\"twitter:creator\" content=\"@hallowapp\" \/>\n<meta name=\"twitter:site\" content=\"@hallowapp\" \/>\n<script type=\"application\/ld+json\" class=\"yoast-schema-graph\">{\"@context\":\"https:\/\/schema.org\",\"@graph\":[{\"@type\":\"Article\",\"@id\":\"https:\/\/hallow.com\/es\/blog\/miercoles-de-ceniza\/#article\",\"isPartOf\":{\"@id\":\"https:\/\/hallow.com\/es\/blog\/miercoles-de-ceniza\/\"},\"author\":{\"name\":\"Cate Von Dohlen\",\"@id\":\"https:\/\/hallow.com\/es\/#\/schema\/person\/7342007ff4d569b8fa9ffff9855113ae\"},\"headline\":\"Mi\u00e9rcoles de Ceniza 2026 &#8211; Primer d\u00eda de Cuaresma\",\"datePublished\":\"2026-02-02T06:08:00+00:00\",\"mainEntityOfPage\":{\"@id\":\"https:\/\/hallow.com\/es\/blog\/miercoles-de-ceniza\/\"},\"wordCount\":1419,\"publisher\":{\"@id\":\"https:\/\/hallow.com\/es\/#organization\"},\"image\":{\"@id\":\"https:\/\/hallow.com\/es\/blog\/miercoles-de-ceniza\/#primaryimage\"},\"thumbnailUrl\":\"https:\/\/hallow.com\/wp-content\/uploads\/2022\/02\/Email-Header-600-x-600.png\",\"keywords\":[\"cuaresma\"],\"articleSection\":[\"Sin categorizar\",\"Vida de oraci\u00f3n\"],\"inLanguage\":\"es\"},{\"@type\":\"WebPage\",\"@id\":\"https:\/\/hallow.com\/es\/blog\/miercoles-de-ceniza\/\",\"url\":\"https:\/\/hallow.com\/es\/blog\/miercoles-de-ceniza\/\",\"name\":\"Mi\u00e9rcoles de Ceniza 2026 - Cu\u00e1ndo es el Mi\u00e9rcoles de Ceniza + Gu\u00eda completa | Hallow App\",\"isPartOf\":{\"@id\":\"https:\/\/hallow.com\/es\/#website\"},\"primaryImageOfPage\":{\"@id\":\"https:\/\/hallow.com\/es\/blog\/miercoles-de-ceniza\/#primaryimage\"},\"image\":{\"@id\":\"https:\/\/hallow.com\/es\/blog\/miercoles-de-ceniza\/#primaryimage\"},\"thumbnailUrl\":\"https:\/\/hallow.com\/wp-content\/uploads\/2022\/02\/Email-Header-600-x-600.png\",\"datePublished\":\"2026-02-02T06:08:00+00:00\",\"description\":\"El Mi\u00e9rcoles de Ceniza es el primer d\u00eda de Cuaresma. Es el comienzo de una temporada de arrepentimiento, ayuno y espera de la Resurrecci\u00f3n de Cristo.\",\"breadcrumb\":{\"@id\":\"https:\/\/hallow.com\/es\/blog\/miercoles-de-ceniza\/#breadcrumb\"},\"inLanguage\":\"es\",\"potentialAction\":[{\"@type\":\"ReadAction\",\"target\":[\"https:\/\/hallow.com\/es\/blog\/miercoles-de-ceniza\/\"]}]},{\"@type\":\"ImageObject\",\"inLanguage\":\"es\",\"@id\":\"https:\/\/hallow.com\/es\/blog\/miercoles-de-ceniza\/#primaryimage\",\"url\":\"https:\/\/hallow.com\/wp-content\/uploads\/2022\/02\/Email-Header-600-x-600.png\",\"contentUrl\":\"https:\/\/hallow.com\/wp-content\/uploads\/2022\/02\/Email-Header-600-x-600.png\",\"width\":600,\"height\":600,\"caption\":\"Ash Wednesday Catholic Ashes\"},{\"@type\":\"BreadcrumbList\",\"@id\":\"https:\/\/hallow.com\/es\/blog\/miercoles-de-ceniza\/#breadcrumb\",\"itemListElement\":[{\"@type\":\"ListItem\",\"position\":1,\"name\":\"Home\",\"item\":\"https:\/\/hallow.com\/es\/\"},{\"@type\":\"ListItem\",\"position\":2,\"name\":\"Mi\u00e9rcoles de Ceniza 2026 &#8211; Primer d\u00eda de Cuaresma\"}]},{\"@type\":\"WebSite\",\"@id\":\"https:\/\/hallow.com\/es\/#website\",\"url\":\"https:\/\/hallow.com\/es\/\",\"name\":\"Hallow\",\"description\":\"Catholic Prayer and Meditation App\",\"publisher\":{\"@id\":\"https:\/\/hallow.com\/es\/#organization\"},\"potentialAction\":[{\"@type\":\"SearchAction\",\"target\":{\"@type\":\"EntryPoint\",\"urlTemplate\":\"https:\/\/hallow.com\/es\/?s={search_term_string}\"},\"query-input\":{\"@type\":\"PropertyValueSpecification\",\"valueRequired\":true,\"valueName\":\"search_term_string\"}}],\"inLanguage\":\"es\"},{\"@type\":\"Organization\",\"@id\":\"https:\/\/hallow.com\/es\/#organization\",\"name\":\"Hallow\",\"url\":\"https:\/\/hallow.com\/es\/\",\"logo\":{\"@type\":\"ImageObject\",\"inLanguage\":\"es\",\"@id\":\"https:\/\/hallow.com\/es\/#\/schema\/logo\/image\/\",\"url\":\"https:\/\/hallow.com\/wp-content\/uploads\/2019\/04\/Purple-Logo.png\",\"contentUrl\":\"https:\/\/hallow.com\/wp-content\/uploads\/2019\/04\/Purple-Logo.png\",\"width\":1470,\"height\":292,\"caption\":\"Hallow\"},\"image\":{\"@id\":\"https:\/\/hallow.com\/es\/#\/schema\/logo\/image\/\"},\"sameAs\":[\"https:\/\/facebook.com\/hallowapp\",\"https:\/\/x.com\/hallowapp\",\"https:\/\/instagram.com\/hallowapp\"]},{\"@type\":\"Person\",\"@id\":\"https:\/\/hallow.com\/es\/#\/schema\/person\/7342007ff4d569b8fa9ffff9855113ae\",\"name\":\"Cate Von Dohlen\"}]}<\/script>\n<!-- \/ Yoast SEO Premium plugin. -->","yoast_head_json":{"title":"Mi\u00e9rcoles de Ceniza 2026 - Cu\u00e1ndo es el Mi\u00e9rcoles de Ceniza + Gu\u00eda completa | Hallow App","description":"El Mi\u00e9rcoles de Ceniza es el primer d\u00eda de Cuaresma. Es el comienzo de una temporada de arrepentimiento, ayuno y espera de la Resurrecci\u00f3n de Cristo.","robots":{"index":"index","follow":"follow","max-snippet":"max-snippet:-1","max-image-preview":"max-image-preview:large","max-video-preview":"max-video-preview:-1"},"canonical":"https:\/\/hallow.com\/es\/blog\/miercoles-de-ceniza\/","og_locale":"es_ES","og_type":"article","og_title":"Mi\u00e9rcoles de Ceniza 2026 - Primer d\u00eda de Cuaresma","og_description":"El Mi\u00e9rcoles de Ceniza es el primer d\u00eda de Cuaresma. Es el comienzo de una temporada de arrepentimiento, ayuno y espera de la Resurrecci\u00f3n de Cristo.","og_url":"https:\/\/hallow.com\/es\/blog\/miercoles-de-ceniza\/","og_site_name":"Hallow","article_publisher":"https:\/\/facebook.com\/hallowapp","article_published_time":"2026-02-02T06:08:00+00:00","og_image":[{"width":600,"height":600,"url":"https:\/\/hallow.com\/wp-content\/uploads\/2022\/02\/Email-Header-600-x-600.png","type":"image\/png"}],"author":"Cate Von Dohlen","twitter_card":"summary_large_image","twitter_creator":"@hallowapp","twitter_site":"@hallowapp","schema":{"@context":"https:\/\/schema.org","@graph":[{"@type":"Article","@id":"https:\/\/hallow.com\/es\/blog\/miercoles-de-ceniza\/#article","isPartOf":{"@id":"https:\/\/hallow.com\/es\/blog\/miercoles-de-ceniza\/"},"author":{"name":"Cate Von Dohlen","@id":"https:\/\/hallow.com\/es\/#\/schema\/person\/7342007ff4d569b8fa9ffff9855113ae"},"headline":"Mi\u00e9rcoles de Ceniza 2026 &#8211; Primer d\u00eda de Cuaresma","datePublished":"2026-02-02T06:08:00+00:00","mainEntityOfPage":{"@id":"https:\/\/hallow.com\/es\/blog\/miercoles-de-ceniza\/"},"wordCount":1419,"publisher":{"@id":"https:\/\/hallow.com\/es\/#organization"},"image":{"@id":"https:\/\/hallow.com\/es\/blog\/miercoles-de-ceniza\/#primaryimage"},"thumbnailUrl":"https:\/\/hallow.com\/wp-content\/uploads\/2022\/02\/Email-Header-600-x-600.png","keywords":["cuaresma"],"articleSection":["Sin categorizar","Vida de oraci\u00f3n"],"inLanguage":"es"},{"@type":"WebPage","@id":"https:\/\/hallow.com\/es\/blog\/miercoles-de-ceniza\/","url":"https:\/\/hallow.com\/es\/blog\/miercoles-de-ceniza\/","name":"Mi\u00e9rcoles de Ceniza 2026 - Cu\u00e1ndo es el Mi\u00e9rcoles de Ceniza + Gu\u00eda completa | Hallow App","isPartOf":{"@id":"https:\/\/hallow.com\/es\/#website"},"primaryImageOfPage":{"@id":"https:\/\/hallow.com\/es\/blog\/miercoles-de-ceniza\/#primaryimage"},"image":{"@id":"https:\/\/hallow.com\/es\/blog\/miercoles-de-ceniza\/#primaryimage"},"thumbnailUrl":"https:\/\/hallow.com\/wp-content\/uploads\/2022\/02\/Email-Header-600-x-600.png","datePublished":"2026-02-02T06:08:00+00:00","description":"El Mi\u00e9rcoles de Ceniza es el primer d\u00eda de Cuaresma. Es el comienzo de una temporada de arrepentimiento, ayuno y espera de la Resurrecci\u00f3n de Cristo.","breadcrumb":{"@id":"https:\/\/hallow.com\/es\/blog\/miercoles-de-ceniza\/#breadcrumb"},"inLanguage":"es","potentialAction":[{"@type":"ReadAction","target":["https:\/\/hallow.com\/es\/blog\/miercoles-de-ceniza\/"]}]},{"@type":"ImageObject","inLanguage":"es","@id":"https:\/\/hallow.com\/es\/blog\/miercoles-de-ceniza\/#primaryimage","url":"https:\/\/hallow.com\/wp-content\/uploads\/2022\/02\/Email-Header-600-x-600.png","contentUrl":"https:\/\/hallow.com\/wp-content\/uploads\/2022\/02\/Email-Header-600-x-600.png","width":600,"height":600,"caption":"Ash Wednesday Catholic Ashes"},{"@type":"BreadcrumbList","@id":"https:\/\/hallow.com\/es\/blog\/miercoles-de-ceniza\/#breadcrumb","itemListElement":[{"@type":"ListItem","position":1,"name":"Home","item":"https:\/\/hallow.com\/es\/"},{"@type":"ListItem","position":2,"name":"Mi\u00e9rcoles de Ceniza 2026 &#8211; Primer d\u00eda de Cuaresma"}]},{"@type":"WebSite","@id":"https:\/\/hallow.com\/es\/#website","url":"https:\/\/hallow.com\/es\/","name":"Hallow","description":"Catholic Prayer and Meditation App","publisher":{"@id":"https:\/\/hallow.com\/es\/#organization"},"potentialAction":[{"@type":"SearchAction","target":{"@type":"EntryPoint","urlTemplate":"https:\/\/hallow.com\/es\/?s={search_term_string}"},"query-input":{"@type":"PropertyValueSpecification","valueRequired":true,"valueName":"search_term_string"}}],"inLanguage":"es"},{"@type":"Organization","@id":"https:\/\/hallow.com\/es\/#organization","name":"Hallow","url":"https:\/\/hallow.com\/es\/","logo":{"@type":"ImageObject","inLanguage":"es","@id":"https:\/\/hallow.com\/es\/#\/schema\/logo\/image\/","url":"https:\/\/hallow.com\/wp-content\/uploads\/2019\/04\/Purple-Logo.png","contentUrl":"https:\/\/hallow.com\/wp-content\/uploads\/2019\/04\/Purple-Logo.png","width":1470,"height":292,"caption":"Hallow"},"image":{"@id":"https:\/\/hallow.com\/es\/#\/schema\/logo\/image\/"},"sameAs":["https:\/\/facebook.com\/hallowapp","https:\/\/x.com\/hallowapp","https:\/\/instagram.com\/hallowapp"]},{"@type":"Person","@id":"https:\/\/hallow.com\/es\/#\/schema\/person\/7342007ff4d569b8fa9ffff9855113ae","name":"Cate Von Dohlen"}]}},"_links":{"self":[{"href":"https:\/\/hallow.com\/es\/wp-json\/wp\/v2\/posts\/50655"}],"collection":[{"href":"https:\/\/hallow.com\/es\/wp-json\/wp\/v2\/posts"}],"about":[{"href":"https:\/\/hallow.com\/es\/wp-json\/wp\/v2\/types\/post"}],"author":[{"embeddable":true,"href":"https:\/\/hallow.com\/es\/wp-json\/wp\/v2\/users\/18"}],"replies":[{"embeddable":true,"href":"https:\/\/hallow.com\/es\/wp-json\/wp\/v2\/comments?post=50655"}],"version-history":[{"count":7,"href":"https:\/\/hallow.com\/es\/wp-json\/wp\/v2\/posts\/50655\/revisions"}],"predecessor-version":[{"id":104869,"href":"https:\/\/hallow.com\/es\/wp-json\/wp\/v2\/posts\/50655\/revisions\/104869"}],"wp:featuredmedia":[{"embeddable":true,"href":"https:\/\/hallow.com\/es\/wp-json\/wp\/v2\/media\/17038"}],"wp:attachment":[{"href":"https:\/\/hallow.com\/es\/wp-json\/wp\/v2\/media?parent=50655"}],"wp:term":[{"taxonomy":"category","embeddable":true,"href":"https:\/\/hallow.com\/es\/wp-json\/wp\/v2\/categories?post=50655"},{"taxonomy":"post_tag","embeddable":true,"href":"https:\/\/hallow.com\/es\/wp-json\/wp\/v2\/tags?post=50655"}],"curies":[{"name":"wp","href":"https:\/\/api.w.org\/{rel}","templated":true}]}}