{"id":66915,"date":"2021-05-31T16:18:17","date_gmt":"2021-05-31T16:18:17","guid":{"rendered":"https:\/\/hallow.com\/?p=66915"},"modified":"2024-09-18T18:01:09","modified_gmt":"2024-09-18T18:01:09","slug":"mes-de-la-concienciacion-sobre-la-salud-mental-de-la-comunidad-y-la-familia","status":"publish","type":"post","link":"https:\/\/hallow.com\/es\/blog\/mes-de-la-concienciacion-sobre-la-salud-mental-de-la-comunidad-y-la-familia\/","title":{"rendered":"Oraciones de la Comunidad y la Familia por el Mes de la Concientizaci\u00f3n sobre la Salud Mental"},"content":{"rendered":"\n<p class=\"\">Mayo es <a href=\"https:\/\/www.mhanational.org\/mental-health-month\">el Mes de la Concientizaci\u00f3n sobre la Salud Mental<\/a>, una iniciativa que comenz\u00f3 hace m\u00e1s de 60 a\u00f1os por iniciativa de <a href=\"https:\/\/www.mhanational.org\/\">Mental Health America<\/a>. El tema de este a\u00f1o es \u00abTools2Thrive\u00bb (Herramientas para prosperar), por lo que nos entusiasma <a href=\"https:\/\/hallow.com\/blog\/mental-health-awareness-month\/\">compartir cada semana sugerencias<\/a> de distintos tipos de oraci\u00f3n que pueden apoyar una pr\u00e1ctica espiritual s\u00f3lida <em>y<\/em> un estado mental saludable.  <\/p>\n\n<p class=\"\">(Consulta nuestras entradas anteriores sobre <a href=\"https:\/\/hallow.com\/blog\/drawing-comfort-from-scripture-mental-health-awareness-month-2021\/\" target=\"_blank\" rel=\"noreferrer noopener\">la Lectio Divina<\/a>, <a href=\"https:\/\/hallow.com\/blog\/praying-with-saints-mental-health-awareness-month-2021\/\" target=\"_blank\" rel=\"noreferrer noopener\">Rezar con los Santos<\/a> y <a href=\"https:\/\/hallow.com\/blog\/the-examen-mental-health-awareness-month-2021\/\" target=\"_blank\" rel=\"noreferrer noopener\">El Examen<\/a>).<\/p>\n\n<p class=\"\">Hoy compartimos algunos recursos para la <strong>oraci\u00f3n comunitaria y familiar.<\/strong> A medida que nos adentramos en el verano, sabemos que muchas personas pasar\u00e1n un merecido tiempo de relax con sus amigos y familiares. Esta energ\u00eda comunitaria puede ser igual de beneficiosa para nuestra vida de oraci\u00f3n. <\/p>\n\n<p class=\"\">Creemos que la oraci\u00f3n ayuda a construir una s\u00f3lida relaci\u00f3n personal con Dios, <em>y <\/em>creemos que rezar con y por los dem\u00e1s es una pr\u00e1ctica importante que fortalece a las comunidades y ayuda a construir el Reino de Dios. Al fin y al cabo, todos somos un solo cuerpo en Cristo. <\/p>\n\n<p class=\"\">Desde el punto de vista de la salud mental, construir y mantener una comunidad fuerte es incre\u00edblemente importante. Mantener relaciones estrechas con quienes nos rodean nos ayuda a construir un sentimiento de pertenencia y prop\u00f3sito, y se ha relacionado con una mayor <a href=\"https:\/\/onlinelibrary.wiley.com\/doi\/abs\/10.1111\/pere.12187\">salud<\/a>, <a href=\"https:\/\/www.happify.com\/hd\/why-friends-make-us-happier\/\">felicidad<\/a> e incluso <a href=\"https:\/\/www.health.harvard.edu\/newsletter_article\/the-health-benefits-of-strong-relationships\">longevidad<\/a>. <\/p>\n\n<p class=\"\">En nuestra vida espiritual, la comunidad es igual de importante. Celebramos juntos los sacramentos porque queremos compartir la alegr\u00eda del matrimonio y del bautismo con nuestros compa\u00f1eros espirituales. Buscamos consuelo en los dem\u00e1s en momentos de dolor y sabemos que quienes nos rodean pueden haber experimentado algo parecido.   <\/p>\n\n<p class=\"\">En el relato de la creaci\u00f3n del G\u00e9nesis, Dios crea a Ad\u00e1n y a Eva porque los humanos son seres intr\u00ednsecamente sociales.<\/p>\n\n<blockquote class=\"wp-block-quote is-layout-flow wp-block-quote-is-layout-flow\">\n<p class=\"\"><em>El Se\u00f1or Dios dijo: No es bueno que el hombre est\u00e9 solo<\/em>.<\/p>\n<cite>G\u00e9nesis 2:18<\/cite><\/blockquote>\n\n<div class=\"wp-block-buttons wp-block-button is-style-fill is-horizontal is-content-justification-center is-layout-flex wp-container-core-buttons-is-layout-1 wp-block-buttons-is-layout-flex\">\n<div class=\"wp-block-button is-style-fill\"><a class=\"wp-block-button__link has-pale-purple-color has-hallow-purple-background-color has-text-color has-background wp-element-button\" href=\"https:\/\/hallow.onelink.me\/Q25Y\/mentalhealthblog\" target=\"_blank\" rel=\"noreferrer noopener\">Rezar con Hallow<\/a><\/div>\n<\/div>\n\n<hr class=\"wp-block-separator has-css-opacity\"\/>\n\n<p class=\"\">La aplicaci\u00f3n Hallow puede ser una herramienta importante para construir una pr\u00e1ctica de oraci\u00f3n personal, pero tambi\u00e9n tenemos varias herramientas dise\u00f1adas para construir una comunidad de oraci\u00f3n y unirnos.<\/p>\n\n<h3 class=\"wp-block-heading\"><strong><a href=\"https:\/\/hallow.app\/community\"><\/a><a href=\"https:\/\/hallow.app\/community\">Retos comunitarios<\/a><\/strong><\/h3>\n\n<p class=\"\">A lo largo del a\u00f1o, organizamos Desaf\u00edos Comunitarios que invitan a nuestros usuarios a rezar juntos un tipo concreto de oraci\u00f3n. Hace poco, rezamos juntos con Chika Anyanwu <a href=\"https:\/\/hallow.com\/content-landing\/\">la Novena del Esp\u00edritu Santo<\/a> para prepararnos para Pentecost\u00e9s. Ahora mismo, puedes <a href=\"https:\/\/hallow.com\/content-landing\/\">unirte a la Novena del Sagrado Coraz\u00f3n<\/a> con Jonathan Roumie. Los Desaf\u00edos Comunitarios nos unen como una sola Iglesia en la oraci\u00f3n.   <\/p>\n\n<h3 class=\"wp-block-heading\"><strong><a href=\"https:\/\/hallow.app\/groups\"><\/a><a href=\"https:\/\/hallow.app\/groups\">Grupos Familiares<\/a><\/strong><\/h3>\n\n<p class=\"\">\u00bfSab\u00edas que puedes crear tu propia familia o grupo en la aplicaci\u00f3n Hallow? Puedes invitar a tus amigos y familiares a unirse a ti en un espacio privado donde puedes compartir reflexiones sobre las sesiones y pedir oraciones a tu grupo. (Tambi\u00e9n puedes programar oraciones para que tu familia rece junta: s\u00f3lo tienes que seleccionar \u00abprogramar sesi\u00f3n\u00bb y luego elegir la hora y la Familia Hallow).  <\/p>\n\n<h3 class=\"wp-block-heading\"><strong><a href=\"https:\/\/hallow.app\/prayers\/7000\"><\/a><a href=\"https:\/\/hallow.app\/prayers\/7000\">Oraciones familiares<\/a><\/strong><\/h3>\n\n<p class=\"\">La aplicaci\u00f3n incluye tres oraciones dise\u00f1adas espec\u00edficamente para que las familias las recen juntas: por la ma\u00f1ana, durante la cena y por la noche. Cada una de ellas est\u00e1 pensada para rezarla juntos en voz alta, y tambi\u00e9n hemos incluido la posibilidad de discutirla despu\u00e9s. Crear el h\u00e1bito de rezar juntos puede fortalecer la relaci\u00f3n con tu familia y abrir la puerta a m\u00e1s debates y viajes en grupo. (Las oraciones familiares se encuentran en la aplicaci\u00f3n, en \u00abDiarios\u00bb).   <\/p>\n\n<h3 class=\"wp-block-heading\"><strong><strong><a href=\"mailto:community@hallow.app\"><\/a><a href=\"mailto:community@hallow.app\">Asociaciones Hallow<\/a><\/strong><\/strong><\/h3>\n\n<p class=\"\">Sabemos que hay muchas comunidades rezando juntas que utilizan Hallow y que se han unido m\u00e1s a trav\u00e9s de la oraci\u00f3n. Nos asociamos con escuelas, parroquias y otras comunidades para ayudarles a apoyar su vida de oraci\u00f3n con cuentas de Hallow, eventos, formaciones y mucho m\u00e1s. Estas asociaciones comunitarias son una parte importante de nuestra misi\u00f3n de que un mill\u00f3n de personas recen cada d\u00eda. (\u00bfTe interesa saber m\u00e1s? Ponte en contacto con nosotros en community@hallow.app o lee sobre nuestro <a href=\"https:\/\/hallow.com\/hallow-for-educators\/\">programa de Educadores<\/a> y <a href=\"http:\/\/hallow.com\/hallow-for-schools\">Asociaciones Escolares<\/a>).    <\/p>\n\n<hr class=\"wp-block-separator has-css-opacity\"\/>\n\n<p class=\"\">Est\u00e9s donde est\u00e9s en tu camino de oraci\u00f3n, y sea lo que sea lo que est\u00e9s atravesando en tu salud mental personal, creemos que quienes te rodean pueden ser una importante fuente de fortaleza, sabidur\u00eda e inspiraci\u00f3n. La familia Hallow siempre est\u00e1 aqu\u00ed para ti, y seguimos rezando por todos y cada uno de nuestros usuarios.  <\/p>\n\n<p class=\"\">\u00a1Esperamos que reces con nosotros!<\/p>\n\n<div class=\"wp-block-buttons is-horizontal is-content-justification-center is-layout-flex wp-container-core-buttons-is-layout-2 wp-block-buttons-is-layout-flex\">\n<div class=\"wp-block-button is-style-fill\"><a class=\"wp-block-button__link has-pale-purple-color has-hallow-purple-background-color has-text-color has-background wp-element-button\" href=\"https:\/\/hallow.onelink.me\/Q25Y\/mentalhealthblog\" target=\"_blank\" rel=\"noreferrer noopener\">Rezar con Hallow<\/a><\/div>\n<\/div>\n\n<hr class=\"wp-block-separator has-css-opacity\"\/>\n\n<p class=\"\"><em><strong>Nota: Aunque la oraci\u00f3n es una parte importante de una salud mental fuerte, no es una soluci\u00f3n independiente para las enfermedades mentales graves como la depresi\u00f3n, la adicci\u00f3n, la ansiedad grave, etc. Si padeces alguna de ellas, te instamos a que te pongas en contacto con un profesional de la salud mental de tu zona. <\/strong><\/em><\/p>\n<p>[et_bloom_inline optin_id=\u00bboptin_1&#8243;]<\/p>\n\n<p class=\"\"><\/p>\n","protected":false},"excerpt":{"rendered":"<p>Mayo es el Mes de la Concientizaci\u00f3n sobre la Salud Mental, una iniciativa que comenz\u00f3 hace m\u00e1s de 60 a\u00f1os por iniciativa de Mental Health America. El tema de este a\u00f1o es \u00abTools2Thrive\u00bb (Herramientas para prosperar), por lo que nos entusiasma compartir cada semana sugerencias de distintos tipos de oraci\u00f3n que pueden apoyar una pr\u00e1ctica &hellip; <a href=\"https:\/\/hallow.com\/es\/blog\/mes-de-la-concienciacion-sobre-la-salud-mental-de-la-comunidad-y-la-familia\/\">Continued<\/a><\/p>\n","protected":false},"author":16,"featured_media":15389,"comment_status":"open","ping_status":"open","sticky":false,"template":"","format":"standard","meta":{"_acf_changed":false,"_et_pb_use_builder":"","_et_pb_old_content":"","_et_gb_content_width":"","inline_featured_image":false,"footnotes":""},"categories":[417],"tags":[425,422,418,423,419,420,424,421,251],"class_list":["post-66915","post","type-post","status-publish","format-standard","has-post-thumbnail","hentry","category-salud-mental","tag-comunidad","tag-concientizacion-sobre-salud-mental","tag-examen-es","tag-herramientas","tag-lectio-divina-es","tag-oracion-en-familia","tag-oracion-en-grupo","tag-salud-mental","tag-santos-es-2"],"acf":[],"yoast_head":"<!-- This site is optimized with the Yoast SEO Premium plugin v24.3 (Yoast SEO v25.6) - https:\/\/yoast.com\/wordpress\/plugins\/seo\/ -->\n<title>Oraciones de la Comunidad y la Familia por el Mes de la Concientizaci\u00f3n sobre la Salud Mental &#8211; Hallow<\/title>\n<meta name=\"description\" content=\"\u00a1Hallow se enorgullece de apoyar el mes de la Concienciaci\u00f3n sobre la Salud Mental este mayo! Como parte de #Tools2Thrive, compartiremos recursos durante todo el mes de mayo.\" \/>\n<meta name=\"robots\" content=\"index, follow, max-snippet:-1, max-image-preview:large, max-video-preview:-1\" \/>\n<link rel=\"canonical\" href=\"https:\/\/hallow.com\/es\/blog\/mes-de-la-concienciacion-sobre-la-salud-mental-de-la-comunidad-y-la-familia\/\" \/>\n<meta property=\"og:locale\" content=\"es_ES\" \/>\n<meta property=\"og:type\" content=\"article\" \/>\n<meta property=\"og:title\" content=\"Oraciones de la Comunidad y la Familia por el Mes de la Concientizaci\u00f3n sobre la Salud Mental\" \/>\n<meta property=\"og:description\" content=\"\u00a1Hallow se enorgullece de apoyar el mes de la Concienciaci\u00f3n sobre la Salud Mental este mayo! Como parte de #Tools2Thrive, compartiremos recursos durante todo el mes de mayo.\" \/>\n<meta property=\"og:url\" content=\"https:\/\/hallow.com\/es\/blog\/mes-de-la-concienciacion-sobre-la-salud-mental-de-la-comunidad-y-la-familia\/\" \/>\n<meta property=\"og:site_name\" content=\"Hallow\" \/>\n<meta property=\"article:publisher\" content=\"https:\/\/facebook.com\/hallowapp\" \/>\n<meta property=\"article:published_time\" content=\"2021-05-31T16:18:17+00:00\" \/>\n<meta property=\"article:modified_time\" content=\"2024-09-18T18:01:09+00:00\" \/>\n<meta property=\"og:image\" content=\"https:\/\/hallow.com\/wp-content\/uploads\/2021\/05\/Community-and-Family-Prayer-Mental-Health-Awareness-Blog-Header-1.png\" \/>\n\t<meta property=\"og:image:width\" content=\"1340\" \/>\n\t<meta property=\"og:image:height\" content=\"800\" \/>\n\t<meta property=\"og:image:type\" content=\"image\/png\" \/>\n<meta name=\"author\" content=\"Megan Colford\" \/>\n<meta name=\"twitter:card\" content=\"summary_large_image\" \/>\n<meta name=\"twitter:creator\" content=\"@hallowapp\" \/>\n<meta name=\"twitter:site\" content=\"@hallowapp\" \/>\n<script type=\"application\/ld+json\" class=\"yoast-schema-graph\">{\"@context\":\"https:\/\/schema.org\",\"@graph\":[{\"@type\":\"Article\",\"@id\":\"https:\/\/hallow.com\/es\/blog\/mes-de-la-concienciacion-sobre-la-salud-mental-de-la-comunidad-y-la-familia\/#article\",\"isPartOf\":{\"@id\":\"https:\/\/hallow.com\/es\/blog\/mes-de-la-concienciacion-sobre-la-salud-mental-de-la-comunidad-y-la-familia\/\"},\"author\":{\"name\":\"Megan Colford\",\"@id\":\"https:\/\/hallow.com\/es\/#\/schema\/person\/5d52e9d6a35d2aeaaff470f5d3777d16\"},\"headline\":\"Oraciones de la Comunidad y la Familia por el Mes de la Concientizaci\u00f3n sobre la Salud Mental\",\"datePublished\":\"2021-05-31T16:18:17+00:00\",\"dateModified\":\"2024-09-18T18:01:09+00:00\",\"mainEntityOfPage\":{\"@id\":\"https:\/\/hallow.com\/es\/blog\/mes-de-la-concienciacion-sobre-la-salud-mental-de-la-comunidad-y-la-familia\/\"},\"wordCount\":857,\"commentCount\":0,\"publisher\":{\"@id\":\"https:\/\/hallow.com\/es\/#organization\"},\"image\":{\"@id\":\"https:\/\/hallow.com\/es\/blog\/mes-de-la-concienciacion-sobre-la-salud-mental-de-la-comunidad-y-la-familia\/#primaryimage\"},\"thumbnailUrl\":\"https:\/\/hallow.com\/wp-content\/uploads\/2021\/05\/Community-and-Family-Prayer-Mental-Health-Awareness-Blog-Header-1.png\",\"keywords\":[\"comunidad\",\"concientizaci\u00f3n sobre salud mental\",\"examen\",\"herramientas\",\"lectio divina\",\"oraci\u00f3n en familia\",\"oraci\u00f3n en grupo\",\"salud mental\",\"santos\"],\"articleSection\":[\"Salud mental\"],\"inLanguage\":\"es\",\"potentialAction\":[{\"@type\":\"CommentAction\",\"name\":\"Comment\",\"target\":[\"https:\/\/hallow.com\/es\/blog\/mes-de-la-concienciacion-sobre-la-salud-mental-de-la-comunidad-y-la-familia\/#respond\"]}]},{\"@type\":\"WebPage\",\"@id\":\"https:\/\/hallow.com\/es\/blog\/mes-de-la-concienciacion-sobre-la-salud-mental-de-la-comunidad-y-la-familia\/\",\"url\":\"https:\/\/hallow.com\/es\/blog\/mes-de-la-concienciacion-sobre-la-salud-mental-de-la-comunidad-y-la-familia\/\",\"name\":\"Oraciones de la Comunidad y la Familia por el Mes de la Concientizaci\u00f3n sobre la Salud Mental &#8211; Hallow\",\"isPartOf\":{\"@id\":\"https:\/\/hallow.com\/es\/#website\"},\"primaryImageOfPage\":{\"@id\":\"https:\/\/hallow.com\/es\/blog\/mes-de-la-concienciacion-sobre-la-salud-mental-de-la-comunidad-y-la-familia\/#primaryimage\"},\"image\":{\"@id\":\"https:\/\/hallow.com\/es\/blog\/mes-de-la-concienciacion-sobre-la-salud-mental-de-la-comunidad-y-la-familia\/#primaryimage\"},\"thumbnailUrl\":\"https:\/\/hallow.com\/wp-content\/uploads\/2021\/05\/Community-and-Family-Prayer-Mental-Health-Awareness-Blog-Header-1.png\",\"datePublished\":\"2021-05-31T16:18:17+00:00\",\"dateModified\":\"2024-09-18T18:01:09+00:00\",\"description\":\"\u00a1Hallow se enorgullece de apoyar el mes de la Concienciaci\u00f3n sobre la Salud Mental este mayo! Como parte de #Tools2Thrive, compartiremos recursos durante todo el mes de mayo.\",\"breadcrumb\":{\"@id\":\"https:\/\/hallow.com\/es\/blog\/mes-de-la-concienciacion-sobre-la-salud-mental-de-la-comunidad-y-la-familia\/#breadcrumb\"},\"inLanguage\":\"es\",\"potentialAction\":[{\"@type\":\"ReadAction\",\"target\":[\"https:\/\/hallow.com\/es\/blog\/mes-de-la-concienciacion-sobre-la-salud-mental-de-la-comunidad-y-la-familia\/\"]}]},{\"@type\":\"ImageObject\",\"inLanguage\":\"es\",\"@id\":\"https:\/\/hallow.com\/es\/blog\/mes-de-la-concienciacion-sobre-la-salud-mental-de-la-comunidad-y-la-familia\/#primaryimage\",\"url\":\"https:\/\/hallow.com\/wp-content\/uploads\/2021\/05\/Community-and-Family-Prayer-Mental-Health-Awareness-Blog-Header-1.png\",\"contentUrl\":\"https:\/\/hallow.com\/wp-content\/uploads\/2021\/05\/Community-and-Family-Prayer-Mental-Health-Awareness-Blog-Header-1.png\",\"width\":1340,\"height\":800},{\"@type\":\"BreadcrumbList\",\"@id\":\"https:\/\/hallow.com\/es\/blog\/mes-de-la-concienciacion-sobre-la-salud-mental-de-la-comunidad-y-la-familia\/#breadcrumb\",\"itemListElement\":[{\"@type\":\"ListItem\",\"position\":1,\"name\":\"Home\",\"item\":\"https:\/\/hallow.com\/es\/\"},{\"@type\":\"ListItem\",\"position\":2,\"name\":\"Oraciones de la Comunidad y la Familia por el Mes de la Concientizaci\u00f3n sobre la Salud Mental\"}]},{\"@type\":\"WebSite\",\"@id\":\"https:\/\/hallow.com\/es\/#website\",\"url\":\"https:\/\/hallow.com\/es\/\",\"name\":\"Hallow\",\"description\":\"Catholic Prayer and Meditation App\",\"publisher\":{\"@id\":\"https:\/\/hallow.com\/es\/#organization\"},\"potentialAction\":[{\"@type\":\"SearchAction\",\"target\":{\"@type\":\"EntryPoint\",\"urlTemplate\":\"https:\/\/hallow.com\/es\/?s={search_term_string}\"},\"query-input\":{\"@type\":\"PropertyValueSpecification\",\"valueRequired\":true,\"valueName\":\"search_term_string\"}}],\"inLanguage\":\"es\"},{\"@type\":\"Organization\",\"@id\":\"https:\/\/hallow.com\/es\/#organization\",\"name\":\"Hallow\",\"url\":\"https:\/\/hallow.com\/es\/\",\"logo\":{\"@type\":\"ImageObject\",\"inLanguage\":\"es\",\"@id\":\"https:\/\/hallow.com\/es\/#\/schema\/logo\/image\/\",\"url\":\"https:\/\/hallow.com\/wp-content\/uploads\/2019\/04\/Purple-Logo.png\",\"contentUrl\":\"https:\/\/hallow.com\/wp-content\/uploads\/2019\/04\/Purple-Logo.png\",\"width\":1470,\"height\":292,\"caption\":\"Hallow\"},\"image\":{\"@id\":\"https:\/\/hallow.com\/es\/#\/schema\/logo\/image\/\"},\"sameAs\":[\"https:\/\/facebook.com\/hallowapp\",\"https:\/\/x.com\/hallowapp\",\"https:\/\/instagram.com\/hallowapp\"]},{\"@type\":\"Person\",\"@id\":\"https:\/\/hallow.com\/es\/#\/schema\/person\/5d52e9d6a35d2aeaaff470f5d3777d16\",\"name\":\"Megan Colford\"}]}<\/script>\n<!-- \/ Yoast SEO Premium plugin. -->","yoast_head_json":{"title":"Oraciones de la Comunidad y la Familia por el Mes de la Concientizaci\u00f3n sobre la Salud Mental &#8211; Hallow","description":"\u00a1Hallow se enorgullece de apoyar el mes de la Concienciaci\u00f3n sobre la Salud Mental este mayo! Como parte de #Tools2Thrive, compartiremos recursos durante todo el mes de mayo.","robots":{"index":"index","follow":"follow","max-snippet":"max-snippet:-1","max-image-preview":"max-image-preview:large","max-video-preview":"max-video-preview:-1"},"canonical":"https:\/\/hallow.com\/es\/blog\/mes-de-la-concienciacion-sobre-la-salud-mental-de-la-comunidad-y-la-familia\/","og_locale":"es_ES","og_type":"article","og_title":"Oraciones de la Comunidad y la Familia por el Mes de la Concientizaci\u00f3n sobre la Salud Mental","og_description":"\u00a1Hallow se enorgullece de apoyar el mes de la Concienciaci\u00f3n sobre la Salud Mental este mayo! Como parte de #Tools2Thrive, compartiremos recursos durante todo el mes de mayo.","og_url":"https:\/\/hallow.com\/es\/blog\/mes-de-la-concienciacion-sobre-la-salud-mental-de-la-comunidad-y-la-familia\/","og_site_name":"Hallow","article_publisher":"https:\/\/facebook.com\/hallowapp","article_published_time":"2021-05-31T16:18:17+00:00","article_modified_time":"2024-09-18T18:01:09+00:00","og_image":[{"width":1340,"height":800,"url":"https:\/\/hallow.com\/wp-content\/uploads\/2021\/05\/Community-and-Family-Prayer-Mental-Health-Awareness-Blog-Header-1.png","type":"image\/png"}],"author":"Megan Colford","twitter_card":"summary_large_image","twitter_creator":"@hallowapp","twitter_site":"@hallowapp","schema":{"@context":"https:\/\/schema.org","@graph":[{"@type":"Article","@id":"https:\/\/hallow.com\/es\/blog\/mes-de-la-concienciacion-sobre-la-salud-mental-de-la-comunidad-y-la-familia\/#article","isPartOf":{"@id":"https:\/\/hallow.com\/es\/blog\/mes-de-la-concienciacion-sobre-la-salud-mental-de-la-comunidad-y-la-familia\/"},"author":{"name":"Megan Colford","@id":"https:\/\/hallow.com\/es\/#\/schema\/person\/5d52e9d6a35d2aeaaff470f5d3777d16"},"headline":"Oraciones de la Comunidad y la Familia por el Mes de la Concientizaci\u00f3n sobre la Salud Mental","datePublished":"2021-05-31T16:18:17+00:00","dateModified":"2024-09-18T18:01:09+00:00","mainEntityOfPage":{"@id":"https:\/\/hallow.com\/es\/blog\/mes-de-la-concienciacion-sobre-la-salud-mental-de-la-comunidad-y-la-familia\/"},"wordCount":857,"commentCount":0,"publisher":{"@id":"https:\/\/hallow.com\/es\/#organization"},"image":{"@id":"https:\/\/hallow.com\/es\/blog\/mes-de-la-concienciacion-sobre-la-salud-mental-de-la-comunidad-y-la-familia\/#primaryimage"},"thumbnailUrl":"https:\/\/hallow.com\/wp-content\/uploads\/2021\/05\/Community-and-Family-Prayer-Mental-Health-Awareness-Blog-Header-1.png","keywords":["comunidad","concientizaci\u00f3n sobre salud mental","examen","herramientas","lectio divina","oraci\u00f3n en familia","oraci\u00f3n en grupo","salud mental","santos"],"articleSection":["Salud mental"],"inLanguage":"es","potentialAction":[{"@type":"CommentAction","name":"Comment","target":["https:\/\/hallow.com\/es\/blog\/mes-de-la-concienciacion-sobre-la-salud-mental-de-la-comunidad-y-la-familia\/#respond"]}]},{"@type":"WebPage","@id":"https:\/\/hallow.com\/es\/blog\/mes-de-la-concienciacion-sobre-la-salud-mental-de-la-comunidad-y-la-familia\/","url":"https:\/\/hallow.com\/es\/blog\/mes-de-la-concienciacion-sobre-la-salud-mental-de-la-comunidad-y-la-familia\/","name":"Oraciones de la Comunidad y la Familia por el Mes de la Concientizaci\u00f3n sobre la Salud Mental &#8211; Hallow","isPartOf":{"@id":"https:\/\/hallow.com\/es\/#website"},"primaryImageOfPage":{"@id":"https:\/\/hallow.com\/es\/blog\/mes-de-la-concienciacion-sobre-la-salud-mental-de-la-comunidad-y-la-familia\/#primaryimage"},"image":{"@id":"https:\/\/hallow.com\/es\/blog\/mes-de-la-concienciacion-sobre-la-salud-mental-de-la-comunidad-y-la-familia\/#primaryimage"},"thumbnailUrl":"https:\/\/hallow.com\/wp-content\/uploads\/2021\/05\/Community-and-Family-Prayer-Mental-Health-Awareness-Blog-Header-1.png","datePublished":"2021-05-31T16:18:17+00:00","dateModified":"2024-09-18T18:01:09+00:00","description":"\u00a1Hallow se enorgullece de apoyar el mes de la Concienciaci\u00f3n sobre la Salud Mental este mayo! Como parte de #Tools2Thrive, compartiremos recursos durante todo el mes de mayo.","breadcrumb":{"@id":"https:\/\/hallow.com\/es\/blog\/mes-de-la-concienciacion-sobre-la-salud-mental-de-la-comunidad-y-la-familia\/#breadcrumb"},"inLanguage":"es","potentialAction":[{"@type":"ReadAction","target":["https:\/\/hallow.com\/es\/blog\/mes-de-la-concienciacion-sobre-la-salud-mental-de-la-comunidad-y-la-familia\/"]}]},{"@type":"ImageObject","inLanguage":"es","@id":"https:\/\/hallow.com\/es\/blog\/mes-de-la-concienciacion-sobre-la-salud-mental-de-la-comunidad-y-la-familia\/#primaryimage","url":"https:\/\/hallow.com\/wp-content\/uploads\/2021\/05\/Community-and-Family-Prayer-Mental-Health-Awareness-Blog-Header-1.png","contentUrl":"https:\/\/hallow.com\/wp-content\/uploads\/2021\/05\/Community-and-Family-Prayer-Mental-Health-Awareness-Blog-Header-1.png","width":1340,"height":800},{"@type":"BreadcrumbList","@id":"https:\/\/hallow.com\/es\/blog\/mes-de-la-concienciacion-sobre-la-salud-mental-de-la-comunidad-y-la-familia\/#breadcrumb","itemListElement":[{"@type":"ListItem","position":1,"name":"Home","item":"https:\/\/hallow.com\/es\/"},{"@type":"ListItem","position":2,"name":"Oraciones de la Comunidad y la Familia por el Mes de la Concientizaci\u00f3n sobre la Salud Mental"}]},{"@type":"WebSite","@id":"https:\/\/hallow.com\/es\/#website","url":"https:\/\/hallow.com\/es\/","name":"Hallow","description":"Catholic Prayer and Meditation App","publisher":{"@id":"https:\/\/hallow.com\/es\/#organization"},"potentialAction":[{"@type":"SearchAction","target":{"@type":"EntryPoint","urlTemplate":"https:\/\/hallow.com\/es\/?s={search_term_string}"},"query-input":{"@type":"PropertyValueSpecification","valueRequired":true,"valueName":"search_term_string"}}],"inLanguage":"es"},{"@type":"Organization","@id":"https:\/\/hallow.com\/es\/#organization","name":"Hallow","url":"https:\/\/hallow.com\/es\/","logo":{"@type":"ImageObject","inLanguage":"es","@id":"https:\/\/hallow.com\/es\/#\/schema\/logo\/image\/","url":"https:\/\/hallow.com\/wp-content\/uploads\/2019\/04\/Purple-Logo.png","contentUrl":"https:\/\/hallow.com\/wp-content\/uploads\/2019\/04\/Purple-Logo.png","width":1470,"height":292,"caption":"Hallow"},"image":{"@id":"https:\/\/hallow.com\/es\/#\/schema\/logo\/image\/"},"sameAs":["https:\/\/facebook.com\/hallowapp","https:\/\/x.com\/hallowapp","https:\/\/instagram.com\/hallowapp"]},{"@type":"Person","@id":"https:\/\/hallow.com\/es\/#\/schema\/person\/5d52e9d6a35d2aeaaff470f5d3777d16","name":"Megan Colford"}]}},"_links":{"self":[{"href":"https:\/\/hallow.com\/es\/wp-json\/wp\/v2\/posts\/66915"}],"collection":[{"href":"https:\/\/hallow.com\/es\/wp-json\/wp\/v2\/posts"}],"about":[{"href":"https:\/\/hallow.com\/es\/wp-json\/wp\/v2\/types\/post"}],"author":[{"embeddable":true,"href":"https:\/\/hallow.com\/es\/wp-json\/wp\/v2\/users\/16"}],"replies":[{"embeddable":true,"href":"https:\/\/hallow.com\/es\/wp-json\/wp\/v2\/comments?post=66915"}],"version-history":[{"count":1,"href":"https:\/\/hallow.com\/es\/wp-json\/wp\/v2\/posts\/66915\/revisions"}],"predecessor-version":[{"id":66916,"href":"https:\/\/hallow.com\/es\/wp-json\/wp\/v2\/posts\/66915\/revisions\/66916"}],"wp:featuredmedia":[{"embeddable":true,"href":"https:\/\/hallow.com\/es\/wp-json\/wp\/v2\/media\/15389"}],"wp:attachment":[{"href":"https:\/\/hallow.com\/es\/wp-json\/wp\/v2\/media?parent=66915"}],"wp:term":[{"taxonomy":"category","embeddable":true,"href":"https:\/\/hallow.com\/es\/wp-json\/wp\/v2\/categories?post=66915"},{"taxonomy":"post_tag","embeddable":true,"href":"https:\/\/hallow.com\/es\/wp-json\/wp\/v2\/tags?post=66915"}],"curies":[{"name":"wp","href":"https:\/\/api.w.org\/{rel}","templated":true}]}}