{"id":84416,"date":"2025-05-08T23:40:11","date_gmt":"2025-05-08T23:40:11","guid":{"rendered":"https:\/\/hallow.com\/?p=84416"},"modified":"2025-05-21T14:19:47","modified_gmt":"2025-05-21T14:19:47","slug":"papa-leon-xiv-cardenal-robert-francis-prevost","status":"publish","type":"post","link":"https:\/\/hallow.com\/es\/blog\/papa-leon-xiv-cardenal-robert-francis-prevost\/","title":{"rendered":"El Papa Le\u00f3n XIV (antiguo Cardenal Robert Francis Prevost): Conoce al nuevo Papa"},"content":{"rendered":"\n<p class=\"\">El 8 de mayo de 2025, la Iglesia Cat\u00f3lica eligi\u00f3 a su nuevo Papa y, por primera vez en la historia, un estadounidense se sienta en la silla de San Pedro.<\/p>\n\n<p class=\"\">El cardenal Robert Francis Prevost, O.S.A. fue elegido entre sus hermanos cardenales para el papado, asumiendo el nuevo Papa Le\u00f3n XIV.<\/p>\n\n<p class=\"\">Conoce al nuevo pont\u00edfice y aprende c\u00f3mo puedes rezar por \u00e9l y con \u00e9l.<\/p>\n\n<h2 class=\"wp-block-heading\" id=\"h-pope-leo-xiv-early-life\">Papa Le\u00f3n XIV &#8211; Vida temprana<\/h2>\n\n<p class=\"\">El Papa Le\u00f3n XIV naci\u00f3 como Robert Francis Prevost el 14 de septiembre de 1955 en Chicago, Illinois, de padres Louis y Millie.<\/p>\n\n<p class=\"\">Su padre era educador; su madre, bibliotecaria. \u00c9l y sus dos hermanos mayores crecieron muy involucrados en su parroquia. <\/p>\n\n<p class=\"\">Desde muy pronto sinti\u00f3 la llamada al sacerdocio.<\/p>\n\n<p class=\"\">\u00abYa de adolescente sab\u00eda lo que quer\u00eda hacer y ad\u00f3nde quer\u00eda ir\u00bb, <a href=\"https:\/\/chicago.suntimes.com\/religion\/2025\/05\/03\/robert-prevost-pope-francis-conclave-catholic-church-dolton-saint-mary-assumption-parish\">dijo un amigo de la infancia<\/a>.<\/p>\n\n<p class=\"\">Estudi\u00f3 en el instituto St. Augustine Seminary de Filadelfia y m\u00e1s tarde se licenci\u00f3 en Ciencias en Villanova. <\/p>\n\n<div class=\"wp-block-buttons is-content-justification-center is-layout-flex wp-container-core-buttons-is-layout-1 wp-block-buttons-is-layout-flex\">\n<div class=\"wp-block-button\"><a class=\"wp-block-button__link wp-element-button\" href=\"https:\/\/hallow.app.link\/OhyD7rKndTb\">Prueba Hallow gratis<\/a><\/div>\n<\/div>\n\n<h2 class=\"wp-block-heading\" id=\"h-pope-leo-xiv-s-religious-life\">La vida religiosa del Papa Le\u00f3n XIV<\/h2>\n\n<p class=\"\">En 1977, a los 22 a\u00f1os, ingres\u00f3 en el noviciado de la Orden de San Agust\u00edn (Agustinos) y m\u00e1s tarde hizo sus votos en 1981.<\/p>\n\n<p class=\"\">En poco tiempo, el Papa Le\u00f3n XIV inici\u00f3 lo que acabar\u00eda siendo una de las principales se\u00f1as de identidad de su tiempo como sacerdote: el servicio al pueblo del Per\u00fa.<\/p>\n\n<p class=\"\">A partir de 1985, trabaj\u00f3 como misionero en Chulucanas, Per\u00fa, una peque\u00f1a ciudad del noroeste del pa\u00eds sudamericano. Unos a\u00f1os m\u00e1s tarde, comenz\u00f3 una misi\u00f3n de una d\u00e9cada en Trujillo (Per\u00fa), una ciudad costera. <\/p>\n\n<p class=\"\">Siempre obediente a las misiones que se le encomendaban, el entonces Robert Francis Prevost regres\u00f3 a Chicago en 1999 y dos a\u00f1os m\u00e1s tarde se convirti\u00f3 en Prior General de los Agustinos, superior de toda la orden.<\/p>\n\n<p class=\"\">En 2015, regres\u00f3 a Per\u00fa despu\u00e9s de que el Papa Francisco le nombrara Obispo de Chiclayo, una de las ciudades m\u00e1s grandes de Per\u00fa, con m\u00e1s de un mill\u00f3n de habitantes en la di\u00f3cesis. El Papa Francisco visit\u00f3 Per\u00fa en 2018 y pas\u00f3 un tiempo con el obispo Robert Francis Prevost. En 2023, el Papa Francisco le llam\u00f3 a Roma para servir como Prefecto del Dicasterio para los Obispos.  <\/p>\n\n<p class=\"\">Ahora es Obispo de Roma, responsable de los 1.400 millones de cat\u00f3licos del mundo.<\/p>\n\n<h2 class=\"wp-block-heading\" id=\"h-pope-leo-xiv-s-spirituality\">La espiritualidad del Papa Le\u00f3n XIV<\/h2>\n\n<p class=\"\">La espiritualidad del Papa Le\u00f3n XIV est\u00e1 marcada por el hecho de que es agustino, siguiendo las huellas de San Agust\u00edn.<\/p>\n\n<p class=\"\">\u00abComo agustinos, tambi\u00e9n como orden mendicante, creo que estamos llamados a vivir una vida sencilla al servicio de los dem\u00e1s y, de manera especial, a llegar a los pobres, a los pobres de la sociedad actual, que incluye, por supuesto, a los que son pobres monetariamente, pero hay muchos otros tipos de pobreza en el mundo de hoy\u00bb, dijo en una entrevista hace a\u00f1os.<\/p>\n\n<p class=\"\">Tambi\u00e9n habla de que experimentar a Dios debe implicar a los dem\u00e1s. Experimentar a Dios no es una actividad individual.  <\/p>\n\n<p class=\"\">\u00abTampoco se trata s\u00f3lo de m\u00ed y de mi experiencia de Dios. Puede que haya gente que diga: &#8216;Bueno, tengo una experiencia de Dios y no tengo que hacer nada m\u00e1s&#8217;. Pues bien, probablemente no se trate de una aut\u00e9ntica experiencia de Dios, porque, como sabemos por los Evangelios y por las cartas apost\u00f3licas, si amas a Dios, tambi\u00e9n tienes que demostrarlo amando a tu pr\u00f3jimo, y ambas cosas van de la mano\u00bb, <a href=\"https:\/\/www.youtube.com\/watch?v=da-mLQLrTwQ\">declar\u00f3 en una entrevista de 2012<\/a>.<\/p>\n\n<div class=\"wp-block-buttons is-content-justification-center is-layout-flex wp-container-core-buttons-is-layout-2 wp-block-buttons-is-layout-flex\">\n<div class=\"wp-block-button\"><a class=\"wp-block-button__link wp-element-button\" href=\"https:\/\/hallow.app.link\/OhyD7rKndTb\">Prueba Hallow gratis<\/a><\/div>\n<\/div>\n\n<h2 class=\"wp-block-heading\" id=\"h-pope-leo-the-name\">Papa Le\u00f3n: El Nombre<\/h2>\n\n<p class=\"\">El predecesor en nombre del Papa Le\u00f3n XIV fue el Papa Le\u00f3n XIII, papa de 1878 a 1903, uno de los papados m\u00e1s largos de la historia.<\/p>\n\n<p class=\"\">El Papa Le\u00f3n XIII es <a href=\"https:\/\/www.osvnews.com\/who-was-pope-leo-xiii-the-father-of-social-doctrine\/\">considerado<\/a> el \u00abPadre de la Doctrina Social\u00bb, dando forma al futuro de la ense\u00f1anza social cat\u00f3lica que le sigui\u00f3.<\/p>\n\n<p class=\"\">Tambi\u00e9n se le conoc\u00eda como el \u00abPapa de los trabajadores\u00bb, gracias a su enc\u00edclica Rerum Novarum de 1891.<\/p>\n\n<p class=\"\">Al elegir este nombre, el Papa Le\u00f3n XIV podr\u00eda estar mostrando un compromiso con la clase obrera y los pobres, coherente con los carismas agustinianos.<\/p>\n\n<h2 class=\"wp-block-heading\" id=\"h-pope-leo-xiv-quotes\">Citas del Papa Le\u00f3n XIV<\/h2>\n\n<p class=\"\">He aqu\u00ed algunas citas inspiradoras del Papa Le\u00f3n XIV antes de convertirse en Papa:<\/p>\n\n<ul class=\"wp-block-list\">\n<li>\u00abEl obispo no debe ser un principito sentado en su reino. Sino llamado aut\u00e9nticamente a ser humilde, a estar cerca de la gente a la que sirve, a caminar con ella, a sufrir con ella y a buscar formas de vivir mejor el mensaje del Evangelio en medio de su pueblo.\u00bb<\/li>\n<\/ul>\n\n<ul class=\"wp-block-list\">\n<li>\u00abA menudo nos preocupamos por ense\u00f1ar la doctrina, la forma de vivir nuestra fe, pero corremos el riesgo de olvidar que nuestra primera tarea es ense\u00f1ar lo que significa conocer a Jesucristo y dar testimonio de nuestra cercan\u00eda al Se\u00f1or. Esto es lo primero: comunicar la belleza de la fe, la belleza y la alegr\u00eda de conocer a Jes\u00fas. Significa que nosotros mismos lo vivimos y compartimos esta experiencia\u00bb.  <\/li>\n<\/ul>\n\n<ul class=\"wp-block-list\">\n<li>\u00abTodos podemos ser misioneros del Evangelio\u00bb.<\/li>\n<\/ul>\n\n<ul class=\"wp-block-list\">\n<li>\u00abLo fundamental para todo disc\u00edpulo de Cristo es la humildad\u00bb.<\/li>\n<\/ul>\n\n<h2 class=\"wp-block-heading\" id=\"h-pope-leo-xiv-addresses-the-world-for-the-first-time\">El Papa Le\u00f3n XIV se dirige al mundo por primera vez<\/h2>\n\n<p class=\"\">En su primer discurso Urbi et Orbi como Sucesor de Pedro, el Papa Le\u00f3n XIV habl\u00f3 del amor y la paz que proceden de Dios.<\/p>\n\n<p class=\"\"><em>\u00c9sta es la paz de Cristo resucitado, una paz desarmante, humilde y preservadora. Proviene de Dios. Dios, que nos ama a todos, sin l\u00edmites ni condiciones. Mantengamos en nuestros o\u00eddos la voz d\u00e9bil, pero siempre valiente, del Papa Francisco, que bendijo a Roma, el Papa que bendijo a Roma y al mundo aquel d\u00eda, en la ma\u00f1ana de Pascua.   <\/em><\/p>\n\n<p class=\"\"><em>Perm\u00edteme continuar con la misma bendici\u00f3n. Dios nos ama, a todos nosotros, el mal no prevalecer\u00e1. Todos estamos en manos de Dios. Sin miedo, unidos, de la mano de Dios y entre nosotros, seguiremos adelante. Somos disc\u00edpulos de Cristo, Cristo va delante de nosotros, y el mundo necesita Su luz. La humanidad le necesita como un puente para llegar a Dios y a Su amor. Ay\u00fadanos a construir puentes con el di\u00e1logo y el encuentro para que todos seamos un solo pueblo siempre en paz.      <\/em><\/p>\n\n<p class=\"\">Lee su discurso completo <a href=\"https:\/\/www.vaticannews.va\/en\/pope\/news\/2025-05\/pope-leo-xvi-peace-be-with-you-first-words.html\">aqu\u00ed<\/a> <\/p>\n\n<div class=\"wp-block-buttons is-content-justification-center is-layout-flex wp-container-core-buttons-is-layout-3 wp-block-buttons-is-layout-flex\">\n<div class=\"wp-block-button\"><a class=\"wp-block-button__link wp-element-button\" href=\"https:\/\/hallow.app.link\/OhyD7rKndTb\">Prueba Hallow gratis<\/a><\/div>\n<\/div>\n\n<h2 class=\"wp-block-heading\" id=\"h-prayers-for-pope-leo-xiv\">Oraciones por el Papa Le\u00f3n XIV<\/h2>\n\n<p class=\"\">Reza por el Papa Le\u00f3n XIV, o reza en la tradici\u00f3n agustiniana de la que procede, con algunas de estas oraciones.<\/p>\n\n<p class=\"\">Oraci\u00f3n del Esp\u00edritu Santo de San Agust\u00edn:<\/p>\n\n<p class=\"\"><em>Respira en m\u00ed, oh Esp\u00edritu Santo, para que todos mis pensamientos sean santos. Act\u00faa en m\u00ed, oh Esp\u00edritu Santo, para que tambi\u00e9n mi obra sea santa. Atrae mi coraz\u00f3n, oh Esp\u00edritu Santo, Que no ame sino lo que es santo. Fortal\u00e9ceme, oh Esp\u00edritu Santo, Para defender todo lo que es santo. Gu\u00e1rdame, pues, oh Esp\u00edritu Santo, Para que yo sea siempre santo.<\/em><\/p>\n\n<p class=\"\">Reza la <a href=\"https:\/\/hallow.com\/blog\/st-rita-novena\/\">Novena de Santa Rita<\/a>. Santa Rita fue una monja agustina canonizada por el Papa Le\u00f3n XIII. <\/p>\n\n<p class=\"\">Reza la <a href=\"https:\/\/hallow.com\/es\/blog\/novena-a-santa-monica\/\">Novena de Santa M\u00f3nica<\/a>. Santa M\u00f3nica, madre de Agust\u00edn, es un notable modelo de fe.<\/p>\n\n<p class=\"\">Reza esta sencilla oraci\u00f3n por el papado de Le\u00f3n XIV:<\/p>\n\n<p class=\"\"><em>Padre Celestial, T\u00fa has confiado al Papa Le\u00f3n XIV la Iglesia de Cristo. Bend\u00edcele, prot\u00e9gele, mant\u00e9n blando su coraz\u00f3n en medio de las tensiones y los desaf\u00edos que sin duda afrontar\u00e1, para que est\u00e9 abierto a que el Esp\u00edritu le gu\u00ede -y a todos nosotros- hacia el futuro de la Iglesia, un futuro que nos vea amando m\u00e1s profundamente y tratando a los que nos rodean con mayor caridad, en el esp\u00edritu de Agust\u00edn.  En el nombre de Jes\u00fas oramos. Am\u00e9n.<\/em><\/p>\n\n<h2 class=\"wp-block-heading\" id=\"h-pray-for-the-new-pope-on-hallow\">Reza por el nuevo Papa en San Juan<\/h2>\n\n<p class=\"\">\u00danete a miles de cat\u00f3licos de todo el mundo para rezar por el nuevo Papa en San Juan.<\/p>\n","protected":false},"excerpt":{"rendered":"<p>El 8 de mayo de 2025, la Iglesia Cat\u00f3lica eligi\u00f3 a su nuevo Papa y, por primera vez en la historia, un estadounidense se sienta en la silla de San Pedro. El cardenal Robert Francis Prevost, O.S.A. fue elegido entre sus hermanos cardenales para el papado, asumiendo el nuevo Papa Le\u00f3n XIV. Conoce al nuevo &hellip; <a href=\"https:\/\/hallow.com\/es\/blog\/papa-leon-xiv-cardenal-robert-francis-prevost\/\">Continued<\/a><\/p>\n","protected":false},"author":32,"featured_media":83760,"comment_status":"closed","ping_status":"closed","sticky":false,"template":"","format":"standard","meta":{"_acf_changed":false,"_et_pb_use_builder":"off","_et_pb_old_content":"","_et_gb_content_width":"","inline_featured_image":false,"footnotes":""},"categories":[149],"tags":[],"class_list":["post-84416","post","type-post","status-publish","format-standard","has-post-thumbnail","hentry","category-vida-de-oracion"],"acf":[],"yoast_head":"<!-- This site is optimized with the Yoast SEO Premium plugin v24.3 (Yoast SEO v25.6) - https:\/\/yoast.com\/wordpress\/plugins\/seo\/ -->\n<title>El Papa Le\u00f3n XIV (antiguo Cardenal Robert Francis Prevost): Conoce al nuevo Papa &#8211; Hallow<\/title>\n<meta name=\"description\" content=\"\u00a1Habemus papam! \u00a1Tenemos un nuevo Papa! Conoce al Papa Le\u00f3n XIV, el antiguo cardenal Robert Francis Prevost, el primer papa americano.\" \/>\n<meta name=\"robots\" content=\"index, follow, max-snippet:-1, max-image-preview:large, max-video-preview:-1\" \/>\n<link rel=\"canonical\" href=\"https:\/\/hallow.com\/es\/blog\/papa-leon-xiv-cardenal-robert-francis-prevost\/\" \/>\n<meta property=\"og:locale\" content=\"es_ES\" \/>\n<meta property=\"og:type\" content=\"article\" \/>\n<meta property=\"og:title\" content=\"El Papa Le\u00f3n XIV (antiguo Cardenal Robert Francis Prevost): Conoce al nuevo Papa\" \/>\n<meta property=\"og:description\" content=\"\u00a1Habemus papam! \u00a1Tenemos un nuevo Papa! Conoce al Papa Le\u00f3n XIV, el antiguo cardenal Robert Francis Prevost, el primer papa americano.\" \/>\n<meta property=\"og:url\" content=\"https:\/\/hallow.com\/es\/blog\/papa-leon-xiv-cardenal-robert-francis-prevost\/\" \/>\n<meta property=\"og:site_name\" content=\"Hallow\" \/>\n<meta property=\"article:publisher\" content=\"https:\/\/facebook.com\/hallowapp\" \/>\n<meta property=\"article:published_time\" content=\"2025-05-08T23:40:11+00:00\" \/>\n<meta property=\"article:modified_time\" content=\"2025-05-21T14:19:47+00:00\" \/>\n<meta property=\"og:image\" content=\"https:\/\/hallow.com\/wp-content\/uploads\/2025\/05\/5.8.25-screeb-4.png\" \/>\n\t<meta property=\"og:image:width\" content=\"1245\" \/>\n\t<meta property=\"og:image:height\" content=\"788\" \/>\n\t<meta property=\"og:image:type\" content=\"image\/png\" \/>\n<meta name=\"author\" content=\"Stephen Spiewak\" \/>\n<meta name=\"twitter:card\" content=\"summary_large_image\" \/>\n<meta name=\"twitter:creator\" content=\"@hallowapp\" \/>\n<meta name=\"twitter:site\" content=\"@hallowapp\" \/>\n<script type=\"application\/ld+json\" class=\"yoast-schema-graph\">{\"@context\":\"https:\/\/schema.org\",\"@graph\":[{\"@type\":\"Article\",\"@id\":\"https:\/\/hallow.com\/es\/blog\/papa-leon-xiv-cardenal-robert-francis-prevost\/#article\",\"isPartOf\":{\"@id\":\"https:\/\/hallow.com\/es\/blog\/papa-leon-xiv-cardenal-robert-francis-prevost\/\"},\"author\":{\"name\":\"Stephen Spiewak\",\"@id\":\"https:\/\/hallow.com\/es\/#\/schema\/person\/bff513b387a9f89e4d7463f0cd46c242\"},\"headline\":\"El Papa Le\u00f3n XIV (antiguo Cardenal Robert Francis Prevost): Conoce al nuevo Papa\",\"datePublished\":\"2025-05-08T23:40:11+00:00\",\"dateModified\":\"2025-05-21T14:19:47+00:00\",\"mainEntityOfPage\":{\"@id\":\"https:\/\/hallow.com\/es\/blog\/papa-leon-xiv-cardenal-robert-francis-prevost\/\"},\"wordCount\":1374,\"publisher\":{\"@id\":\"https:\/\/hallow.com\/es\/#organization\"},\"image\":{\"@id\":\"https:\/\/hallow.com\/es\/blog\/papa-leon-xiv-cardenal-robert-francis-prevost\/#primaryimage\"},\"thumbnailUrl\":\"https:\/\/hallow.com\/wp-content\/uploads\/2025\/05\/5.8.25-screeb-4.png\",\"articleSection\":[\"Vida de oraci\u00f3n\"],\"inLanguage\":\"es\"},{\"@type\":\"WebPage\",\"@id\":\"https:\/\/hallow.com\/es\/blog\/papa-leon-xiv-cardenal-robert-francis-prevost\/\",\"url\":\"https:\/\/hallow.com\/es\/blog\/papa-leon-xiv-cardenal-robert-francis-prevost\/\",\"name\":\"El Papa Le\u00f3n XIV (antiguo Cardenal Robert Francis Prevost): Conoce al nuevo Papa &#8211; Hallow\",\"isPartOf\":{\"@id\":\"https:\/\/hallow.com\/es\/#website\"},\"primaryImageOfPage\":{\"@id\":\"https:\/\/hallow.com\/es\/blog\/papa-leon-xiv-cardenal-robert-francis-prevost\/#primaryimage\"},\"image\":{\"@id\":\"https:\/\/hallow.com\/es\/blog\/papa-leon-xiv-cardenal-robert-francis-prevost\/#primaryimage\"},\"thumbnailUrl\":\"https:\/\/hallow.com\/wp-content\/uploads\/2025\/05\/5.8.25-screeb-4.png\",\"datePublished\":\"2025-05-08T23:40:11+00:00\",\"dateModified\":\"2025-05-21T14:19:47+00:00\",\"description\":\"\u00a1Habemus papam! \u00a1Tenemos un nuevo Papa! Conoce al Papa Le\u00f3n XIV, el antiguo cardenal Robert Francis Prevost, el primer papa americano.\",\"breadcrumb\":{\"@id\":\"https:\/\/hallow.com\/es\/blog\/papa-leon-xiv-cardenal-robert-francis-prevost\/#breadcrumb\"},\"inLanguage\":\"es\",\"potentialAction\":[{\"@type\":\"ReadAction\",\"target\":[\"https:\/\/hallow.com\/es\/blog\/papa-leon-xiv-cardenal-robert-francis-prevost\/\"]}]},{\"@type\":\"ImageObject\",\"inLanguage\":\"es\",\"@id\":\"https:\/\/hallow.com\/es\/blog\/papa-leon-xiv-cardenal-robert-francis-prevost\/#primaryimage\",\"url\":\"https:\/\/hallow.com\/wp-content\/uploads\/2025\/05\/5.8.25-screeb-4.png\",\"contentUrl\":\"https:\/\/hallow.com\/wp-content\/uploads\/2025\/05\/5.8.25-screeb-4.png\",\"width\":1245,\"height\":788,\"caption\":\"Pope Leo XIV makes his first address as Pope.\"},{\"@type\":\"BreadcrumbList\",\"@id\":\"https:\/\/hallow.com\/es\/blog\/papa-leon-xiv-cardenal-robert-francis-prevost\/#breadcrumb\",\"itemListElement\":[{\"@type\":\"ListItem\",\"position\":1,\"name\":\"Home\",\"item\":\"https:\/\/hallow.com\/es\/\"},{\"@type\":\"ListItem\",\"position\":2,\"name\":\"El Papa Le\u00f3n XIV (antiguo Cardenal Robert Francis Prevost): Conoce al nuevo Papa\"}]},{\"@type\":\"WebSite\",\"@id\":\"https:\/\/hallow.com\/es\/#website\",\"url\":\"https:\/\/hallow.com\/es\/\",\"name\":\"Hallow\",\"description\":\"Catholic Prayer and Meditation App\",\"publisher\":{\"@id\":\"https:\/\/hallow.com\/es\/#organization\"},\"potentialAction\":[{\"@type\":\"SearchAction\",\"target\":{\"@type\":\"EntryPoint\",\"urlTemplate\":\"https:\/\/hallow.com\/es\/?s={search_term_string}\"},\"query-input\":{\"@type\":\"PropertyValueSpecification\",\"valueRequired\":true,\"valueName\":\"search_term_string\"}}],\"inLanguage\":\"es\"},{\"@type\":\"Organization\",\"@id\":\"https:\/\/hallow.com\/es\/#organization\",\"name\":\"Hallow\",\"url\":\"https:\/\/hallow.com\/es\/\",\"logo\":{\"@type\":\"ImageObject\",\"inLanguage\":\"es\",\"@id\":\"https:\/\/hallow.com\/es\/#\/schema\/logo\/image\/\",\"url\":\"https:\/\/hallow.com\/wp-content\/uploads\/2019\/04\/Purple-Logo.png\",\"contentUrl\":\"https:\/\/hallow.com\/wp-content\/uploads\/2019\/04\/Purple-Logo.png\",\"width\":1470,\"height\":292,\"caption\":\"Hallow\"},\"image\":{\"@id\":\"https:\/\/hallow.com\/es\/#\/schema\/logo\/image\/\"},\"sameAs\":[\"https:\/\/facebook.com\/hallowapp\",\"https:\/\/x.com\/hallowapp\",\"https:\/\/instagram.com\/hallowapp\"]},{\"@type\":\"Person\",\"@id\":\"https:\/\/hallow.com\/es\/#\/schema\/person\/bff513b387a9f89e4d7463f0cd46c242\",\"name\":\"Stephen Spiewak\"}]}<\/script>\n<!-- \/ Yoast SEO Premium plugin. -->","yoast_head_json":{"title":"El Papa Le\u00f3n XIV (antiguo Cardenal Robert Francis Prevost): Conoce al nuevo Papa &#8211; Hallow","description":"\u00a1Habemus papam! \u00a1Tenemos un nuevo Papa! Conoce al Papa Le\u00f3n XIV, el antiguo cardenal Robert Francis Prevost, el primer papa americano.","robots":{"index":"index","follow":"follow","max-snippet":"max-snippet:-1","max-image-preview":"max-image-preview:large","max-video-preview":"max-video-preview:-1"},"canonical":"https:\/\/hallow.com\/es\/blog\/papa-leon-xiv-cardenal-robert-francis-prevost\/","og_locale":"es_ES","og_type":"article","og_title":"El Papa Le\u00f3n XIV (antiguo Cardenal Robert Francis Prevost): Conoce al nuevo Papa","og_description":"\u00a1Habemus papam! \u00a1Tenemos un nuevo Papa! Conoce al Papa Le\u00f3n XIV, el antiguo cardenal Robert Francis Prevost, el primer papa americano.","og_url":"https:\/\/hallow.com\/es\/blog\/papa-leon-xiv-cardenal-robert-francis-prevost\/","og_site_name":"Hallow","article_publisher":"https:\/\/facebook.com\/hallowapp","article_published_time":"2025-05-08T23:40:11+00:00","article_modified_time":"2025-05-21T14:19:47+00:00","og_image":[{"width":1245,"height":788,"url":"https:\/\/hallow.com\/wp-content\/uploads\/2025\/05\/5.8.25-screeb-4.png","type":"image\/png"}],"author":"Stephen Spiewak","twitter_card":"summary_large_image","twitter_creator":"@hallowapp","twitter_site":"@hallowapp","schema":{"@context":"https:\/\/schema.org","@graph":[{"@type":"Article","@id":"https:\/\/hallow.com\/es\/blog\/papa-leon-xiv-cardenal-robert-francis-prevost\/#article","isPartOf":{"@id":"https:\/\/hallow.com\/es\/blog\/papa-leon-xiv-cardenal-robert-francis-prevost\/"},"author":{"name":"Stephen Spiewak","@id":"https:\/\/hallow.com\/es\/#\/schema\/person\/bff513b387a9f89e4d7463f0cd46c242"},"headline":"El Papa Le\u00f3n XIV (antiguo Cardenal Robert Francis Prevost): Conoce al nuevo Papa","datePublished":"2025-05-08T23:40:11+00:00","dateModified":"2025-05-21T14:19:47+00:00","mainEntityOfPage":{"@id":"https:\/\/hallow.com\/es\/blog\/papa-leon-xiv-cardenal-robert-francis-prevost\/"},"wordCount":1374,"publisher":{"@id":"https:\/\/hallow.com\/es\/#organization"},"image":{"@id":"https:\/\/hallow.com\/es\/blog\/papa-leon-xiv-cardenal-robert-francis-prevost\/#primaryimage"},"thumbnailUrl":"https:\/\/hallow.com\/wp-content\/uploads\/2025\/05\/5.8.25-screeb-4.png","articleSection":["Vida de oraci\u00f3n"],"inLanguage":"es"},{"@type":"WebPage","@id":"https:\/\/hallow.com\/es\/blog\/papa-leon-xiv-cardenal-robert-francis-prevost\/","url":"https:\/\/hallow.com\/es\/blog\/papa-leon-xiv-cardenal-robert-francis-prevost\/","name":"El Papa Le\u00f3n XIV (antiguo Cardenal Robert Francis Prevost): Conoce al nuevo Papa &#8211; Hallow","isPartOf":{"@id":"https:\/\/hallow.com\/es\/#website"},"primaryImageOfPage":{"@id":"https:\/\/hallow.com\/es\/blog\/papa-leon-xiv-cardenal-robert-francis-prevost\/#primaryimage"},"image":{"@id":"https:\/\/hallow.com\/es\/blog\/papa-leon-xiv-cardenal-robert-francis-prevost\/#primaryimage"},"thumbnailUrl":"https:\/\/hallow.com\/wp-content\/uploads\/2025\/05\/5.8.25-screeb-4.png","datePublished":"2025-05-08T23:40:11+00:00","dateModified":"2025-05-21T14:19:47+00:00","description":"\u00a1Habemus papam! \u00a1Tenemos un nuevo Papa! Conoce al Papa Le\u00f3n XIV, el antiguo cardenal Robert Francis Prevost, el primer papa americano.","breadcrumb":{"@id":"https:\/\/hallow.com\/es\/blog\/papa-leon-xiv-cardenal-robert-francis-prevost\/#breadcrumb"},"inLanguage":"es","potentialAction":[{"@type":"ReadAction","target":["https:\/\/hallow.com\/es\/blog\/papa-leon-xiv-cardenal-robert-francis-prevost\/"]}]},{"@type":"ImageObject","inLanguage":"es","@id":"https:\/\/hallow.com\/es\/blog\/papa-leon-xiv-cardenal-robert-francis-prevost\/#primaryimage","url":"https:\/\/hallow.com\/wp-content\/uploads\/2025\/05\/5.8.25-screeb-4.png","contentUrl":"https:\/\/hallow.com\/wp-content\/uploads\/2025\/05\/5.8.25-screeb-4.png","width":1245,"height":788,"caption":"Pope Leo XIV makes his first address as Pope."},{"@type":"BreadcrumbList","@id":"https:\/\/hallow.com\/es\/blog\/papa-leon-xiv-cardenal-robert-francis-prevost\/#breadcrumb","itemListElement":[{"@type":"ListItem","position":1,"name":"Home","item":"https:\/\/hallow.com\/es\/"},{"@type":"ListItem","position":2,"name":"El Papa Le\u00f3n XIV (antiguo Cardenal Robert Francis Prevost): Conoce al nuevo Papa"}]},{"@type":"WebSite","@id":"https:\/\/hallow.com\/es\/#website","url":"https:\/\/hallow.com\/es\/","name":"Hallow","description":"Catholic Prayer and Meditation App","publisher":{"@id":"https:\/\/hallow.com\/es\/#organization"},"potentialAction":[{"@type":"SearchAction","target":{"@type":"EntryPoint","urlTemplate":"https:\/\/hallow.com\/es\/?s={search_term_string}"},"query-input":{"@type":"PropertyValueSpecification","valueRequired":true,"valueName":"search_term_string"}}],"inLanguage":"es"},{"@type":"Organization","@id":"https:\/\/hallow.com\/es\/#organization","name":"Hallow","url":"https:\/\/hallow.com\/es\/","logo":{"@type":"ImageObject","inLanguage":"es","@id":"https:\/\/hallow.com\/es\/#\/schema\/logo\/image\/","url":"https:\/\/hallow.com\/wp-content\/uploads\/2019\/04\/Purple-Logo.png","contentUrl":"https:\/\/hallow.com\/wp-content\/uploads\/2019\/04\/Purple-Logo.png","width":1470,"height":292,"caption":"Hallow"},"image":{"@id":"https:\/\/hallow.com\/es\/#\/schema\/logo\/image\/"},"sameAs":["https:\/\/facebook.com\/hallowapp","https:\/\/x.com\/hallowapp","https:\/\/instagram.com\/hallowapp"]},{"@type":"Person","@id":"https:\/\/hallow.com\/es\/#\/schema\/person\/bff513b387a9f89e4d7463f0cd46c242","name":"Stephen Spiewak"}]}},"_links":{"self":[{"href":"https:\/\/hallow.com\/es\/wp-json\/wp\/v2\/posts\/84416"}],"collection":[{"href":"https:\/\/hallow.com\/es\/wp-json\/wp\/v2\/posts"}],"about":[{"href":"https:\/\/hallow.com\/es\/wp-json\/wp\/v2\/types\/post"}],"author":[{"embeddable":true,"href":"https:\/\/hallow.com\/es\/wp-json\/wp\/v2\/users\/32"}],"replies":[{"embeddable":true,"href":"https:\/\/hallow.com\/es\/wp-json\/wp\/v2\/comments?post=84416"}],"version-history":[{"count":1,"href":"https:\/\/hallow.com\/es\/wp-json\/wp\/v2\/posts\/84416\/revisions"}],"predecessor-version":[{"id":84417,"href":"https:\/\/hallow.com\/es\/wp-json\/wp\/v2\/posts\/84416\/revisions\/84417"}],"wp:featuredmedia":[{"embeddable":true,"href":"https:\/\/hallow.com\/es\/wp-json\/wp\/v2\/media\/83760"}],"wp:attachment":[{"href":"https:\/\/hallow.com\/es\/wp-json\/wp\/v2\/media?parent=84416"}],"wp:term":[{"taxonomy":"category","embeddable":true,"href":"https:\/\/hallow.com\/es\/wp-json\/wp\/v2\/categories?post=84416"},{"taxonomy":"post_tag","embeddable":true,"href":"https:\/\/hallow.com\/es\/wp-json\/wp\/v2\/tags?post=84416"}],"curies":[{"name":"wp","href":"https:\/\/api.w.org\/{rel}","templated":true}]}}