{"id":59832,"date":"2024-09-16T15:26:00","date_gmt":"2024-09-16T15:26:00","guid":{"rendered":"https:\/\/hallow.com\/?p=59832"},"modified":"2024-07-11T09:46:14","modified_gmt":"2024-07-11T09:46:14","slug":"fete-du-saint-sacrement","status":"publish","type":"post","link":"https:\/\/hallow.com\/fr\/blog\/fete-du-saint-sacrement\/","title":{"rendered":"F\u00eate du Saint Sacrement &#8211; F\u00eate-Dieu 2024"},"content":{"rendered":"\n<p class=\"\">La f\u00eate du Saint Sacrement (F\u00eate-Dieu) est c\u00e9l\u00e9br\u00e9e le 30 mai, le jeudi suivant le dimanche de la Trinit\u00e9. De nombreux dioc\u00e8ses ont toutefois transf\u00e9r\u00e9 la c\u00e9l\u00e9bration de cette f\u00eate au dimanche 2 juin 2024. <\/p>\n\n<figure class=\"wp-block-pullquote\"><blockquote><p><em>\u00ab En adorant le Corps et le Sang du Christ, demandons-lui de tout notre c\u0153ur : \u00ab\u00a0Seigneur, donne-moi le pain quotidien pour avancer, Seigneur, rassasie-moi de ta pr\u00e9sence !\u00a0\u00bb \u00bb<\/em><\/p><cite>Pape Fran\u00e7ois<\/cite><\/blockquote><\/figure>\n\n<p class=\"\"><strong>Table des mati\u00e8res <\/strong><\/p>\n\n<ul class=\"wp-block-list\">\n<li><a href=\"#history-background-corpus-christi\">Histoire et contexte de la f\u00eate du Saint Sacrement<\/a><\/li>\n\n\n\n<li><a href=\"#corpus-christi-meaning\">Signification de la F\u00eate-Dieu<\/a><\/li>\n\n\n\n<li><a href=\"#corpus-christi-prayers\">Pri\u00e8res de la f\u00eate du Saint Sacrement<\/a>\n<ul class=\"wp-block-list\">\n<li><a href=\"#lectio-divina\">Lectio Divina <\/a><\/li>\n\n\n\n<li><a href=\"#i-am-here-meditations\">M\u00e9ditations \u00ab Je suis ici \u00bb<\/a><\/li>\n\n\n\n<li><a href=\"#traditional-eucharistic-prayers\">Pri\u00e8res eucharistiques traditionnelles<\/a><\/li>\n<\/ul>\n<\/li>\n\n\n\n<li><a href=\"#FAQ\">Questions fr\u00e9quemment pos\u00e9es<\/a><\/li>\n\n\n\n<li><a href=\"#related-reading\">Lire aussi<\/a><\/li>\n<\/ul>\n\n<h2 class=\"wp-block-heading\" id=\"history-background-corpus-christi\">Histoire et contexte de la f\u00eate du Saint Sacrement <\/h2>\n\n<p class=\"\">Apr\u00e8s la r\u00e9surrection du Christ \u00e0 <a href=\"https:\/\/hallow.com\/easter\/\">P\u00e2ques<\/a>, la descente de l&rsquo;Esprit Saint \u00e0 la <a href=\"https:\/\/hallow.com\/blog\/pentecost\/\">Pentec\u00f4te<\/a> et la c\u00e9l\u00e9bration de Dieu en trois personnes le dimanche de la Trinit\u00e9, nous c\u00e9l\u00e9brons cette solennit\u00e9 de J\u00e9sus parmi nous dans l&rsquo;Eucharistie. <\/p>\n\n<p class=\"\">Le pape Urbain IV a institu\u00e9 le Corpus Christi en 1264 par la bulle papale <a href=\"https:\/\/www.vatican.va\/content\/urbanus-iv\/es\/documents\/bulla-transiturus-de-mundo-11-aug-1264.html\"><em>Transiturus de hoc mundo<\/em><\/a> apr\u00e8s qu&rsquo;il a \u00e9t\u00e9 instaur\u00e9 pour la premi\u00e8re fois \u00e0 Li\u00e8ge, en France, par l&rsquo;\u00e9v\u00eaque Robert Torote. Mais ce sont les incroyables visions eucharistiques de Ste Julienne de Cornillon, \u00e9galement connue sous le nom de Ste Julienne de Li\u00e8ge, qui ont inspir\u00e9 cette solennit\u00e9 :<\/p>\n\n<blockquote class=\"wp-block-quote is-layout-flow wp-block-quote-is-layout-flow\">\n<p class=\"\">\u00c0 l&rsquo;\u00e2ge de 16 ans, Julienne a eu sa premi\u00e8re vision, qui s&rsquo;est reproduite plusieurs fois pendant l&rsquo;adoration eucharistique. Sa vision pr\u00e9sentait la lune dans toute sa splendeur, travers\u00e9e diam\u00e9tralement par une bande sombre. Le Seigneur lui fit comprendre le sens de ce qui lui \u00e9tait apparu. La lune symbolisait la vie de l&rsquo;\u00c9glise sur terre, la ligne opaque, en revanche, repr\u00e9sentait l&rsquo;absence d&rsquo;une f\u00eate liturgique pour l&rsquo;institution de laquelle Julienne \u00e9tait invit\u00e9e \u00e0 plaider efficacement : une f\u00eate au cours de laquelle les croyants pourraient adorer l&rsquo;Eucharistie afin d&rsquo;accro\u00eetre leur foi, de progresser dans la pratique des vertus et de r\u00e9parer les offenses faites au Tr\u00e8s Saint Sacrement.<\/p>\n<cite>Pape Beno\u00eet XVI, <a href=\"https:\/\/www.vatican.va\/content\/benedict-xvi\/en\/audiences\/2010\/documents\/hf_ben-xvi_aud_20101117.pdf\">Audience g\u00e9n\u00e9rale du 17 novembre 2010<\/a><\/cite><\/blockquote>\n\n<p class=\"\">Sainte Julienne a gard\u00e9 cette r\u00e9v\u00e9lation comme un joyeux secret pendant 20 ans, la partageant finalement avec deux autres religieuses et un pr\u00eatre apr\u00e8s \u00eatre devenue prieure. Plus tard, l&rsquo;archidiacre de Li\u00e8ge, <a href=\"https:\/\/www.vatican.va\/content\/benedict-xvi\/en\/audiences\/2010\/documents\/hf_ben-xvi_aud_20101117.pdf\">Jacque de Pantal\u00e9on de Troyes<\/a>, \u00ab a \u00e9t\u00e9 gagn\u00e9 \u00e0 la bonne cause de la f\u00eate du Corps et du Sang du Christ pendant son minist\u00e8re. \u00bb Jacques sera plus tard connu sous le nom de Pape Urbain IV. <\/p>\n\n<p class=\"\">Avec l&rsquo;institution de la solennit\u00e9 du Corps et du Sang du Christ en 1264, le Pape Urbain IV a charg\u00e9 le docteur de l&rsquo;\u00c9glise saint Thomas d&rsquo;Aquin de composer les textes de l&rsquo;office liturgique de la F\u00eate-Dieu. Les textes comprennent le Sacris Solemnis, le Panis Angelicus, l&rsquo;Adoro Te Devote, le Pange Lingua et le O Salutaris. R\u00e9fl\u00e9chissant au texte, le Pape Beno\u00eet XVI <a href=\"https:\/\/www.vatican.va\/content\/benedict-xvi\/en\/audiences\/2010\/documents\/hf_ben-xvi_aud_20101117.pdf\">a d\u00e9clar\u00e9<\/a> : <\/p>\n\n<p class=\"\"><em>\u00ab Ce sont des chefs-d&rsquo;\u0153uvre, encore en usage dans l&rsquo;\u00c9glise aujourd&rsquo;hui, dans lesquels la th\u00e9ologie et la po\u00e9sie se fondent. Ces textes font vibrer la corde sensible dans une expression de louange et de gratitude envers le Tr\u00e8s Saint Sacrement, tandis que l&rsquo;esprit, p\u00e9n\u00e9trant le myst\u00e8re avec \u00e9merveillement, reconna\u00eet dans l&rsquo;Eucharistie la Pr\u00e9sence vivante et r\u00e9elle de J\u00e9sus, de son Sacrifice d&rsquo;Amour qui nous r\u00e9concilie avec le P\u00e8re, et nous donne le salut. \u00bb <\/em><\/p>\n\n<p class=\"\">Sur Hallow, priez avec ces m\u00eames textes de Saint Thomas d&rsquo;Aquin r\u00e9imagin\u00e9s, arrang\u00e9s et enregistr\u00e9s exclusivement pour Hallow. Associant les paroles originales en latin \u00e0 des traductions en anglais, cet album contemporain, Adoration, Vol. 1, est vraiment tr\u00e8s beau pour la pri\u00e8re et le culte. <\/p>\n\n<div class=\"wp-block-buttons is-content-justification-center is-layout-flex wp-container-core-buttons-is-layout-1 wp-block-buttons-is-layout-flex\">\n<div class=\"wp-block-button\"><a class=\"wp-block-button__link wp-element-button\" href=\"https:\/\/hallow.app.link\/ph588HncgAb\">C\u00e9l\u00e9brez la f\u00eate du Saint Sacrement avec Hallow<\/a><\/div>\n<\/div>\n\n<h2 class=\"wp-block-heading\" id=\"corpus-christi-meaning\">Signification de la F\u00eate-Dieu<\/h2>\n\n<p class=\"\">Au c\u0153ur de cette solennit\u00e9 se trouve la c\u00e9l\u00e9bration de la pr\u00e9sence constante du Christ sur terre, pleinement vivant dans l&rsquo;Eucharistie. \u00c0 l&rsquo;occasion de la F\u00eate-Dieu en 2022, le Pape Fran\u00e7ois a <a href=\"https:\/\/www.vatican.va\/content\/francesco\/en\/angelus\/2022\/documents\/20220619-angelus.html\">r\u00e9fl\u00e9chi \u00e0<\/a> la nature \u00e0 la fois discr\u00e8te et puissante de l&rsquo;Eucharistie d\u00e9crite dans les \u00c9vangiles :<\/p>\n\n<blockquote class=\"wp-block-quote is-layout-flow wp-block-quote-is-layout-flow\">\n<p class=\"\"><em>Le miracle des pains et des poissons ne se produit pas de mani\u00e8re spectaculaire, mais presque discr\u00e8tement, comme lors des noces de Cana &#8211; le pain augmente au fur et \u00e0 mesure qu&rsquo;il passe de main en main. <\/em><strong><em>Et pendant que la foule mange, elle se rend compte que J\u00e9sus s&rsquo;occupe de tout.<\/em><\/strong><em>. C&rsquo;est le Seigneur pr\u00e9sent dans l&rsquo;Eucharistie. Il nous appelle \u00e0 \u00eatre des citoyens du Ciel, mais en m\u00eame temps, il prend en compte le chemin que nous devons parcourir ici sur terre. Si je n&rsquo;ai presque plus de pain dans mon sac, il le sait et s&rsquo;en occupe lui-m\u00eame.<\/em><\/p>\n<cite>Pape Fran\u00e7ois<\/cite><\/blockquote>\n\n<p class=\"\">C&rsquo;est la v\u00e9ritable signification de l&rsquo;Eucharistie &#8211; qu&rsquo;Il est ici, avec nous. Comme l&rsquo;\u00e9crivait sainte Th\u00e9r\u00e8se de Lisieux dans une lettre \u00e0 une amie : <em>\u00ab Oh, ma ch\u00e9rie, pense donc que J\u00e9sus est l\u00e0, dans le Tabernacle, express\u00e9ment pour toi, pour toi seule. \u00bb<\/em><\/p>\n\n<p class=\"\"><strong><em>En savoir plus : Guide de Hallow sur <\/em><\/strong><a href=\"https:\/\/hallow.com\/blog\/eucharist-holy-communion-adoration-prayer\/\"><strong><em>l&rsquo;Adoration eucharistique et pri\u00e8res pour la Sainte Communion<\/em><\/strong><\/a><\/p>\n\n<h2 class=\"wp-block-heading\" id=\"corpus-christi-prayers\">Pri\u00e8res de la f\u00eate du Saint Sacrement<\/h2>\n\n<h3 class=\"wp-block-heading\" id=\"lectio-divina\">Lectio Divina : Lecture de l&rsquo;\u00c9vangile &#8211; 2 juin 2024<\/h3>\n\n<p class=\"\">Le premier jour de la f\u00eate des pains sans levain,<br\/>o\u00f9 l\u2019on immolait l\u2019agneau pascal,<br\/>les disciples de J\u00e9sus lui disent :<br\/>\u00ab O\u00f9 veux-tu que nous allions<br\/>faire les pr\u00e9paratifs pour que tu manges la P\u00e2que ? \u00bb<br\/>Il envoie deux de ses disciples en leur disant :<br\/>\u00ab Allez \u00e0 la ville ;<br\/>un homme portant une cruche d\u2019eau viendra \u00e0 votre rencontre.<br\/>Suivez-le,<br\/>et l\u00e0 o\u00f9 il entrera, dites au propri\u00e9taire :<br\/>\u201cLe Ma\u00eetre te fait dire : &lsquo;O\u00f9 est la salle<br\/>o\u00f9 je pourrai manger la P\u00e2que avec mes disciples ?'\u00a0\u00bb<br\/>Il vous indiquera, \u00e0 l\u2019\u00e9tage, une grande pi\u00e8ce am\u00e9nag\u00e9e et pr\u00eate pour un repas.<br\/>Faites-y pour nous les pr\u00e9paratifs. \u00bb<br\/>Les disciples partirent, all\u00e8rent \u00e0 la ville ;<br\/>ils trouv\u00e8rent tout comme J\u00e9sus leur avait dit,<br\/>et ils pr\u00e9par\u00e8rent la P\u00e2que.<\/p>\n\n<p class=\"\">Pendant le repas,<br\/>J\u00e9sus, ayant pris du pain et prononc\u00e9 la b\u00e9n\u00e9diction,<br\/>le rompit, le leur donna, et dit :<br\/>\u00ab Prenez, ceci est mon corps. \u00bb<br\/>Puis, ayant pris une coupe et ayant rendu gr\u00e2ce, il la leur donna,<br\/>et ils en burent tous.<br\/>Et il leur dit :<br\/>\u00ab Ceci est mon sang, le sang de l\u2019Alliance,<br\/>vers\u00e9 pour la multitude.<br\/>Amen, je vous le dis :<br\/>je ne boirai plus du fruit de la vigne,<br\/>jusqu\u2019au jour o\u00f9 je le boirai, nouveau, dans le royaume de Dieu. \u00bb<br\/>Apr\u00e8s avoir chant\u00e9 les psaumes,<br\/>ils partirent pour le mont des Oliviers.<\/p>\n\n<p class=\"\">Y a-t-il une phrase, un mot ou une image qui vous a particuli\u00e8rement frapp\u00e9 dans cette lecture ? Que signifie pour nous le fait que J\u00e9sus soit le \u00ab Pain vivant \u00bb ? <\/p>\n\n<h3 class=\"wp-block-heading\" id=\"i-am-here-meditations\">M\u00e9ditez : M\u00e9ditations \u00ab I Am Here \u00bb <\/h3>\n\n<p class=\"\">Hallow et l&rsquo;archidioc\u00e8se de D\u00e9troit se sont associ\u00e9s pour lancer la campagne \u00ab <a href=\"https:\/\/www.iamhere.org\/\">I Am <\/a> Here \u00bb afin de soutenir le <a href=\"https:\/\/www.eucharisticrevival.org\/\">R\u00e9veil Eucharistique national<\/a> dans l&rsquo;\u00c9glise catholique am\u00e9ricaine en 2022. Retrouvez les magnifiques m\u00e9ditations affirmatives \u00ab I Am \u00bb pour l&rsquo;adoration eucharistique \u00e0 l&rsquo;aube, avec des pri\u00e8res pour chercher Dieu dans la solitude, le chagrin, la col\u00e8re, la fatigue, et des pri\u00e8res qui vous conduisent \u00e0 la paix, \u00e0 la patience et \u00e0 la confiance en J\u00e9sus. Les m\u00e9ditations \u00ab I Am \u00bb sont anim\u00e9es par Julianne Stanz et Monseigneur Andrew Cozzens. Voici une belle m\u00e9ditation sur la premi\u00e8re m\u00e9ditation \u00ab I Am \u00bb : \u00ab I Am God \u00bb (\u00ab Je Suis Dieu \u00bb).<\/p>\n\n<blockquote class=\"wp-block-quote is-layout-flow wp-block-quote-is-layout-flow\">\n<p class=\"\"><em>Soyez tranquille et s\u00fbrs. Le calme du c\u0153ur et de l&rsquo;esprit nous pr\u00e9pare \u00e0 des conversations avec Dieu. Lorsque nous sommes pr\u00e9sents et immobiles, les Saintes \u00c9critures nous disent que nous aurons la connaissance ou la sagesse de Dieu. Souvent, nous sommes tellement occup\u00e9s dans nos conversations \u00e0 nous pr\u00e9parer \u00e0 r\u00e9pondre que nous oublions de nous arr\u00eater et d&rsquo;\u00eatre pr\u00e9sents \u00e0 ce qui est dit et \u00e0 ce qui n&rsquo;est pas dit. Aujourd&rsquo;hui, de nombreuses personnes ne se sentent pas vraiment \u00e9cout\u00e9es. Lorsque nous sommes \u00e9cout\u00e9s, nous ne sommes pas compris. Nous avons l&rsquo;impression que personne ne sait vraiment qui nous sommes ou que personne ne s&rsquo;int\u00e9resse suffisamment \u00e0 nous pour nous \u00e9couter. Mais Dieu vous conna\u00eet mieux que quiconque. Il est \u00e0 l&rsquo;\u00e9coute. Il est ici.<\/em><\/p>\n<cite>M\u00e9ditation 1 : Commencer ici, avec Julianne Stanz<\/cite><\/blockquote>\n\n<div class=\"wp-block-buttons is-content-justification-center is-layout-flex wp-container-core-buttons-is-layout-2 wp-block-buttons-is-layout-flex\">\n<div class=\"wp-block-button\"><a class=\"wp-block-button__link wp-element-button\" href=\"https:\/\/hallow.app.link\/ph588HncgAb\">M\u00e9ditations \u00ab I Am \u00bb sur Hallow<\/a><\/div>\n<\/div>\n\n<h3 class=\"wp-block-heading\" id=\"traditional-eucharistic-prayers\">Pri\u00e8res eucharistiques traditionnelles<\/h3>\n\n<h4 class=\"wp-block-heading\" id=\"h-anima-christi-nbsp\">Anima Christi <\/h4>\n\n<p class=\"\">Invoquer J\u00e9sus et lui demander de s&rsquo;approcher. <\/p>\n\n<p class=\"\"><em>\u00c2me du Christ, sanctifie-moi.<\/em><em><br\/><\/em><em>Corps du Christ, sauve-moi.<\/em><em><br\/><\/em><em>Sang du Christ, enivre-moi.<\/em><em><br\/><\/em><em>Eau du c\u00f4t\u00e9 du Christ, lave-moi.<\/em><em><br\/><\/em><em>Passion du Christ, fortifie-moi.<\/em><em><br\/><\/em><em>\u00d4 bon J\u00e9sus, \u00e9coutez-moi.<\/em><em><br\/><\/em><em>Cachez-moi dans Vos plaies.<\/em><em><br\/><\/em><em>Ne permettez pas que je sois jamais s\u00e9par\u00e9 de vous.<\/em><em><br\/><\/em><em>D\u00e9fendez-moi contre la malice de mes ennemis.<\/em><em><br\/><\/em><em>Appelez-moi \u00e0 l&rsquo;heure de ma mort<\/em><em><br\/><\/em><em>Et ordonnez-moi d&rsquo;aller avec vous.<\/em><em><br\/><\/em><em>Pour qu&rsquo;avec tes saints je te loue,<\/em><em><br\/><\/em><em>Dans les si\u00e8cles des si\u00e8cles. Amen.<\/em><\/p>\n\n<h4 class=\"wp-block-heading\" id=\"h-spiritual-communion\">La Communion Spirituelle<\/h4>\n\n<p class=\"\">Une pri\u00e8re pour les personnes qui ne peuvent pas recevoir la Communion. <\/p>\n\n<p class=\"\"><em>Mon J\u00e9sus, je crois que Vous \u00eates pr\u00e9sent dans le Tr\u00e8s Saint Sacrement. Je Vous aime par-dessus tout et je d\u00e9sire Vous recevoir dans mon \u00e2me. Puisque je ne peux pas Vous recevoir sacramentellement, venez au moins spirituellement dans mon c\u0153ur. Je Vous embrasse comme si Vous \u00e9tiez d\u00e9j\u00e0 l\u00e0, et je m&rsquo;unis enti\u00e8rement \u00e0 Vous. Ne permettez jamais que je sois s\u00e9par\u00e9 de Vous. <\/em><\/p>\n\n<h4 class=\"wp-block-heading\" id=\"h-pange-lingua-nbsp\">Pange Lingua <\/h4>\n\n<p class=\"\">Un hymne eucharistique et une pri\u00e8re de saint Thomas d&rsquo;Aquin. <\/p>\n\n<p class=\"\"><em>\u00ab Chante, \u00d4 ma langue, le myst\u00e8re<\/em><\/p>\n\n<p class=\"\"><em>de ce corps tr\u00e8s glorieux ;<\/em><\/p>\n\n<p class=\"\"><em>et de ce sang si pr\u00e9cieux<\/em><\/p>\n\n<p class=\"\"><em>vers\u00e9 par notre Roi immortel,<\/em><\/p>\n\n<p class=\"\"><em>destin\u00e9 \u00e0 la r\u00e9demption du monde,<\/em><\/p>\n\n<p class=\"\"><em>issu d&rsquo;une noble lign\u00e9e&#8230; \u00bb <\/em><\/p>\n\n<div class=\"wp-block-buttons is-content-justification-center is-layout-flex wp-container-core-buttons-is-layout-3 wp-block-buttons-is-layout-flex\">\n<div class=\"wp-block-button\"><a class=\"wp-block-button__link wp-element-button\" href=\"https:\/\/hallow.app.link\/ph588HncgAb\">Pri\u00e8res eucharistiques sur Hallow<\/a><\/div>\n<\/div>\n\n<h2 class=\"wp-block-heading\" id=\"FAQ\">Foire aux questions &#8211; F\u00eate-Dieu <\/h2>\n\n<div class=\"schema-faq wp-block-yoast-faq-block\"><div class=\"schema-faq-section\" id=\"faq-question-1685742431238\"><strong class=\"schema-faq-question\"><strong>Qu&rsquo;est-ce que la F\u00eate-Dieu ? <\/strong><\/strong> <p class=\"schema-faq-answer\">Traditionnellement connue comme la F\u00eate-Dieu, la f\u00eate du Saint Sacrement c\u00e9l\u00e8bre le don de l&rsquo;Eucharistie. Rappelant le repas des cinq mille hommes, les noces de Cana et la C\u00e8ne, cette journ\u00e9e sp\u00e9ciale comm\u00e9more le fait qu&rsquo;avec la R\u00e9surrection et l&rsquo;Ascension de J\u00e9sus au ciel, Il est toujours pr\u00e9sent avec nous, pleinement vivant dans l&rsquo;Eucharistie. <\/p> <\/div> <div class=\"schema-faq-section\" id=\"faq-question-1685742442871\"><strong class=\"schema-faq-question\"><strong>Quand la F\u00eate-Dieu a-t-elle \u00e9t\u00e9 institu\u00e9e ?<\/strong><\/strong> <p class=\"schema-faq-answer\">Le pape Urbain IV a institu\u00e9 la F\u00eate-Dieu en 1264 et a demand\u00e9 \u00e0 saint Thomas d&rsquo;Aquin, docteur en th\u00e9ologie, de composer les hymnes de la premi\u00e8re messe de la F\u00eate-Dieu, dont le \u00ab Pange Lingua \u00bb.<\/p> <\/div> <div class=\"schema-faq-section\" id=\"faq-question-1685742457317\"><strong class=\"schema-faq-question\"><strong>Que signifie \u00ab Corpus Christi \u00bb (la F\u00eate-Dieu) ?<\/strong><\/strong> <p class=\"schema-faq-answer\">Le latin \u00ab Corpus Christi \u00bb se traduit en fran\u00e7ais par \u00ab Corps du Christ \u00bb. <\/p> <\/div> <div class=\"schema-faq-section\" id=\"faq-question-1685742462772\"><strong class=\"schema-faq-question\"><strong>Quand a lieu la f\u00eate du Corpus Christi (F\u00eate-Dieu) ?<\/strong><\/strong> <p class=\"schema-faq-answer\">Historiquement, la F\u00eate-Dieu a toujours \u00e9t\u00e9 c\u00e9l\u00e9br\u00e9e le jeudi suivant le dimanche de la Trinit\u00e9, soit le 30 mai 2024. De nombreux dioc\u00e8ses ont toutefois transf\u00e9r\u00e9 la c\u00e9l\u00e9bration au dimanche 2 juin 2024. <\/p> <\/div> <div class=\"schema-faq-section\" id=\"faq-question-1685742477003\"><strong class=\"schema-faq-question\"><strong>La F\u00eate-Dieu est-elle une f\u00eate religieuse obligatoire ?<\/strong><\/strong> <p class=\"schema-faq-answer\">Bien qu&rsquo;il s&rsquo;agisse d&rsquo;une solennit\u00e9, la F\u00eate-Dieu n&rsquo;est pas une f\u00eate religieuse obligatoire. Avec le transfert de la c\u00e9l\u00e9bration au dimanche 2 juin 2024, les catholiques sont d\u00e9j\u00e0 encourag\u00e9s \u00e0 assister \u00e0 la messe ce jour-l\u00e0. <\/p> <\/div> <\/div>\n\n<h2 class=\"wp-block-heading\" id=\"related-reading\">Lire aussi<\/h2>\n\n<ul class=\"wp-block-list\">\n<li><a href=\"https:\/\/hallow.com\/blog\/how-to-pray-the-sacred-heart-novena\/\">Neuvaine au Sacr\u00e9-C\u0153ur<\/a><\/li>\n\n\n\n<li><a href=\"https:\/\/hallow.com\/blog\/holy-thursday\/\">Jeudi Saint<\/a><\/li>\n\n\n\n<li><a href=\"https:\/\/hallow.com\/blog\/feast-of-the-ascension-of-the-lord\/\">L&rsquo;Ascension du Seigneur<\/a><\/li>\n\n\n\n<li><a href=\"https:\/\/hallow.com\/blog\/how-to-pray-the-surrender-novena\/\">Neuvaine de l&rsquo;abandon<\/a><\/li>\n\n\n\n<li><a href=\"https:\/\/hallow.com\/blog\/prayers-for-strength\/\">Pri\u00e8res pour la force <\/a><\/li>\n\n\n\n<li><a href=\"https:\/\/hallow.com\/blog\/prayers-to-the-holy-spirit\/\">Pri\u00e8res \u00e0 l&rsquo;Esprit Saint<\/a><\/li>\n<\/ul>\n\n<div class=\"wp-block-buttons is-content-justification-center is-layout-flex wp-container-core-buttons-is-layout-4 wp-block-buttons-is-layout-flex\">\n<div class=\"wp-block-button\"><a class=\"wp-block-button__link wp-element-button\" href=\"https:\/\/hallow.app.link\/ph588HncgAb\">Priez avec Hallow pour la F\u00eate-Dieu<\/a><\/div>\n<\/div>\n","protected":false},"excerpt":{"rendered":"<p>La f\u00eate du Saint Sacrement (F\u00eate-Dieu) est c\u00e9l\u00e9br\u00e9e le 30 mai, le jeudi suivant le dimanche de la Trinit\u00e9. De nombreux dioc\u00e8ses ont toutefois transf\u00e9r\u00e9 la c\u00e9l\u00e9bration de cette f\u00eate au dimanche 2 juin 2024. \u00ab En adorant le Corps et le Sang du Christ, demandons-lui de tout notre c\u0153ur : \u00ab\u00a0Seigneur, donne-moi le pain &hellip; <a href=\"https:\/\/hallow.com\/fr\/blog\/fete-du-saint-sacrement\/\">Continued<\/a><\/p>\n","protected":false},"author":43,"featured_media":59833,"comment_status":"closed","ping_status":"closed","sticky":false,"template":"","format":"standard","meta":{"_acf_changed":false,"_et_pb_use_builder":"off","_et_pb_old_content":"","_et_gb_content_width":"","inline_featured_image":false,"footnotes":""},"categories":[324],"tags":[],"class_list":["post-59832","post","type-post","status-publish","format-standard","has-post-thumbnail","hentry","category-non-classifiee"],"acf":[],"yoast_head":"<!-- This site is optimized with the Yoast SEO Premium plugin v24.3 (Yoast SEO v25.6) - https:\/\/yoast.com\/wordpress\/plugins\/seo\/ -->\n<title>F\u00eate du Saint Sacrement - F\u00eate-Dieu 2024<\/title>\n<meta name=\"description\" content=\"Traditionnellement connue comme la F\u00eate-Dieu, la f\u00eate du Saint Sacrement c\u00e9l\u00e8bre le don de l&#039;Eucharistie. Cette journ\u00e9e sp\u00e9ciale comm\u00e9more le fait qu&#039;avec la R\u00e9surrection et l&#039;Ascension de J\u00e9sus au ciel, il est toujours pr\u00e9sent avec nous, pleinement vivant dans l&#039;Eucharistie.\" \/>\n<meta name=\"robots\" content=\"index, follow, max-snippet:-1, max-image-preview:large, max-video-preview:-1\" \/>\n<link rel=\"canonical\" href=\"https:\/\/hallow.com\/fr\/blog\/fete-du-saint-sacrement\/\" \/>\n<meta property=\"og:locale\" content=\"fr_FR\" \/>\n<meta property=\"og:type\" content=\"article\" \/>\n<meta property=\"og:title\" content=\"F\u00eate du Saint Sacrement - F\u00eate-Dieu 2024\" \/>\n<meta property=\"og:description\" content=\"Traditionnellement connue comme la F\u00eate-Dieu, la f\u00eate du Saint Sacrement c\u00e9l\u00e8bre le don de l&#039;Eucharistie. Cette journ\u00e9e sp\u00e9ciale comm\u00e9more le fait qu&#039;avec la R\u00e9surrection et l&#039;Ascension de J\u00e9sus au ciel, il est toujours pr\u00e9sent avec nous, pleinement vivant dans l&#039;Eucharistie.\" \/>\n<meta property=\"og:url\" content=\"https:\/\/hallow.com\/fr\/blog\/fete-du-saint-sacrement\/\" \/>\n<meta property=\"og:site_name\" content=\"Hallow\" \/>\n<meta property=\"article:publisher\" content=\"https:\/\/facebook.com\/hallowapp\" \/>\n<meta property=\"article:published_time\" content=\"2024-09-16T15:26:00+00:00\" \/>\n<meta property=\"og:image\" content=\"https:\/\/hallow.com\/wp-content\/uploads\/2023\/06\/88\u2014Spiritual-Communion.png\" \/>\n\t<meta property=\"og:image:width\" content=\"1884\" \/>\n\t<meta property=\"og:image:height\" content=\"1320\" \/>\n\t<meta property=\"og:image:type\" content=\"image\/png\" \/>\n<meta name=\"author\" content=\"Cate Von Dohlen\" \/>\n<meta name=\"twitter:card\" content=\"summary_large_image\" \/>\n<meta name=\"twitter:creator\" content=\"@hallowapp\" \/>\n<meta name=\"twitter:site\" content=\"@hallowapp\" \/>\n<script type=\"application\/ld+json\" class=\"yoast-schema-graph\">{\"@context\":\"https:\/\/schema.org\",\"@graph\":[{\"@type\":\"Article\",\"@id\":\"https:\/\/hallow.com\/fr\/blog\/fete-du-saint-sacrement\/#article\",\"isPartOf\":{\"@id\":\"https:\/\/hallow.com\/fr\/blog\/fete-du-saint-sacrement\/\"},\"author\":{\"name\":\"Cate Von Dohlen\",\"@id\":\"https:\/\/hallow.com\/fr\/#\/schema\/person\/d3d6f2dcb701946a896f4acefa7e4a75\"},\"headline\":\"F\u00eate du Saint Sacrement &#8211; F\u00eate-Dieu 2024\",\"datePublished\":\"2024-09-16T15:26:00+00:00\",\"mainEntityOfPage\":{\"@id\":\"https:\/\/hallow.com\/fr\/blog\/fete-du-saint-sacrement\/\"},\"wordCount\":2019,\"publisher\":{\"@id\":\"https:\/\/hallow.com\/fr\/#organization\"},\"image\":{\"@id\":\"https:\/\/hallow.com\/fr\/blog\/fete-du-saint-sacrement\/#primaryimage\"},\"thumbnailUrl\":\"https:\/\/hallow.com\/wp-content\/uploads\/2023\/06\/88\u2014Spiritual-Communion.png\",\"articleSection\":[\"Non classifi\u00e9(e)\"],\"inLanguage\":\"fr-FR\"},{\"@type\":[\"WebPage\",\"FAQPage\"],\"@id\":\"https:\/\/hallow.com\/fr\/blog\/fete-du-saint-sacrement\/\",\"url\":\"https:\/\/hallow.com\/fr\/blog\/fete-du-saint-sacrement\/\",\"name\":\"F\u00eate du Saint Sacrement - F\u00eate-Dieu 2024\",\"isPartOf\":{\"@id\":\"https:\/\/hallow.com\/fr\/#website\"},\"primaryImageOfPage\":{\"@id\":\"https:\/\/hallow.com\/fr\/blog\/fete-du-saint-sacrement\/#primaryimage\"},\"image\":{\"@id\":\"https:\/\/hallow.com\/fr\/blog\/fete-du-saint-sacrement\/#primaryimage\"},\"thumbnailUrl\":\"https:\/\/hallow.com\/wp-content\/uploads\/2023\/06\/88\u2014Spiritual-Communion.png\",\"datePublished\":\"2024-09-16T15:26:00+00:00\",\"description\":\"Traditionnellement connue comme la F\u00eate-Dieu, la f\u00eate du Saint Sacrement c\u00e9l\u00e8bre le don de l'Eucharistie. Cette journ\u00e9e sp\u00e9ciale comm\u00e9more le fait qu'avec la R\u00e9surrection et l'Ascension de J\u00e9sus au ciel, il est toujours pr\u00e9sent avec nous, pleinement vivant dans l'Eucharistie.\",\"breadcrumb\":{\"@id\":\"https:\/\/hallow.com\/fr\/blog\/fete-du-saint-sacrement\/#breadcrumb\"},\"mainEntity\":[{\"@id\":\"https:\/\/hallow.com\/fr\/blog\/fete-du-saint-sacrement\/#faq-question-1685742431238\"},{\"@id\":\"https:\/\/hallow.com\/fr\/blog\/fete-du-saint-sacrement\/#faq-question-1685742442871\"},{\"@id\":\"https:\/\/hallow.com\/fr\/blog\/fete-du-saint-sacrement\/#faq-question-1685742457317\"},{\"@id\":\"https:\/\/hallow.com\/fr\/blog\/fete-du-saint-sacrement\/#faq-question-1685742462772\"},{\"@id\":\"https:\/\/hallow.com\/fr\/blog\/fete-du-saint-sacrement\/#faq-question-1685742477003\"}],\"inLanguage\":\"fr-FR\",\"potentialAction\":[{\"@type\":\"ReadAction\",\"target\":[\"https:\/\/hallow.com\/fr\/blog\/fete-du-saint-sacrement\/\"]}]},{\"@type\":\"ImageObject\",\"inLanguage\":\"fr-FR\",\"@id\":\"https:\/\/hallow.com\/fr\/blog\/fete-du-saint-sacrement\/#primaryimage\",\"url\":\"https:\/\/hallow.com\/wp-content\/uploads\/2023\/06\/88\u2014Spiritual-Communion.png\",\"contentUrl\":\"https:\/\/hallow.com\/wp-content\/uploads\/2023\/06\/88\u2014Spiritual-Communion.png\",\"width\":1884,\"height\":1320},{\"@type\":\"BreadcrumbList\",\"@id\":\"https:\/\/hallow.com\/fr\/blog\/fete-du-saint-sacrement\/#breadcrumb\",\"itemListElement\":[{\"@type\":\"ListItem\",\"position\":1,\"name\":\"Home\",\"item\":\"https:\/\/hallow.com\/fr\/\"},{\"@type\":\"ListItem\",\"position\":2,\"name\":\"F\u00eate du Saint Sacrement &#8211; F\u00eate-Dieu 2024\"}]},{\"@type\":\"WebSite\",\"@id\":\"https:\/\/hallow.com\/fr\/#website\",\"url\":\"https:\/\/hallow.com\/fr\/\",\"name\":\"Hallow\",\"description\":\"Catholic Prayer and Meditation App\",\"publisher\":{\"@id\":\"https:\/\/hallow.com\/fr\/#organization\"},\"potentialAction\":[{\"@type\":\"SearchAction\",\"target\":{\"@type\":\"EntryPoint\",\"urlTemplate\":\"https:\/\/hallow.com\/fr\/?s={search_term_string}\"},\"query-input\":{\"@type\":\"PropertyValueSpecification\",\"valueRequired\":true,\"valueName\":\"search_term_string\"}}],\"inLanguage\":\"fr-FR\"},{\"@type\":\"Organization\",\"@id\":\"https:\/\/hallow.com\/fr\/#organization\",\"name\":\"Hallow\",\"url\":\"https:\/\/hallow.com\/fr\/\",\"logo\":{\"@type\":\"ImageObject\",\"inLanguage\":\"fr-FR\",\"@id\":\"https:\/\/hallow.com\/fr\/#\/schema\/logo\/image\/\",\"url\":\"https:\/\/hallow.com\/wp-content\/uploads\/2019\/04\/Purple-Logo.png\",\"contentUrl\":\"https:\/\/hallow.com\/wp-content\/uploads\/2019\/04\/Purple-Logo.png\",\"width\":1470,\"height\":292,\"caption\":\"Hallow\"},\"image\":{\"@id\":\"https:\/\/hallow.com\/fr\/#\/schema\/logo\/image\/\"},\"sameAs\":[\"https:\/\/facebook.com\/hallowapp\",\"https:\/\/x.com\/hallowapp\",\"https:\/\/instagram.com\/hallowapp\"]},{\"@type\":\"Person\",\"@id\":\"https:\/\/hallow.com\/fr\/#\/schema\/person\/d3d6f2dcb701946a896f4acefa7e4a75\",\"name\":\"Cate Von Dohlen\"},{\"@type\":\"Question\",\"@id\":\"https:\/\/hallow.com\/fr\/blog\/fete-du-saint-sacrement\/#faq-question-1685742431238\",\"position\":1,\"url\":\"https:\/\/hallow.com\/fr\/blog\/fete-du-saint-sacrement\/#faq-question-1685742431238\",\"name\":\"What is the Feast of Corpus Christi?\u00a0\",\"answerCount\":1,\"acceptedAnswer\":{\"@type\":\"Answer\",\"text\":\"Traditionally known as the Solemnity of the Most Holy Body and Blood of Christ, Corpus Christi celebrates the gift of the Eucharist. Harkening back to the Feeding of the Five Thousand, the Wedding at Cana, and the Last Supper, this special day commemorates that with Jesus\u2019 Resurrection and Ascension into Heaven, He is always present with us, fully alive in the Eucharist.\u00a0\",\"inLanguage\":\"fr-FR\"},\"inLanguage\":\"fr-FR\"},{\"@type\":\"Question\",\"@id\":\"https:\/\/hallow.com\/fr\/blog\/fete-du-saint-sacrement\/#faq-question-1685742442871\",\"position\":2,\"url\":\"https:\/\/hallow.com\/fr\/blog\/fete-du-saint-sacrement\/#faq-question-1685742442871\",\"name\":\"When was Corpus Christ instituted?\",\"answerCount\":1,\"acceptedAnswer\":{\"@type\":\"Answer\",\"text\":\"Pope Urban IV instituted Corpus Christi in 1264 and commissioned church doctor St. Thomas Aquinas to compose the hymns for the first Corpus Christi Mass, including the \u201cPange Lingua.\u201d\",\"inLanguage\":\"fr-FR\"},\"inLanguage\":\"fr-FR\"},{\"@type\":\"Question\",\"@id\":\"https:\/\/hallow.com\/fr\/blog\/fete-du-saint-sacrement\/#faq-question-1685742457317\",\"position\":3,\"url\":\"https:\/\/hallow.com\/fr\/blog\/fete-du-saint-sacrement\/#faq-question-1685742457317\",\"name\":\"What does \u201cCorpus Christi\u201d mean?\",\"answerCount\":1,\"acceptedAnswer\":{\"@type\":\"Answer\",\"text\":\"The Latin \u201cCorpus Christi\u201d translates to \u201cBody of Christ\u201d in English.\u00a0\",\"inLanguage\":\"fr-FR\"},\"inLanguage\":\"fr-FR\"},{\"@type\":\"Question\",\"@id\":\"https:\/\/hallow.com\/fr\/blog\/fete-du-saint-sacrement\/#faq-question-1685742462772\",\"position\":4,\"url\":\"https:\/\/hallow.com\/fr\/blog\/fete-du-saint-sacrement\/#faq-question-1685742462772\",\"name\":\"When is the Feast of Corpus Christi?\",\"answerCount\":1,\"acceptedAnswer\":{\"@type\":\"Answer\",\"text\":\"Historically, the Feast of Corpus Christi has always been celebrated the Thursday after Trinity Sunday \u2013 May 30, in 2024. Many dioceses, however, have transferred the celebration to Sunday, June 2, 2024.\u00a0\",\"inLanguage\":\"fr-FR\"},\"inLanguage\":\"fr-FR\"},{\"@type\":\"Question\",\"@id\":\"https:\/\/hallow.com\/fr\/blog\/fete-du-saint-sacrement\/#faq-question-1685742477003\",\"position\":5,\"url\":\"https:\/\/hallow.com\/fr\/blog\/fete-du-saint-sacrement\/#faq-question-1685742477003\",\"name\":\"Is Corpus Christi a holy day of obligation?\",\"answerCount\":1,\"acceptedAnswer\":{\"@type\":\"Answer\",\"text\":\"Though it is a solemnity, Corpus Christi is not a holy day of obligation. With the transfer of the celebration to Sunday, June 2, 2024, Catholics are already expected and encouraged to attend Mass that day.\u00a0\",\"inLanguage\":\"fr-FR\"},\"inLanguage\":\"fr-FR\"}]}<\/script>\n<!-- \/ Yoast SEO Premium plugin. -->","yoast_head_json":{"title":"F\u00eate du Saint Sacrement - F\u00eate-Dieu 2024","description":"Traditionnellement connue comme la F\u00eate-Dieu, la f\u00eate du Saint Sacrement c\u00e9l\u00e8bre le don de l'Eucharistie. Cette journ\u00e9e sp\u00e9ciale comm\u00e9more le fait qu'avec la R\u00e9surrection et l'Ascension de J\u00e9sus au ciel, il est toujours pr\u00e9sent avec nous, pleinement vivant dans l'Eucharistie.","robots":{"index":"index","follow":"follow","max-snippet":"max-snippet:-1","max-image-preview":"max-image-preview:large","max-video-preview":"max-video-preview:-1"},"canonical":"https:\/\/hallow.com\/fr\/blog\/fete-du-saint-sacrement\/","og_locale":"fr_FR","og_type":"article","og_title":"F\u00eate du Saint Sacrement - F\u00eate-Dieu 2024","og_description":"Traditionnellement connue comme la F\u00eate-Dieu, la f\u00eate du Saint Sacrement c\u00e9l\u00e8bre le don de l'Eucharistie. Cette journ\u00e9e sp\u00e9ciale comm\u00e9more le fait qu'avec la R\u00e9surrection et l'Ascension de J\u00e9sus au ciel, il est toujours pr\u00e9sent avec nous, pleinement vivant dans l'Eucharistie.","og_url":"https:\/\/hallow.com\/fr\/blog\/fete-du-saint-sacrement\/","og_site_name":"Hallow","article_publisher":"https:\/\/facebook.com\/hallowapp","article_published_time":"2024-09-16T15:26:00+00:00","og_image":[{"width":1884,"height":1320,"url":"https:\/\/hallow.com\/wp-content\/uploads\/2023\/06\/88\u2014Spiritual-Communion.png","type":"image\/png"}],"author":"Cate Von Dohlen","twitter_card":"summary_large_image","twitter_creator":"@hallowapp","twitter_site":"@hallowapp","schema":{"@context":"https:\/\/schema.org","@graph":[{"@type":"Article","@id":"https:\/\/hallow.com\/fr\/blog\/fete-du-saint-sacrement\/#article","isPartOf":{"@id":"https:\/\/hallow.com\/fr\/blog\/fete-du-saint-sacrement\/"},"author":{"name":"Cate Von Dohlen","@id":"https:\/\/hallow.com\/fr\/#\/schema\/person\/d3d6f2dcb701946a896f4acefa7e4a75"},"headline":"F\u00eate du Saint Sacrement &#8211; F\u00eate-Dieu 2024","datePublished":"2024-09-16T15:26:00+00:00","mainEntityOfPage":{"@id":"https:\/\/hallow.com\/fr\/blog\/fete-du-saint-sacrement\/"},"wordCount":2019,"publisher":{"@id":"https:\/\/hallow.com\/fr\/#organization"},"image":{"@id":"https:\/\/hallow.com\/fr\/blog\/fete-du-saint-sacrement\/#primaryimage"},"thumbnailUrl":"https:\/\/hallow.com\/wp-content\/uploads\/2023\/06\/88\u2014Spiritual-Communion.png","articleSection":["Non classifi\u00e9(e)"],"inLanguage":"fr-FR"},{"@type":["WebPage","FAQPage"],"@id":"https:\/\/hallow.com\/fr\/blog\/fete-du-saint-sacrement\/","url":"https:\/\/hallow.com\/fr\/blog\/fete-du-saint-sacrement\/","name":"F\u00eate du Saint Sacrement - F\u00eate-Dieu 2024","isPartOf":{"@id":"https:\/\/hallow.com\/fr\/#website"},"primaryImageOfPage":{"@id":"https:\/\/hallow.com\/fr\/blog\/fete-du-saint-sacrement\/#primaryimage"},"image":{"@id":"https:\/\/hallow.com\/fr\/blog\/fete-du-saint-sacrement\/#primaryimage"},"thumbnailUrl":"https:\/\/hallow.com\/wp-content\/uploads\/2023\/06\/88\u2014Spiritual-Communion.png","datePublished":"2024-09-16T15:26:00+00:00","description":"Traditionnellement connue comme la F\u00eate-Dieu, la f\u00eate du Saint Sacrement c\u00e9l\u00e8bre le don de l'Eucharistie. Cette journ\u00e9e sp\u00e9ciale comm\u00e9more le fait qu'avec la R\u00e9surrection et l'Ascension de J\u00e9sus au ciel, il est toujours pr\u00e9sent avec nous, pleinement vivant dans l'Eucharistie.","breadcrumb":{"@id":"https:\/\/hallow.com\/fr\/blog\/fete-du-saint-sacrement\/#breadcrumb"},"mainEntity":[{"@id":"https:\/\/hallow.com\/fr\/blog\/fete-du-saint-sacrement\/#faq-question-1685742431238"},{"@id":"https:\/\/hallow.com\/fr\/blog\/fete-du-saint-sacrement\/#faq-question-1685742442871"},{"@id":"https:\/\/hallow.com\/fr\/blog\/fete-du-saint-sacrement\/#faq-question-1685742457317"},{"@id":"https:\/\/hallow.com\/fr\/blog\/fete-du-saint-sacrement\/#faq-question-1685742462772"},{"@id":"https:\/\/hallow.com\/fr\/blog\/fete-du-saint-sacrement\/#faq-question-1685742477003"}],"inLanguage":"fr-FR","potentialAction":[{"@type":"ReadAction","target":["https:\/\/hallow.com\/fr\/blog\/fete-du-saint-sacrement\/"]}]},{"@type":"ImageObject","inLanguage":"fr-FR","@id":"https:\/\/hallow.com\/fr\/blog\/fete-du-saint-sacrement\/#primaryimage","url":"https:\/\/hallow.com\/wp-content\/uploads\/2023\/06\/88\u2014Spiritual-Communion.png","contentUrl":"https:\/\/hallow.com\/wp-content\/uploads\/2023\/06\/88\u2014Spiritual-Communion.png","width":1884,"height":1320},{"@type":"BreadcrumbList","@id":"https:\/\/hallow.com\/fr\/blog\/fete-du-saint-sacrement\/#breadcrumb","itemListElement":[{"@type":"ListItem","position":1,"name":"Home","item":"https:\/\/hallow.com\/fr\/"},{"@type":"ListItem","position":2,"name":"F\u00eate du Saint Sacrement &#8211; F\u00eate-Dieu 2024"}]},{"@type":"WebSite","@id":"https:\/\/hallow.com\/fr\/#website","url":"https:\/\/hallow.com\/fr\/","name":"Hallow","description":"Catholic Prayer and Meditation App","publisher":{"@id":"https:\/\/hallow.com\/fr\/#organization"},"potentialAction":[{"@type":"SearchAction","target":{"@type":"EntryPoint","urlTemplate":"https:\/\/hallow.com\/fr\/?s={search_term_string}"},"query-input":{"@type":"PropertyValueSpecification","valueRequired":true,"valueName":"search_term_string"}}],"inLanguage":"fr-FR"},{"@type":"Organization","@id":"https:\/\/hallow.com\/fr\/#organization","name":"Hallow","url":"https:\/\/hallow.com\/fr\/","logo":{"@type":"ImageObject","inLanguage":"fr-FR","@id":"https:\/\/hallow.com\/fr\/#\/schema\/logo\/image\/","url":"https:\/\/hallow.com\/wp-content\/uploads\/2019\/04\/Purple-Logo.png","contentUrl":"https:\/\/hallow.com\/wp-content\/uploads\/2019\/04\/Purple-Logo.png","width":1470,"height":292,"caption":"Hallow"},"image":{"@id":"https:\/\/hallow.com\/fr\/#\/schema\/logo\/image\/"},"sameAs":["https:\/\/facebook.com\/hallowapp","https:\/\/x.com\/hallowapp","https:\/\/instagram.com\/hallowapp"]},{"@type":"Person","@id":"https:\/\/hallow.com\/fr\/#\/schema\/person\/d3d6f2dcb701946a896f4acefa7e4a75","name":"Cate Von Dohlen"},{"@type":"Question","@id":"https:\/\/hallow.com\/fr\/blog\/fete-du-saint-sacrement\/#faq-question-1685742431238","position":1,"url":"https:\/\/hallow.com\/fr\/blog\/fete-du-saint-sacrement\/#faq-question-1685742431238","name":"What is the Feast of Corpus Christi?\u00a0","answerCount":1,"acceptedAnswer":{"@type":"Answer","text":"Traditionally known as the Solemnity of the Most Holy Body and Blood of Christ, Corpus Christi celebrates the gift of the Eucharist. Harkening back to the Feeding of the Five Thousand, the Wedding at Cana, and the Last Supper, this special day commemorates that with Jesus\u2019 Resurrection and Ascension into Heaven, He is always present with us, fully alive in the Eucharist.\u00a0","inLanguage":"fr-FR"},"inLanguage":"fr-FR"},{"@type":"Question","@id":"https:\/\/hallow.com\/fr\/blog\/fete-du-saint-sacrement\/#faq-question-1685742442871","position":2,"url":"https:\/\/hallow.com\/fr\/blog\/fete-du-saint-sacrement\/#faq-question-1685742442871","name":"When was Corpus Christ instituted?","answerCount":1,"acceptedAnswer":{"@type":"Answer","text":"Pope Urban IV instituted Corpus Christi in 1264 and commissioned church doctor St. Thomas Aquinas to compose the hymns for the first Corpus Christi Mass, including the \u201cPange Lingua.\u201d","inLanguage":"fr-FR"},"inLanguage":"fr-FR"},{"@type":"Question","@id":"https:\/\/hallow.com\/fr\/blog\/fete-du-saint-sacrement\/#faq-question-1685742457317","position":3,"url":"https:\/\/hallow.com\/fr\/blog\/fete-du-saint-sacrement\/#faq-question-1685742457317","name":"What does \u201cCorpus Christi\u201d mean?","answerCount":1,"acceptedAnswer":{"@type":"Answer","text":"The Latin \u201cCorpus Christi\u201d translates to \u201cBody of Christ\u201d in English.\u00a0","inLanguage":"fr-FR"},"inLanguage":"fr-FR"},{"@type":"Question","@id":"https:\/\/hallow.com\/fr\/blog\/fete-du-saint-sacrement\/#faq-question-1685742462772","position":4,"url":"https:\/\/hallow.com\/fr\/blog\/fete-du-saint-sacrement\/#faq-question-1685742462772","name":"When is the Feast of Corpus Christi?","answerCount":1,"acceptedAnswer":{"@type":"Answer","text":"Historically, the Feast of Corpus Christi has always been celebrated the Thursday after Trinity Sunday \u2013 May 30, in 2024. Many dioceses, however, have transferred the celebration to Sunday, June 2, 2024.\u00a0","inLanguage":"fr-FR"},"inLanguage":"fr-FR"},{"@type":"Question","@id":"https:\/\/hallow.com\/fr\/blog\/fete-du-saint-sacrement\/#faq-question-1685742477003","position":5,"url":"https:\/\/hallow.com\/fr\/blog\/fete-du-saint-sacrement\/#faq-question-1685742477003","name":"Is Corpus Christi a holy day of obligation?","answerCount":1,"acceptedAnswer":{"@type":"Answer","text":"Though it is a solemnity, Corpus Christi is not a holy day of obligation. With the transfer of the celebration to Sunday, June 2, 2024, Catholics are already expected and encouraged to attend Mass that day.\u00a0","inLanguage":"fr-FR"},"inLanguage":"fr-FR"}]}},"_links":{"self":[{"href":"https:\/\/hallow.com\/fr\/wp-json\/wp\/v2\/posts\/59832"}],"collection":[{"href":"https:\/\/hallow.com\/fr\/wp-json\/wp\/v2\/posts"}],"about":[{"href":"https:\/\/hallow.com\/fr\/wp-json\/wp\/v2\/types\/post"}],"author":[{"embeddable":true,"href":"https:\/\/hallow.com\/fr\/wp-json\/wp\/v2\/users\/43"}],"replies":[{"embeddable":true,"href":"https:\/\/hallow.com\/fr\/wp-json\/wp\/v2\/comments?post=59832"}],"version-history":[{"count":3,"href":"https:\/\/hallow.com\/fr\/wp-json\/wp\/v2\/posts\/59832\/revisions"}],"predecessor-version":[{"id":62559,"href":"https:\/\/hallow.com\/fr\/wp-json\/wp\/v2\/posts\/59832\/revisions\/62559"}],"wp:featuredmedia":[{"embeddable":true,"href":"https:\/\/hallow.com\/fr\/wp-json\/wp\/v2\/media\/59833"}],"wp:attachment":[{"href":"https:\/\/hallow.com\/fr\/wp-json\/wp\/v2\/media?parent=59832"}],"wp:term":[{"taxonomy":"category","embeddable":true,"href":"https:\/\/hallow.com\/fr\/wp-json\/wp\/v2\/categories?post=59832"},{"taxonomy":"post_tag","embeddable":true,"href":"https:\/\/hallow.com\/fr\/wp-json\/wp\/v2\/tags?post=59832"}],"curies":[{"name":"wp","href":"https:\/\/api.w.org\/{rel}","templated":true}]}}