{"id":52191,"date":"2024-01-13T09:10:00","date_gmt":"2024-01-13T09:10:00","guid":{"rendered":"https:\/\/hallow.com\/?p=52191"},"modified":"2025-04-09T18:14:17","modified_gmt":"2025-04-09T18:14:17","slug":"niedziela-palmowa","status":"publish","type":"post","link":"https:\/\/hallow.com\/pl\/blog\/niedziela-palmowa\/","title":{"rendered":"Niedziela Palmowa 2025: Pismo \u015awi\u0119te, pie\u015bni, czytania i znaczenie palm"},"content":{"rendered":"\n<p class=\"\">Niedziela Palmowa: Spis tre\u015bci<\/p>\n\n<ul class=\"wp-block-list\">\n<li><a href=\"#intro\">Wprowadzenie<\/a><\/li>\n\n\n\n<li><a href=\"#biblical-roots\">Biblijne korzenie<\/a><\/li>\n\n\n\n<li><a href=\"#scripture\">Pismo \u015awi\u0119te na Niedziel\u0119 Palmow\u0105<\/a><\/li>\n\n\n\n<li><a href=\"#music\">Muzyka i psalmy<\/a><\/li>\n\n\n\n<li><a href=\"#liturgy\">Wszystko o liturgii i nabo\u017ce\u0144stwie Niedzieli Palmowej<\/a><\/li>\n\n\n\n<li><a href=\"#papal-mass\">Papieska msza w Niedziel\u0119 Palmow\u0105<\/a><\/li>\n\n\n\n<li><a href=\"#prayers\">Modlitwy Niedzieli Palmowej<\/a><\/li>\n\n\n\n<li><a href=\"#other-faiths\">Niedziela Palmowa w innych tradycjach religijnych<\/a><\/li>\n\n\n\n<li><a href=\"#faq\">Niedziela Palmowa &#8211; najcz\u0119\u015bciej zadawane pytania<\/a><\/li>\n<\/ul>\n\n<p id=\"intro\" class=\"\">Ostatnia niedziela przed <a href=\"https:\/\/hallow.com\/pl\/wielkanoc\/\">Wielkanoc\u0105<\/a>, Niedziela Palmowa, stanowi wa\u017cny dzie\u0144 w chrze\u015bcija\u0144skich tradycjach obejmuj\u0105cych tradycje katolickie, protestanckie i prawos\u0142awne.<\/p>\n\n<p class=\"\">W Ko\u015bciele katolickim Niedziela Palmowa jest sz\u00f3st\u0105 niedziel\u0105 <a href=\"https:\/\/hallow.com\/pl\/wielki-post\/\">Wielkiego Postu<\/a> i rozpoczyna <a href=\"https:\/\/hallow.com\/pl\/blog\/harmonogram-wielkiego-tygodnia\/\">Wielki Tydzie\u0144<\/a>.<\/p>\n\n<p class=\"\">To wyj\u0105tkowa, pi\u0119kna liturgia, kt\u00f3ra przygotowuje nas do Triduum Paschalnego i czerpie inspiracj\u0119 z <a href=\"https:\/\/hallow.com\/blog\/how-to-pray-the-gospels\/\">Ewangelii<\/a>.<\/p>\n\n<div class=\"wp-block-buttons is-content-justification-center is-layout-flex wp-container-core-buttons-is-layout-1 wp-block-buttons-is-layout-flex\">\n<div class=\"wp-block-button\"><a class=\"wp-block-button__link wp-element-button\" href=\"https:\/\/hallow.app.link\/palmsunday\">Zbli\u017ca si\u0119 Wielkanoc. Wypr\u00f3buj Hallow za darmo!<\/a><\/div>\n<\/div>\n\n<h2 class=\"wp-block-heading\" id=\"biblical-roots\">Biblijne korzenie Niedzieli Palmowej<\/h2>\n\n<p class=\"\">Ewangelia Jana opowiada nam histori\u0119 podr\u00f3\u017cy Jezusa do Jerozolimy, gdy zbli\u017ca\u0142a si\u0119 Pascha.<\/p>\n\n<p class=\"\">Nast\u0119pnego dnia, gdy wielki t\u0142um, kt\u00f3ry przyby\u0142 na \u015bwi\u0119to, us\u0142ysza\u0142, \u017ce Jezus przybywa do Jerozolimy, wzi\u0105\u0142 ga\u0142\u0105zki palmowe i wyszed\u0142 Mu na spotkanie wo\u0142aj\u0105c:<\/p>\n\n<blockquote class=\"wp-block-quote is-layout-flow wp-block-quote-is-layout-flow\">\n<p class=\"\">&#8222;Hosanna!<\/p>\n\n\n\n<p class=\"\">B\u0142ogos\u0142awiony, kt\u00f3ry przychodzi w imieniu Pana,<\/p>\n\n\n\n<p class=\"\">  [nawet] kr\u00f3la Izraela&#8221;.<\/p>\n<cite>Jana 12:12-13<\/cite><\/blockquote>\n\n<p class=\"\">Kiedy Ewangelia wspomina o Jezusie jad\u0105cym na o\u015bl\u0119ciu, wype\u0142nia si\u0119 proroctwo Zachariasza: <\/p>\n\n<blockquote class=\"wp-block-quote is-layout-flow wp-block-quote-is-layout-flow\">\n<p class=\"\"><em>Raduj si\u0119 wielce, c\u00f3rko Syjonu! Wykrzykuj z rado\u015bci, c\u00f3rko Jeruzalem! Oto Kr\u00f3l wasz idzie do was, Zbawiciel sprawiedliwy, pokorny, jad\u0105cy na o\u015bl\u0119ciu, na \u017arebi\u0119ciu o\u015blicy. <\/em><\/p>\n<cite>Zachariasza 9:9<\/cite><\/blockquote>\n\n<p class=\"\">Tak jak Jezus przygotowywa\u0142 si\u0119 do \u015bwi\u0119towania Paschy, tak my \u015bwi\u0119tujemy Niedziel\u0119 Palmow\u0105, przygotowuj\u0105c si\u0119 do Wielkanocy. W 2025 roku, podobnie jak we wszystkich innych latach, Niedziela Palmowa przypada na tydzie\u0144 przed Wielkanoc\u0105.<\/p>\n\n<h2 class=\"wp-block-heading\" id=\"scripture\">Pismo \u015awi\u0119te na Niedziel\u0119 Palmow\u0105<\/h2>\n\n<p class=\"\"><a href=\"https:\/\/bible.usccb.org\/bible\/readings\/040223.cfm\">USCCB<\/a> formalnie odnosi si\u0119 do Niedzieli Palmowej jako &#8222;Niedzieli Palmowej M\u0119ki Pa\u0144skiej&#8221;, poniewa\u017c jest to dzie\u0144, w kt\u00f3rym po raz pierwszy s\u0142yszymy czytanie M\u0119ki Pa\u0144skiej.<\/p>\n\n<p class=\"\">Us\u0142yszymy to czytanie ponownie w <a href=\"https:\/\/hallow.com\/pl\/blog\/wielki-piatek-meka-chrystusa\/\">Wielki Pi\u0105tek<\/a>, ale z innej Ewangelii.<\/p>\n\n<p class=\"\">W 2025 roku w Niedziel\u0119 Palmow\u0105 us\u0142yszymy Ewangeli\u0119 wed\u0142ug Marka, a w Wielki Pi\u0105tek Ewangeli\u0119 wed\u0142ug Jana.<\/p>\n\n<p class=\"\">Ewangelia, kt\u00f3r\u0105 s\u0142yszymy na pocz\u0105tku Mszy, opisuj\u0105ca przybycie Jezusa do Jerozolimy, r\u00f3wnie\u017c zmienia si\u0119 wraz z cyklami liturgicznymi. (W 2025 roku Ko\u015bci\u00f3\u0142 znajduje si\u0119 w cyklu lekcyjnym roku C).<\/p>\n\n<h2 class=\"wp-block-heading\" id=\"music\">Muzyka, psalm i pie\u015bni<\/h2>\n\n<p class=\"\">Na pocz\u0105tku liturgii Niedzieli Palmowej pierwsza hymn zwykle g\u0142osi &#8222;Hosanna&#8221; (s\u0142owo boskiej chwa\u0142y, kt\u00f3re widzimy w Ewangelii \u015bw. Jana), jak wida\u0107 na <a href=\"https:\/\/www.youtube.com\/watch?v=suN49xIcdb4\">tych<\/a> filmach katolickich liturgii na <a href=\"https:\/\/www.youtube.com\/watch?v=suN49xIcdb4\">YouTube<\/a>.<\/p>\n\n<p class=\"\">Psalm responsoryjny zazwyczaj pochodzi z Psalmu 22 i zawiera znane wo\u0142anie &#8222;Bo\u017ce m\u00f3j, Bo\u017ce m\u00f3j, czemu\u015b mnie opu\u015bci\u0142?&#8221;.<\/p>\n\n<p class=\"\">Hymny i pie\u015bni na ofiarowanie podczas Eucharystii r\u00f3\u017cni\u0105 si\u0119 w zale\u017cno\u015bci od parafii. &#8222;Ho\u0142d Tobie, s\u0142awa i cze\u015b\u0107&#8221; &#8211; jest jedn\u0105 z pie\u015bni, kt\u00f3re mo\u017cna us\u0142ysze\u0107 podczas Mszy \u015awi\u0119tej. &#8222;Hosanna Synowi Dawidowemu&#8221; to kolejny popularny hymn. <\/p>\n\n<p class=\"\">Popularnym hymnem Niedzieli Palmowej jest &#8222;Hymn do Chrystusa Kr\u00f3la&#8221;.<\/p>\n\n<p class=\"\">Bior\u0105c pod uwag\u0119, \u017ce Niedziela Palmowa przypada w okresie Wielkiego Postu, pie\u015bni nie b\u0119d\u0105 zawiera\u0107 s\u0142owa &#8222;Alleluja&#8221;. <\/p>\n\n<h2 class=\"wp-block-heading\" id=\"liturgy\">Msza w Niedziel\u0119 Palmow\u0105 i to, co czyni j\u0105 wyj\u0105tkow\u0105<\/h2>\n\n<p class=\"\">Pismo \u015awi\u0119te i pie\u015bni to tylko niekt\u00f3re z element\u00f3w liturgii Niedzieli Palmowej, kt\u00f3re czyni\u0105 j\u0105 wyj\u0105tkow\u0105.<\/p>\n\n<p class=\"\">Wierni przynosz\u0105 ze sob\u0105 palmy i czekaj\u0105 na rozpocz\u0119cie nabo\u017ce\u0144stwa. Kap\u0142an wzywa parafian na ty\u0142 ko\u015bcio\u0142a lub do przedsionka, gdzie czytana jest pierwsza Ewangelia.<\/p>\n\n<p class=\"\">Po tym fragmencie parafianie machaj\u0105 palmami, a ksi\u0105dz wchodzi wg\u0142\u0105b ko\u015bcio\u0142a, podczas gdy zgromadzeni \u015bpiewaj\u0105.<\/p>\n\n<p class=\"\">To nie jest zwyk\u0142a niedzielna procesja!<\/p>\n\n<p class=\"\">Palmy b\u0119d\u0105 w nast\u0119pnym roku stanowi\u0107 popi\u00f3\u0142, kt\u00f3rym posypywane s\u0105 g\u0142owy wiernych w <a href=\"https:\/\/hallow.com\/pl\/blog\/sroda-popielcowa\/\">\u015arod\u0119 Popielcow\u0105<\/a> na rozpocz\u0119cie Wielkiego Postu.<\/p>\n\n<p class=\"\">Tylko w Niedziel\u0119 Palmow\u0105, podczas Mszy \u015awi\u0119tej wspominana jest M\u0119ka Pa\u0144ska i jest jedn\u0105 z liturgii, podczas kt\u00f3rych kap\u0142an nosi czerwone szaty liturgiczne.<\/p>\n\n<p class=\"\">To pi\u0119kne, anga\u017cuj\u0105ce do\u015bwiadczenie uwielbienia, kt\u00f3re przygotowuje nas do Triduum Paschalnego, czasu wype\u0142nionego wyj\u0105tkowymi liturgiami.<\/p>\n\n<h2 class=\"wp-block-heading\" id=\"papal-mass\">Papie\u017c i msza papieska<\/h2>\n\n<p class=\"\">W Niedziel\u0119 Palmow\u0105, podobnie jak w inne wa\u017cne dni roku liturgicznego, papie\u017c tradycyjnie wyg\u0142asza homili\u0119 na Placu \u015awi\u0119tego Piotra.<\/p>\n\n<p class=\"\">Liturgia jest zwykle publikowana na <a href=\"https:\/\/youtu.be\/w6GdDhhl-hI\">watyka\u0144skim kanale<\/a> YouTube, dzi\u0119ki czemu mog\u0105 j\u0105 ogl\u0105da\u0107 ludzie na ca\u0142ym \u015bwiecie.<\/p>\n\n<p class=\"\">W swojej homilii wyg\u0142oszonej w Niedziel\u0119 Palmow\u0105 w 2022 roku papie\u017c Franciszek podkre\u015bli\u0142 przes\u0142anie przebaczenia.<\/p>\n\n<p class=\"\">&#8222;Bracia i siostry, w tym tygodniu trzymajmy si\u0119 pewno\u015bci, \u017ce B\u00f3g mo\u017ce przebaczy\u0107 ka\u017cdy grzech. On wybacza ka\u017cdemu. Mo\u017ce pokona\u0107 ka\u017cdy dystans i zamieni\u0107 \u017ca\u0142ob\u0119 w taniec&#8221; &#8211; <a href=\"https:\/\/www.vatican.va\/content\/francesco\/en\/homilies\/2022\/documents\/20220410-omelia-palme.html\">powiedzia\u0142<\/a>, nawi\u0105zuj\u0105c do Psalmu 30.<\/p>\n\n<h2 class=\"wp-block-heading\" id=\"prayers\">Modlitwy Niedzieli Palmowej<\/h2>\n\n<p class=\"\">Modlitwy Niedzieli Palmowej podkre\u015blaj\u0105 triumf Jezusa przybywaj\u0105cego do Jerozolimy, a tak\u017ce Jego ofiar\u0119, kt\u00f3r\u0105 wspominamy podczas czytania M\u0119ki Pa\u0144skiej.<\/p>\n\n<p class=\"\">Rozwa\u017c te kr\u00f3tkie modlitwy:<\/p>\n\n<p class=\"\">&#8222;Bo\u017ce, Ty jeste\u015b jedynym i prawdziwym Kr\u00f3lem kr\u00f3l\u00f3w i jestem b\u0142ogos\u0142awiony Twoj\u0105 mi\u0142o\u015bci\u0105 i mi\u0142osierdziem. Niech m\u00f3j dzisiejszy dzie\u0144 b\u0119dzie prowadzony przez Twojego ducha i niech zbli\u017cam si\u0119 do wszelkich przeszk\u00f3d, z wiar\u0105 i przekonaniem, \u017ce moje \u017cycie i nasz \u015bwiat nale\u017c\u0105 do Twojego kr\u00f3lestwa. W imi\u0119 Jezusa. Amen.&#8221;<\/p>\n\n<p class=\"\">&#8222;Ojcze Niebieski, t\u0142umy wiwatowa\u0142y i wita\u0142y Jezusa, a p\u00f3\u017aniej krzycza\u0142y, \u017ceby Go ukrzy\u017cowa\u0107. Staram si\u0119 Ci\u0119 czci\u0107 i s\u0142awi\u0107, ale wiem, \u017ce s\u0105 obszary mojego \u017cycia, w kt\u00f3rych Ci\u0119 odrzucam lub ignoruj\u0119. Dzi\u015b modl\u0119 si\u0119, Aby\u015b da\u0142 mi si\u0142\u0119 chwali\u0107 i uwielbia\u0107 Ci\u0119 w momentach, w kt\u00f3rych m\u00f3g\u0142bym Ci\u0119 obrazi\u0107. Amen.&#8221;<\/p>\n\n<p class=\"\">Aby uzyska\u0107 wi\u0119cej pomys\u0142\u00f3w na modlitw\u0119 w Niedziel\u0119 Palmow\u0105, zapoznaj si\u0119 z naszymi <a href=\"https:\/\/hallow.com\/pl\/blog\/wielkopostne-modlitwy\/\">modlitwami na Wielki Post<\/a>.<\/p>\n\n<p class=\"\"><\/p>\n\n<div class=\"wp-block-buttons is-content-justification-center is-layout-flex wp-container-core-buttons-is-layout-2 wp-block-buttons-is-layout-flex\">\n<div class=\"wp-block-button\"><a class=\"wp-block-button__link wp-element-button\" href=\"https:\/\/hallow.app.link\/palmsunday\">Pobierz aplikacj\u0119 Hallow<\/a><\/div>\n<\/div>\n\n<h2 class=\"wp-block-heading\" id=\"other-faiths\">Niedziela Palmowa w innych tradycjach religijnych<\/h2>\n\n<p class=\"\">Wszyscy chrze\u015bcijanie obchodz\u0105 Niedziel\u0119 Palmow\u0105.<\/p>\n\n<p class=\"\">Grecka Prawos\u0142awna Archidiecezja Ameryki <a href=\"https:\/\/www.goarch.org\/palmsunday\">opisuje Niedziel\u0119 Palmow\u0105 jako<\/a> &#8222;upami\u0119tnienie wjazdu naszego Pana do Jerozolimy po Jego chwalebnym cudzie wskrzeszenia \u0141azarza z martwych&#8221;.<\/p>\n\n<p class=\"\">Ko\u015bci\u00f3\u0142 Ewangelicko-Lutera\u0144ski <a href=\"https:\/\/www.livinglutheran.org\/2015\/03\/elca-members-celebrate-palm-sunday\/\">obchodzi<\/a> Niedziel\u0119 Palmow\u0105, podobnie jak wiele innych ko\u015bcio\u0142\u00f3w lutera\u0144skich i metodystycznych, z kt\u00f3rych niekt\u00f3re nazywaj\u0105 ten dzie\u0144 &#8222;Niedziel\u0105 M\u0119ki Pa\u0144skiej&#8221;.<\/p>\n\n<h2 class=\"wp-block-heading\" id=\"faq\">Najcz\u0119\u015bciej zadawane pytania dotycz\u0105ce Niedzieli Palmowej<\/h2>\n\n<div class=\"schema-faq wp-block-yoast-faq-block\"><div class=\"schema-faq-section\" id=\"faq-question-1679257498817\"><strong class=\"schema-faq-question\">Co dzieje si\u0119 w Niedziel\u0119 Palmow\u0105?<\/strong> <p class=\"schema-faq-answer\">W Niedziel\u0119 Palmow\u0105 wierni przynosz\u0105 na Msz\u0119 \u015awi\u0119t\u0105 palmy, s\u0142uchaj\u0105 M\u0119ki Pa\u0144skiej i przygotowuj\u0105 si\u0119 do Wielkiego Tygodnia.<\/p> <\/div> <div class=\"schema-faq-section\" id=\"faq-question-1679257509181\"><strong class=\"schema-faq-question\">Dlaczego wierni przynosz\u0105 palmy?<\/strong> <p class=\"schema-faq-answer\">Palmy upami\u0119tniaj\u0105 wjazd Jezusa do Jerozolimy. Fragment w Pi\u015bmie \u015awi\u0119tym (Jan 12:13) m\u00f3wi nam, \u017ce t\u0142um powita\u0142 Go machaj\u0105c palmami.<\/p> <\/div> <div class=\"schema-faq-section\" id=\"faq-question-1679257517764\"><strong class=\"schema-faq-question\">Co dzieje si\u0119 z palmami?<\/strong> <p class=\"schema-faq-answer\">Palmy z Niedzieli Palmowej b\u0119d\u0105 stanowi\u0107 popi\u00f3\u0142, kt\u00f3rym w kolejnym roku posypywane s\u0105 g\u0142owy wiernych w \u015arod\u0119 Popielcow\u0105 na rozpocz\u0119cie Wielkiego Postu.<\/p> <\/div> <div class=\"schema-faq-section\" id=\"faq-question-1679257920944\"><strong class=\"schema-faq-question\">Czy Niedziela Palmowa jest \u015bwi\u0119tem katolickim?<\/strong> <p class=\"schema-faq-answer\">Niedziela Palmowa jest wa\u017cnym dniem w wierze katolickiej, ale inne religie chrze\u015bcija\u0144skie r\u00f3wnie\u017c uznaj\u0105 ten dzie\u0144.<\/p> <\/div> <div class=\"schema-faq-section\" id=\"faq-question-1679257932269\"><strong class=\"schema-faq-question\">Dlaczego w Niedziel\u0119 Plamow\u0105 w niekt\u00f3rych krajach robi si\u0119 krzy\u017ce?<\/strong> <p class=\"schema-faq-answer\">Niekt\u00f3rzy ludzie, cho\u0107 nie jest to wymagane, decyduj\u0105 si\u0119 zamieni\u0107 li\u015bcie palmowe w krzy\u017ce, aby przypomina\u0142y znaczenie tego dnia. Jest to wspania\u0142a tradycja Niedzieli Palmowej.<\/p> <\/div> <div class=\"schema-faq-section\" id=\"faq-question-1679257955889\"><strong class=\"schema-faq-question\">Kiedy jest Niedziela Palmowa?<\/strong> <p class=\"schema-faq-answer\">W 2025 roku Niedziela Palmowa przypada 13 kwietnia.<\/p> <\/div> <div class=\"schema-faq-section\" id=\"faq-question-1679257965844\"><strong class=\"schema-faq-question\">Kiedy jest prawos\u0142awna Niedziela Palmowa?<\/strong> <p class=\"schema-faq-answer\">W 2025 roku prawos\u0142awna Niedziela Palmowa przypada 13 kwietnia.<\/p> <\/div> <div class=\"schema-faq-section\" id=\"faq-question-1679258000729\"><strong class=\"schema-faq-question\">Jaki jest kolor Niedzieli Palmowej?<\/strong> <p class=\"schema-faq-answer\">Czerwony to kolor Niedzieli Palmowej. Symbolizuje krew Jezusa.<\/p> <\/div> <\/div>\n\n<h2 class=\"wp-block-heading\">Wi\u0119cej materia\u0142\u00f3w na Wielki Post<\/h2>\n\n<ul class=\"wp-block-list\">\n<li><a href=\"https:\/\/hallow.com\/pl\/blog\/wielkopostne-modlitwy\/\">Modlitwy na Wielki Post<\/a><\/li>\n\n\n\n<li><a href=\"https:\/\/hallow.com\/pl\/blog\/harmonogram-wielkiego-tygodnia\/\">Wielki Tydzie\u0144 2025<\/a><\/li>\n\n\n\n<li><a href=\"https:\/\/hallow.com\/pl\/blog\/wielki-czwartek\/\">Wielki Czwartek 2025<\/a><\/li>\n\n\n\n<li><a href=\"https:\/\/hallow.com\/pl\/blog\/wielki-piatek-meka-chrystusa\/\">Wielki Pi\u0105tek 2025<\/a><\/li>\n\n\n\n<li><a href=\"https:\/\/hallow.com\/pl\/wielkanoc\/\">Wielkanoc 2025<\/a><\/li>\n\n\n\n<li><a href=\"https:\/\/hallow.com\/blog\/easter-prayers\/\">Modlitwy wielkanocne<\/a><\/li>\n<\/ul>\n","protected":false},"excerpt":{"rendered":"<p>Przewodnik Hallow po Niedzieli Palmowej.<\/p>\n","protected":false},"author":24,"featured_media":0,"comment_status":"closed","ping_status":"closed","sticky":false,"template":"","format":"standard","meta":{"_acf_changed":false,"_et_pb_use_builder":"","_et_pb_old_content":"","_et_gb_content_width":"","inline_featured_image":false,"footnotes":""},"categories":[139,143],"tags":[182],"class_list":["post-52191","post","type-post","status-publish","format-standard","hentry","category-bez-kategorii","category-zycie-modlitewne","tag-wielki-post"],"acf":[],"yoast_head":"<!-- This site is optimized with the Yoast SEO Premium plugin v24.3 (Yoast SEO v25.6) - https:\/\/yoast.com\/wordpress\/plugins\/seo\/ -->\n<title>Niedziela Palmowa 2025: Pismo \u015awi\u0119te, pie\u015bni, czytania i nie tylko | Hallow<\/title>\n<meta name=\"description\" content=\"Przewodnik Hallow po Niedzieli Palmowej, jednej z najbardziej wyj\u0105tkowych niedzielnych liturgii w ca\u0142ym kalendarzu ko\u015bcielnym.\" \/>\n<meta name=\"robots\" content=\"index, follow, max-snippet:-1, max-image-preview:large, max-video-preview:-1\" \/>\n<link rel=\"canonical\" href=\"https:\/\/hallow.com\/pl\/blog\/niedziela-palmowa\/\" \/>\n<meta property=\"og:locale\" content=\"pl_PL\" \/>\n<meta property=\"og:type\" content=\"article\" \/>\n<meta property=\"og:title\" content=\"Niedziela Palmowa 2025: Pismo \u015awi\u0119te, pie\u015bni, czytania i znaczenie palm\" \/>\n<meta property=\"og:description\" content=\"Przewodnik Hallow po Niedzieli Palmowej, jednej z najbardziej wyj\u0105tkowych niedzielnych liturgii w ca\u0142ym kalendarzu ko\u015bcielnym.\" \/>\n<meta property=\"og:url\" content=\"https:\/\/hallow.com\/pl\/blog\/niedziela-palmowa\/\" \/>\n<meta property=\"og:site_name\" content=\"Hallow\" \/>\n<meta property=\"article:publisher\" content=\"https:\/\/facebook.com\/hallowapp\" \/>\n<meta property=\"article:published_time\" content=\"2024-01-13T09:10:00+00:00\" \/>\n<meta property=\"article:modified_time\" content=\"2025-04-09T18:14:17+00:00\" \/>\n<meta property=\"og:image\" content=\"https:\/\/hallow.com\/wp-content\/uploads\/2022\/04\/Branch.png\" \/>\n\t<meta property=\"og:image:width\" content=\"1080\" \/>\n\t<meta property=\"og:image:height\" content=\"1080\" \/>\n\t<meta property=\"og:image:type\" content=\"image\/png\" \/>\n<meta name=\"author\" content=\"Hallow\" \/>\n<meta name=\"twitter:card\" content=\"summary_large_image\" \/>\n<meta name=\"twitter:creator\" content=\"@hallowapp\" \/>\n<meta name=\"twitter:site\" content=\"@hallowapp\" \/>\n<script type=\"application\/ld+json\" class=\"yoast-schema-graph\">{\"@context\":\"https:\/\/schema.org\",\"@graph\":[{\"@type\":\"Article\",\"@id\":\"https:\/\/hallow.com\/pl\/blog\/niedziela-palmowa\/#article\",\"isPartOf\":{\"@id\":\"https:\/\/hallow.com\/pl\/blog\/niedziela-palmowa\/\"},\"author\":{\"name\":\"Hallow\",\"@id\":\"https:\/\/hallow.com\/pl\/#\/schema\/person\/93e1cadb5e4b684f6a1c10ecf46cfe2f\"},\"headline\":\"Niedziela Palmowa 2025: Pismo \u015awi\u0119te, pie\u015bni, czytania i znaczenie palm\",\"datePublished\":\"2024-01-13T09:10:00+00:00\",\"dateModified\":\"2025-04-09T18:14:17+00:00\",\"mainEntityOfPage\":{\"@id\":\"https:\/\/hallow.com\/pl\/blog\/niedziela-palmowa\/\"},\"wordCount\":1260,\"publisher\":{\"@id\":\"https:\/\/hallow.com\/pl\/#organization\"},\"keywords\":[\"wielki post\"],\"articleSection\":{\"1\":\"\u017bycie modlitewne\"},\"inLanguage\":\"pl-PL\"},{\"@type\":[\"WebPage\",\"FAQPage\"],\"@id\":\"https:\/\/hallow.com\/pl\/blog\/niedziela-palmowa\/\",\"url\":\"https:\/\/hallow.com\/pl\/blog\/niedziela-palmowa\/\",\"name\":\"Niedziela Palmowa 2025: Pismo \u015awi\u0119te, pie\u015bni, czytania i nie tylko | Hallow\",\"isPartOf\":{\"@id\":\"https:\/\/hallow.com\/pl\/#website\"},\"datePublished\":\"2024-01-13T09:10:00+00:00\",\"dateModified\":\"2025-04-09T18:14:17+00:00\",\"description\":\"Przewodnik Hallow po Niedzieli Palmowej, jednej z najbardziej wyj\u0105tkowych niedzielnych liturgii w ca\u0142ym kalendarzu ko\u015bcielnym.\",\"breadcrumb\":{\"@id\":\"https:\/\/hallow.com\/pl\/blog\/niedziela-palmowa\/#breadcrumb\"},\"mainEntity\":[{\"@id\":\"https:\/\/hallow.com\/pl\/blog\/niedziela-palmowa\/#faq-question-1679257498817\"},{\"@id\":\"https:\/\/hallow.com\/pl\/blog\/niedziela-palmowa\/#faq-question-1679257509181\"},{\"@id\":\"https:\/\/hallow.com\/pl\/blog\/niedziela-palmowa\/#faq-question-1679257517764\"},{\"@id\":\"https:\/\/hallow.com\/pl\/blog\/niedziela-palmowa\/#faq-question-1679257920944\"},{\"@id\":\"https:\/\/hallow.com\/pl\/blog\/niedziela-palmowa\/#faq-question-1679257932269\"},{\"@id\":\"https:\/\/hallow.com\/pl\/blog\/niedziela-palmowa\/#faq-question-1679257955889\"},{\"@id\":\"https:\/\/hallow.com\/pl\/blog\/niedziela-palmowa\/#faq-question-1679257965844\"},{\"@id\":\"https:\/\/hallow.com\/pl\/blog\/niedziela-palmowa\/#faq-question-1679258000729\"}],\"inLanguage\":\"pl-PL\",\"potentialAction\":[{\"@type\":\"ReadAction\",\"target\":[\"https:\/\/hallow.com\/pl\/blog\/niedziela-palmowa\/\"]}]},{\"@type\":\"BreadcrumbList\",\"@id\":\"https:\/\/hallow.com\/pl\/blog\/niedziela-palmowa\/#breadcrumb\",\"itemListElement\":[{\"@type\":\"ListItem\",\"position\":1,\"name\":\"Home\",\"item\":\"https:\/\/hallow.com\/pl\/\"},{\"@type\":\"ListItem\",\"position\":2,\"name\":\"Niedziela Palmowa 2025: Pismo \u015awi\u0119te, pie\u015bni, czytania i znaczenie palm\"}]},{\"@type\":\"WebSite\",\"@id\":\"https:\/\/hallow.com\/pl\/#website\",\"url\":\"https:\/\/hallow.com\/pl\/\",\"name\":\"Hallow\",\"description\":\"Catholic Prayer and Meditation App\",\"publisher\":{\"@id\":\"https:\/\/hallow.com\/pl\/#organization\"},\"potentialAction\":[{\"@type\":\"SearchAction\",\"target\":{\"@type\":\"EntryPoint\",\"urlTemplate\":\"https:\/\/hallow.com\/pl\/?s={search_term_string}\"},\"query-input\":{\"@type\":\"PropertyValueSpecification\",\"valueRequired\":true,\"valueName\":\"search_term_string\"}}],\"inLanguage\":\"pl-PL\"},{\"@type\":\"Organization\",\"@id\":\"https:\/\/hallow.com\/pl\/#organization\",\"name\":\"Hallow\",\"url\":\"https:\/\/hallow.com\/pl\/\",\"logo\":{\"@type\":\"ImageObject\",\"inLanguage\":\"pl-PL\",\"@id\":\"https:\/\/hallow.com\/pl\/#\/schema\/logo\/image\/\",\"url\":\"https:\/\/hallow.com\/wp-content\/uploads\/2019\/04\/Purple-Logo.png\",\"contentUrl\":\"https:\/\/hallow.com\/wp-content\/uploads\/2019\/04\/Purple-Logo.png\",\"width\":1470,\"height\":292,\"caption\":\"Hallow\"},\"image\":{\"@id\":\"https:\/\/hallow.com\/pl\/#\/schema\/logo\/image\/\"},\"sameAs\":[\"https:\/\/facebook.com\/hallowapp\",\"https:\/\/x.com\/hallowapp\",\"https:\/\/instagram.com\/hallowapp\"]},{\"@type\":\"Person\",\"@id\":\"https:\/\/hallow.com\/pl\/#\/schema\/person\/93e1cadb5e4b684f6a1c10ecf46cfe2f\",\"name\":\"Hallow\"},{\"@type\":\"Question\",\"@id\":\"https:\/\/hallow.com\/pl\/blog\/niedziela-palmowa\/#faq-question-1679257498817\",\"position\":1,\"url\":\"https:\/\/hallow.com\/pl\/blog\/niedziela-palmowa\/#faq-question-1679257498817\",\"name\":\"Co dzieje si\u0119 w Niedziel\u0119 Palmow\u0105?\",\"answerCount\":1,\"acceptedAnswer\":{\"@type\":\"Answer\",\"text\":\"W Niedziel\u0119 Palmow\u0105 wierni przynosz\u0105 na Msz\u0119 \u015awi\u0119t\u0105 palmy, s\u0142uchaj\u0105 M\u0119ki Pa\u0144skiej i przygotowuj\u0105 si\u0119 do Wielkiego Tygodnia.\",\"inLanguage\":\"pl-PL\"},\"inLanguage\":\"pl-PL\"},{\"@type\":\"Question\",\"@id\":\"https:\/\/hallow.com\/pl\/blog\/niedziela-palmowa\/#faq-question-1679257509181\",\"position\":2,\"url\":\"https:\/\/hallow.com\/pl\/blog\/niedziela-palmowa\/#faq-question-1679257509181\",\"name\":\"Dlaczego wierni przynosz\u0105 palmy?\",\"answerCount\":1,\"acceptedAnswer\":{\"@type\":\"Answer\",\"text\":\"Palmy upami\u0119tniaj\u0105 wjazd Jezusa do Jerozolimy. Fragment w Pi\u015bmie \u015awi\u0119tym (Jan 12:13) m\u00f3wi nam, \u017ce t\u0142um powita\u0142 Go machaj\u0105c palmami.\",\"inLanguage\":\"pl-PL\"},\"inLanguage\":\"pl-PL\"},{\"@type\":\"Question\",\"@id\":\"https:\/\/hallow.com\/pl\/blog\/niedziela-palmowa\/#faq-question-1679257517764\",\"position\":3,\"url\":\"https:\/\/hallow.com\/pl\/blog\/niedziela-palmowa\/#faq-question-1679257517764\",\"name\":\"Co dzieje si\u0119 z palmami?\",\"answerCount\":1,\"acceptedAnswer\":{\"@type\":\"Answer\",\"text\":\"Palmy z Niedzieli Palmowej b\u0119d\u0105 stanowi\u0107 popi\u00f3\u0142, kt\u00f3rym w kolejnym roku posypywane s\u0105 g\u0142owy wiernych w \u015arod\u0119 Popielcow\u0105 na rozpocz\u0119cie Wielkiego Postu.\",\"inLanguage\":\"pl-PL\"},\"inLanguage\":\"pl-PL\"},{\"@type\":\"Question\",\"@id\":\"https:\/\/hallow.com\/pl\/blog\/niedziela-palmowa\/#faq-question-1679257920944\",\"position\":4,\"url\":\"https:\/\/hallow.com\/pl\/blog\/niedziela-palmowa\/#faq-question-1679257920944\",\"name\":\"Czy Niedziela Palmowa jest \u015bwi\u0119tem katolickim?\",\"answerCount\":1,\"acceptedAnswer\":{\"@type\":\"Answer\",\"text\":\"Niedziela Palmowa jest wa\u017cnym dniem w wierze katolickiej, ale inne religie chrze\u015bcija\u0144skie r\u00f3wnie\u017c uznaj\u0105 ten dzie\u0144.\",\"inLanguage\":\"pl-PL\"},\"inLanguage\":\"pl-PL\"},{\"@type\":\"Question\",\"@id\":\"https:\/\/hallow.com\/pl\/blog\/niedziela-palmowa\/#faq-question-1679257932269\",\"position\":5,\"url\":\"https:\/\/hallow.com\/pl\/blog\/niedziela-palmowa\/#faq-question-1679257932269\",\"name\":\"Dlaczego w Niedziel\u0119 Plamow\u0105 w niekt\u00f3rych krajach robi si\u0119 krzy\u017ce?\",\"answerCount\":1,\"acceptedAnswer\":{\"@type\":\"Answer\",\"text\":\"Niekt\u00f3rzy ludzie, cho\u0107 nie jest to wymagane, decyduj\u0105 si\u0119 zamieni\u0107 li\u015bcie palmowe w krzy\u017ce, aby przypomina\u0142y znaczenie tego dnia. Jest to wspania\u0142a tradycja Niedzieli Palmowej.\",\"inLanguage\":\"pl-PL\"},\"inLanguage\":\"pl-PL\"},{\"@type\":\"Question\",\"@id\":\"https:\/\/hallow.com\/pl\/blog\/niedziela-palmowa\/#faq-question-1679257955889\",\"position\":6,\"url\":\"https:\/\/hallow.com\/pl\/blog\/niedziela-palmowa\/#faq-question-1679257955889\",\"name\":\"Kiedy jest Niedziela Palmowa?\",\"answerCount\":1,\"acceptedAnswer\":{\"@type\":\"Answer\",\"text\":\"W 2025 roku Niedziela Palmowa przypada 13 kwietnia.\",\"inLanguage\":\"pl-PL\"},\"inLanguage\":\"pl-PL\"},{\"@type\":\"Question\",\"@id\":\"https:\/\/hallow.com\/pl\/blog\/niedziela-palmowa\/#faq-question-1679257965844\",\"position\":7,\"url\":\"https:\/\/hallow.com\/pl\/blog\/niedziela-palmowa\/#faq-question-1679257965844\",\"name\":\"Kiedy jest prawos\u0142awna Niedziela Palmowa?\",\"answerCount\":1,\"acceptedAnswer\":{\"@type\":\"Answer\",\"text\":\"W 2025 roku prawos\u0142awna Niedziela Palmowa przypada 13 kwietnia.\",\"inLanguage\":\"pl-PL\"},\"inLanguage\":\"pl-PL\"},{\"@type\":\"Question\",\"@id\":\"https:\/\/hallow.com\/pl\/blog\/niedziela-palmowa\/#faq-question-1679258000729\",\"position\":8,\"url\":\"https:\/\/hallow.com\/pl\/blog\/niedziela-palmowa\/#faq-question-1679258000729\",\"name\":\"Jaki jest kolor Niedzieli Palmowej?\",\"answerCount\":1,\"acceptedAnswer\":{\"@type\":\"Answer\",\"text\":\"Czerwony to kolor Niedzieli Palmowej. Symbolizuje krew Jezusa.\",\"inLanguage\":\"pl-PL\"},\"inLanguage\":\"pl-PL\"}]}<\/script>\n<!-- \/ Yoast SEO Premium plugin. -->","yoast_head_json":{"title":"Niedziela Palmowa 2025: Pismo \u015awi\u0119te, pie\u015bni, czytania i nie tylko | Hallow","description":"Przewodnik Hallow po Niedzieli Palmowej, jednej z najbardziej wyj\u0105tkowych niedzielnych liturgii w ca\u0142ym kalendarzu ko\u015bcielnym.","robots":{"index":"index","follow":"follow","max-snippet":"max-snippet:-1","max-image-preview":"max-image-preview:large","max-video-preview":"max-video-preview:-1"},"canonical":"https:\/\/hallow.com\/pl\/blog\/niedziela-palmowa\/","og_locale":"pl_PL","og_type":"article","og_title":"Niedziela Palmowa 2025: Pismo \u015awi\u0119te, pie\u015bni, czytania i znaczenie palm","og_description":"Przewodnik Hallow po Niedzieli Palmowej, jednej z najbardziej wyj\u0105tkowych niedzielnych liturgii w ca\u0142ym kalendarzu ko\u015bcielnym.","og_url":"https:\/\/hallow.com\/pl\/blog\/niedziela-palmowa\/","og_site_name":"Hallow","article_publisher":"https:\/\/facebook.com\/hallowapp","article_published_time":"2024-01-13T09:10:00+00:00","article_modified_time":"2025-04-09T18:14:17+00:00","og_image":[{"width":1080,"height":1080,"url":"https:\/\/hallow.com\/wp-content\/uploads\/2022\/04\/Branch.png","type":"image\/png"}],"author":"Hallow","twitter_card":"summary_large_image","twitter_creator":"@hallowapp","twitter_site":"@hallowapp","schema":{"@context":"https:\/\/schema.org","@graph":[{"@type":"Article","@id":"https:\/\/hallow.com\/pl\/blog\/niedziela-palmowa\/#article","isPartOf":{"@id":"https:\/\/hallow.com\/pl\/blog\/niedziela-palmowa\/"},"author":{"name":"Hallow","@id":"https:\/\/hallow.com\/pl\/#\/schema\/person\/93e1cadb5e4b684f6a1c10ecf46cfe2f"},"headline":"Niedziela Palmowa 2025: Pismo \u015awi\u0119te, pie\u015bni, czytania i znaczenie palm","datePublished":"2024-01-13T09:10:00+00:00","dateModified":"2025-04-09T18:14:17+00:00","mainEntityOfPage":{"@id":"https:\/\/hallow.com\/pl\/blog\/niedziela-palmowa\/"},"wordCount":1260,"publisher":{"@id":"https:\/\/hallow.com\/pl\/#organization"},"keywords":["wielki post"],"articleSection":{"1":"\u017bycie modlitewne"},"inLanguage":"pl-PL"},{"@type":["WebPage","FAQPage"],"@id":"https:\/\/hallow.com\/pl\/blog\/niedziela-palmowa\/","url":"https:\/\/hallow.com\/pl\/blog\/niedziela-palmowa\/","name":"Niedziela Palmowa 2025: Pismo \u015awi\u0119te, pie\u015bni, czytania i nie tylko | Hallow","isPartOf":{"@id":"https:\/\/hallow.com\/pl\/#website"},"datePublished":"2024-01-13T09:10:00+00:00","dateModified":"2025-04-09T18:14:17+00:00","description":"Przewodnik Hallow po Niedzieli Palmowej, jednej z najbardziej wyj\u0105tkowych niedzielnych liturgii w ca\u0142ym kalendarzu ko\u015bcielnym.","breadcrumb":{"@id":"https:\/\/hallow.com\/pl\/blog\/niedziela-palmowa\/#breadcrumb"},"mainEntity":[{"@id":"https:\/\/hallow.com\/pl\/blog\/niedziela-palmowa\/#faq-question-1679257498817"},{"@id":"https:\/\/hallow.com\/pl\/blog\/niedziela-palmowa\/#faq-question-1679257509181"},{"@id":"https:\/\/hallow.com\/pl\/blog\/niedziela-palmowa\/#faq-question-1679257517764"},{"@id":"https:\/\/hallow.com\/pl\/blog\/niedziela-palmowa\/#faq-question-1679257920944"},{"@id":"https:\/\/hallow.com\/pl\/blog\/niedziela-palmowa\/#faq-question-1679257932269"},{"@id":"https:\/\/hallow.com\/pl\/blog\/niedziela-palmowa\/#faq-question-1679257955889"},{"@id":"https:\/\/hallow.com\/pl\/blog\/niedziela-palmowa\/#faq-question-1679257965844"},{"@id":"https:\/\/hallow.com\/pl\/blog\/niedziela-palmowa\/#faq-question-1679258000729"}],"inLanguage":"pl-PL","potentialAction":[{"@type":"ReadAction","target":["https:\/\/hallow.com\/pl\/blog\/niedziela-palmowa\/"]}]},{"@type":"BreadcrumbList","@id":"https:\/\/hallow.com\/pl\/blog\/niedziela-palmowa\/#breadcrumb","itemListElement":[{"@type":"ListItem","position":1,"name":"Home","item":"https:\/\/hallow.com\/pl\/"},{"@type":"ListItem","position":2,"name":"Niedziela Palmowa 2025: Pismo \u015awi\u0119te, pie\u015bni, czytania i znaczenie palm"}]},{"@type":"WebSite","@id":"https:\/\/hallow.com\/pl\/#website","url":"https:\/\/hallow.com\/pl\/","name":"Hallow","description":"Catholic Prayer and Meditation App","publisher":{"@id":"https:\/\/hallow.com\/pl\/#organization"},"potentialAction":[{"@type":"SearchAction","target":{"@type":"EntryPoint","urlTemplate":"https:\/\/hallow.com\/pl\/?s={search_term_string}"},"query-input":{"@type":"PropertyValueSpecification","valueRequired":true,"valueName":"search_term_string"}}],"inLanguage":"pl-PL"},{"@type":"Organization","@id":"https:\/\/hallow.com\/pl\/#organization","name":"Hallow","url":"https:\/\/hallow.com\/pl\/","logo":{"@type":"ImageObject","inLanguage":"pl-PL","@id":"https:\/\/hallow.com\/pl\/#\/schema\/logo\/image\/","url":"https:\/\/hallow.com\/wp-content\/uploads\/2019\/04\/Purple-Logo.png","contentUrl":"https:\/\/hallow.com\/wp-content\/uploads\/2019\/04\/Purple-Logo.png","width":1470,"height":292,"caption":"Hallow"},"image":{"@id":"https:\/\/hallow.com\/pl\/#\/schema\/logo\/image\/"},"sameAs":["https:\/\/facebook.com\/hallowapp","https:\/\/x.com\/hallowapp","https:\/\/instagram.com\/hallowapp"]},{"@type":"Person","@id":"https:\/\/hallow.com\/pl\/#\/schema\/person\/93e1cadb5e4b684f6a1c10ecf46cfe2f","name":"Hallow"},{"@type":"Question","@id":"https:\/\/hallow.com\/pl\/blog\/niedziela-palmowa\/#faq-question-1679257498817","position":1,"url":"https:\/\/hallow.com\/pl\/blog\/niedziela-palmowa\/#faq-question-1679257498817","name":"Co dzieje si\u0119 w Niedziel\u0119 Palmow\u0105?","answerCount":1,"acceptedAnswer":{"@type":"Answer","text":"W Niedziel\u0119 Palmow\u0105 wierni przynosz\u0105 na Msz\u0119 \u015awi\u0119t\u0105 palmy, s\u0142uchaj\u0105 M\u0119ki Pa\u0144skiej i przygotowuj\u0105 si\u0119 do Wielkiego Tygodnia.","inLanguage":"pl-PL"},"inLanguage":"pl-PL"},{"@type":"Question","@id":"https:\/\/hallow.com\/pl\/blog\/niedziela-palmowa\/#faq-question-1679257509181","position":2,"url":"https:\/\/hallow.com\/pl\/blog\/niedziela-palmowa\/#faq-question-1679257509181","name":"Dlaczego wierni przynosz\u0105 palmy?","answerCount":1,"acceptedAnswer":{"@type":"Answer","text":"Palmy upami\u0119tniaj\u0105 wjazd Jezusa do Jerozolimy. Fragment w Pi\u015bmie \u015awi\u0119tym (Jan 12:13) m\u00f3wi nam, \u017ce t\u0142um powita\u0142 Go machaj\u0105c palmami.","inLanguage":"pl-PL"},"inLanguage":"pl-PL"},{"@type":"Question","@id":"https:\/\/hallow.com\/pl\/blog\/niedziela-palmowa\/#faq-question-1679257517764","position":3,"url":"https:\/\/hallow.com\/pl\/blog\/niedziela-palmowa\/#faq-question-1679257517764","name":"Co dzieje si\u0119 z palmami?","answerCount":1,"acceptedAnswer":{"@type":"Answer","text":"Palmy z Niedzieli Palmowej b\u0119d\u0105 stanowi\u0107 popi\u00f3\u0142, kt\u00f3rym w kolejnym roku posypywane s\u0105 g\u0142owy wiernych w \u015arod\u0119 Popielcow\u0105 na rozpocz\u0119cie Wielkiego Postu.","inLanguage":"pl-PL"},"inLanguage":"pl-PL"},{"@type":"Question","@id":"https:\/\/hallow.com\/pl\/blog\/niedziela-palmowa\/#faq-question-1679257920944","position":4,"url":"https:\/\/hallow.com\/pl\/blog\/niedziela-palmowa\/#faq-question-1679257920944","name":"Czy Niedziela Palmowa jest \u015bwi\u0119tem katolickim?","answerCount":1,"acceptedAnswer":{"@type":"Answer","text":"Niedziela Palmowa jest wa\u017cnym dniem w wierze katolickiej, ale inne religie chrze\u015bcija\u0144skie r\u00f3wnie\u017c uznaj\u0105 ten dzie\u0144.","inLanguage":"pl-PL"},"inLanguage":"pl-PL"},{"@type":"Question","@id":"https:\/\/hallow.com\/pl\/blog\/niedziela-palmowa\/#faq-question-1679257932269","position":5,"url":"https:\/\/hallow.com\/pl\/blog\/niedziela-palmowa\/#faq-question-1679257932269","name":"Dlaczego w Niedziel\u0119 Plamow\u0105 w niekt\u00f3rych krajach robi si\u0119 krzy\u017ce?","answerCount":1,"acceptedAnswer":{"@type":"Answer","text":"Niekt\u00f3rzy ludzie, cho\u0107 nie jest to wymagane, decyduj\u0105 si\u0119 zamieni\u0107 li\u015bcie palmowe w krzy\u017ce, aby przypomina\u0142y znaczenie tego dnia. Jest to wspania\u0142a tradycja Niedzieli Palmowej.","inLanguage":"pl-PL"},"inLanguage":"pl-PL"},{"@type":"Question","@id":"https:\/\/hallow.com\/pl\/blog\/niedziela-palmowa\/#faq-question-1679257955889","position":6,"url":"https:\/\/hallow.com\/pl\/blog\/niedziela-palmowa\/#faq-question-1679257955889","name":"Kiedy jest Niedziela Palmowa?","answerCount":1,"acceptedAnswer":{"@type":"Answer","text":"W 2025 roku Niedziela Palmowa przypada 13 kwietnia.","inLanguage":"pl-PL"},"inLanguage":"pl-PL"},{"@type":"Question","@id":"https:\/\/hallow.com\/pl\/blog\/niedziela-palmowa\/#faq-question-1679257965844","position":7,"url":"https:\/\/hallow.com\/pl\/blog\/niedziela-palmowa\/#faq-question-1679257965844","name":"Kiedy jest prawos\u0142awna Niedziela Palmowa?","answerCount":1,"acceptedAnswer":{"@type":"Answer","text":"W 2025 roku prawos\u0142awna Niedziela Palmowa przypada 13 kwietnia.","inLanguage":"pl-PL"},"inLanguage":"pl-PL"},{"@type":"Question","@id":"https:\/\/hallow.com\/pl\/blog\/niedziela-palmowa\/#faq-question-1679258000729","position":8,"url":"https:\/\/hallow.com\/pl\/blog\/niedziela-palmowa\/#faq-question-1679258000729","name":"Jaki jest kolor Niedzieli Palmowej?","answerCount":1,"acceptedAnswer":{"@type":"Answer","text":"Czerwony to kolor Niedzieli Palmowej. Symbolizuje krew Jezusa.","inLanguage":"pl-PL"},"inLanguage":"pl-PL"}]}},"_links":{"self":[{"href":"https:\/\/hallow.com\/pl\/wp-json\/wp\/v2\/posts\/52191"}],"collection":[{"href":"https:\/\/hallow.com\/pl\/wp-json\/wp\/v2\/posts"}],"about":[{"href":"https:\/\/hallow.com\/pl\/wp-json\/wp\/v2\/types\/post"}],"author":[{"embeddable":true,"href":"https:\/\/hallow.com\/pl\/wp-json\/wp\/v2\/users\/24"}],"replies":[{"embeddable":true,"href":"https:\/\/hallow.com\/pl\/wp-json\/wp\/v2\/comments?post=52191"}],"version-history":[{"count":4,"href":"https:\/\/hallow.com\/pl\/wp-json\/wp\/v2\/posts\/52191\/revisions"}],"predecessor-version":[{"id":81427,"href":"https:\/\/hallow.com\/pl\/wp-json\/wp\/v2\/posts\/52191\/revisions\/81427"}],"wp:attachment":[{"href":"https:\/\/hallow.com\/pl\/wp-json\/wp\/v2\/media?parent=52191"}],"wp:term":[{"taxonomy":"category","embeddable":true,"href":"https:\/\/hallow.com\/pl\/wp-json\/wp\/v2\/categories?post=52191"},{"taxonomy":"post_tag","embeddable":true,"href":"https:\/\/hallow.com\/pl\/wp-json\/wp\/v2\/tags?post=52191"}],"curies":[{"name":"wp","href":"https:\/\/api.w.org\/{rel}","templated":true}]}}