{"id":53613,"date":"2024-01-16T17:57:05","date_gmt":"2024-01-16T17:57:05","guid":{"rendered":"https:\/\/hallow.com\/?p=53613"},"modified":"2026-02-14T21:19:22","modified_gmt":"2026-02-14T21:19:22","slug":"harmonogram-wielkiego-tygodnia","status":"publish","type":"post","link":"https:\/\/hallow.com\/pl\/blog\/harmonogram-wielkiego-tygodnia\/","title":{"rendered":"Wielki Tydzie\u0144 2026: Harmonogram i kluczowe daty katolickich obchod\u00f3w Wielkiego Tygodnia"},"content":{"rendered":"\n<h2 class=\"wp-block-heading\" id=\"h-harmonogram-wielkiego-tygodnia-2026\">Harmonogram Wielkiego Tygodnia 2026<\/h2>\n\n\n\n<ul class=\"wp-block-list\">\n<li><a href=\"#palm-sunday\">Niedziela Palmowa<\/a> &#8211; 29 marca<\/li>\n\n\n\n<li><a href=\"#thursday\">Wielki Czwartek<\/a> &#8211; 2 kwietnia<\/li>\n\n\n\n<li><a href=\"#good-friday\">Wielki Pi\u0105tek<\/a> &#8211; 3 kwietnia<\/li>\n\n\n\n<li><a href=\"#holy-saturday\">Wielka Sobota<\/a> &#8211; 4 kwietnia<\/li>\n\n\n\n<li><a href=\"#easter-sunday\">Niedziela Wielkanocna<\/a> &#8211; 5 kwietnia<\/li>\n<\/ul>\n\n\n\n<p class=\"\">Okres Wielkiego <a href=\"https:\/\/hallow.com\/pl\/wielki-post\/\">Postu<\/a> ust\u0119puje miejsca obchodom <a href=\"https:\/\/hallow.com\/pl\/wielkanoc\/\">Wielkanocy<\/a> w Wielkim Tygodniu, naj\u015bwi\u0119tszym okresie kalendarza liturgicznego. <\/p>\n\n\n\n<p class=\"\">Wielki Tydzie\u0144 obejmuje najbardziej uroczyste wydarzenia Ko\u015bcio\u0142a i radosne \u015bwi\u0119ta. Wyj\u0105tkowe, pi\u0119kne liturgie wype\u0142niaj\u0105 wyj\u0105tkowy czas, kt\u00f3ry rozpoczyna si\u0119 w Niedziel\u0119 Palmow\u0105, a ko\u0144czy w Niedziel\u0119 Wielkanocn\u0105.<\/p>\n\n\n\n<p class=\"\">Wielki Tydzie\u0144 2026 to \u015bwietny czas, aby powr\u00f3ci\u0107 do modlitwy i zbli\u017cy\u0107 si\u0119 do Boga.<\/p>\n\n\n\n<div class=\"wp-block-buttons is-horizontal is-content-justification-center is-layout-flex wp-container-core-buttons-is-layout-1 wp-block-buttons-is-layout-flex\">\n<div class=\"wp-block-button\"><a class=\"wp-block-button__link wp-element-button\" href=\"https:\/\/hallow.app.link\/blogdownload\">M\u00f3dl si\u0119 z Hallow podczas Wielkiego Tygodnia<\/a><\/div>\n<\/div>\n\n\n\n<h2 class=\"wp-block-heading\" id=\"palm-sunday\">Niedziela Palmowa<\/h2>\n\n\n\n<p class=\"\">Wielki Tydzie\u0144 rozpoczyna si\u0119 <a href=\"https:\/\/hallow.com\/pl\/blog\/niedziela-palmowa\/\">Niedziel\u0105 Palmow\u0105<\/a>, z odr\u0119bn\u0105 liturgi\u0105, kt\u00f3ra rozpoczyna si\u0119 czytaniem Ewangelii o w\u0119dr\u00f3wce Jezusa do Jerozolimy i Jego uroczystym wej\u015bciu. <\/p>\n\n\n\n<p class=\"lent-embed\">Uczestnicy nabo\u017ce\u0144stwa trzymaj\u0105 palmy, co przypomina nam, o tym, co m\u00f3wi Pismo \u015awi\u0119te. Ludzie witali Jezusa, rozk\u0142adaj\u0105c swoje p\u0142aszcze i machaj\u0105c ga\u0142\u0105zkami palmowymi (J 12, 13).<\/p>\n\n\n\n<p class=\"\">Niedziela Palmowa to dzie\u0144, w kt\u00f3rym po raz pierwszy s\u0142yszymy M\u0119k\u0119 Pa\u0144sk\u0105 w kalendarzu liturgicznym.<\/p>\n\n\n\n<p class=\"\">W 2026 r. Niedziela Palmowa przypada 29 marca. W 2024 r. papie\u017c Franciszek odprawi\u0142 msz\u0119 w Niedziel\u0119 Palmow\u0105, ale nie wyg\u0142osi\u0142 homilii, prawdopodobnie z powodu choroby. W homilii, kt\u00f3r\u0105 papie\u017c Franciszek wyg\u0142osi\u0142 w Niedziel\u0119 Palmow\u0105 w 2023 r., papie\u017c Franciszek <a href=\"https:\/\/www.vatican.va\/content\/francesco\/en\/homilies\/2023\/documents\/20230402-omelia-palme.html#:~:text=The%20sufferings%20of%20Jesus%20were,the%20cruelty%20of%20the%20crucifixion.\">przypomnia\u0142 nam<\/a>, \u017ce &#8222;Jezus, w swoim opuszczeniu, prosi nas, aby\u015bmy otworzyli nasze oczy i serca na wszystkich, kt\u00f3rzy czuj\u0105 si\u0119 opuszczeni. W Niedziel\u0119 Palmow\u0105 2022 roku podkre\u015bli\u0142, \u017ce <a href=\"https:\/\/www.americamagazine.org\/faith\/2022\/04\/10\/palm-sunday-pope-francis-homily-2022-242799?fbclid=IwAR0QUFOB11Sm1rBtWUPWp_hFxcb_4_90C9EYtEtCBs5wrMEy69PUPKjtYdQ\">B\u00f3g mo\u017ce wybaczy\u0107 ka\u017cdy grzech<\/a>.<\/p>\n\n\n\n<h2 class=\"wp-block-heading\">Od poniedzia\u0142ku do \u015brody Wielkiego Tygodnia,<\/h2>\n\n\n\n<p class=\"\">podczas tych trzech dni Wielkiego Tygodnia codzienne Msze \u015awi\u0119te odbywaj\u0105 si\u0119 normalnie.<\/p>\n\n\n\n<p class=\"\">Czytania Ewangelii w tych dniach obejmuj\u0105 fragmenty Ewangelii Jana i Mateusza o Judaszu zdradzaj\u0105cym Jezusa, przygotowuj\u0105c nas do czwartkowej liturgii upami\u0119tniaj\u0105cej Ostatni\u0105 Wieczerz\u0119.<\/p>\n\n\n\n<p class=\"\">Ciekawostk\u0105 jest, \u017ce nabo\u017ce\u0144stwa modlitewne Taiz\u00e9 odbywaj\u0105 si\u0119 wieczorami w dniach pomi\u0119dzy Niedziel\u0105 Palmow\u0105 a Wielkim Czwartkiem.<\/p>\n\n\n\n<p class=\"\">Podczas gdy niekt\u00f3rzy katolicy odnosz\u0105 si\u0119 do tych dni jako &#8222;Wielki Poniedzia\u0142ek&#8221;, &#8222;Wielki Wtorek&#8221; i &#8222;Wielka \u015aroda&#8221;, nazwy te s\u0105 mniej widoczne ni\u017c te nadawane innym dniom sk\u0142adaj\u0105cym si\u0119 na Wielki Tydzie\u0144. <a href=\"https:\/\/bible.usccb.org\/bible\/readings\/041222.cfm\">USCCB<\/a> nazywa te dni po prostu &#8222;Poniedzia\u0142kiem Wielkiego Tygodnia&#8221;, &#8222;Wtorkiem Wielkiego Tygodnia&#8221; i &#8222;\u015arod\u0105 Wielkiego Tygodnia&#8221;.  <\/p>\n\n\n\n<h2 class=\"wp-block-heading\" id=\"thursday\">Wielki Czwartek<\/h2>\n\n\n\n<p class=\"\"><a href=\"https:\/\/hallow.com\/pl\/blog\/wielki-czwartek\/\">Wielki Czwartek<\/a> rozpoczyna Triduum Paschalne &#8211; trzy dni poprzedzaj\u0105ce Zmartwychwstanie Jezusa. Jego oficjalna nazwa to Msza Wieczerzy Pa\u0144skiej, kt\u00f3ra by\u0142a pierwsz\u0105 celebracj\u0105 Eucharystii. Inne od\u0142amy chrze\u015bcija\u0144stwa nazywaj\u0105 ten dzie\u0144 tak\u017ce Wielkim Czwartkiem.<\/p>\n\n\n\n<p class=\"\">Na porannej liturgi Krzy\u017cma \u015awi\u0119tego s\u0105 \u015bwi\u0119cone oleje, a w tym olej do namaszczenia chorych, olej katechumen\u00f3w i krzy\u017cmo \u015bwi\u0119te, aby by\u0142y u\u017cywane przez reszt\u0119 roku liturgicznego. Wszystkie te oleje s\u0105 \u015bwi\u0119cone przez miejscowego biskupa na porannej mszy Krzy\u017cma \u015awi\u0119tego.<\/p>\n\n\n\n<p class=\"\">Godne uwagi podczas nabo\u017ce\u0144stwa Wielkiego Czwartku jest r\u00f3wnie\u017c obmycie st\u00f3p, podczas kt\u00f3rego kap\u0142an obmywa stopy 12 parafian. Jezus uczyni\u0142 to, aby pokaza\u0107 swoim uczniom, jak maj\u0105 s\u0142u\u017cy\u0107 innym poprzez bezinteresown\u0105 mi\u0142o\u015b\u0107.<\/p>\n\n\n\n<p class=\"\">Pierwotnie tylko m\u0119\u017cczy\u017ani byli zapraszani do grona 12 os\u00f3b, kt\u00f3rym obmywano stopy. <a href=\"https:\/\/www.catholicnewsagency.com\/news\/33283\/women-may-now-have-their-feet-washed-at-holy-thursday-mass-pope-says\">Dekret papie\u017ca Franciszka z 2016<\/a> roku otworzy\u0142 ten rytua\u0142 dla wszystkich.<\/p>\n\n\n\n<p class=\"\">Po liturgii konsekrowane hostie przenoszone s\u0105 do ciemnicy, a ca\u0142y o\u0142tarz jest ogo\u0142ocony. Gdy kadzid\u0142o wype\u0142nia ko\u015bci\u00f3\u0142, kap\u0142an, zak\u0142adaj\u0105c specjalny str\u00f3j zwany welonem, bierze Naj\u015bwi\u0119tszy Sakrament i wychodzi z ko\u015bcio\u0142a do ciemnicy.<\/p>\n\n\n\n<p class=\"p.lent-embed\">W 2026 roku Wielki Czwartek przypada 2 kwietnia.<\/p>\n\n\n\n<h2 class=\"wp-block-heading\" id=\"good-friday\">Wielki Pi\u0105tek<\/h2>\n\n\n\n<p class=\"\"><a href=\"https:\/\/hallow.com\/pl\/blog\/wielki-piatek-meka-chrystusa\/\">Wielki Pi\u0105tek<\/a> M\u0119ki Pa\u0144skiej, powszechnie znany jako Wielki Pi\u0105tek, jest jedynym dniem w roku, w kt\u00f3rym nie odprawia si\u0119 Mszy \u015awi\u0119tej.<\/p>\n\n\n\n<p class=\"\">To uroczysty dzie\u0144, kt\u00f3ry wymaga postu i wstrzemi\u0119\u017aliwo\u015bci. <\/p>\n\n\n\n<p class=\"\"><a href=\"https:\/\/hallow.com\/pl\/blog\/jak-modlic-sie-na-stacjach-krzyza\/\">Droga krzy\u017cowa<\/a> jest cz\u0119sto odprawiana w Wielki Pi\u0105tek. G\u0142\u00f3wne nabo\u017ce\u0144stwo w Wielki Pi\u0105tek nie obejmuje drogi krzy\u017cowej. Czytana jest M\u0119ka Pa\u0144ska i udzielana jest Eucharystia (konsekrowana w czwartek). <\/p>\n\n\n\n<p class=\"\">Adoracja Krzy\u017ca i uroczyste Modlitwa Wiernych &#8211; pro\u015bby i intencje parafian &#8211; to kolejne wyj\u0105tkowe elementy nabo\u017ce\u0144stwa wielkopi\u0105tkowego.<\/p>\n\n\n\n<p class=\"\">W 2026 roku Wielki Pi\u0105tek wypada 3 kwietnia<\/p>\n\n\n\n<h2 class=\"wp-block-heading\" id=\"holy-saturday\">Wielka Sobota<\/h2>\n\n\n\n<p class=\"\">Msza w Wielk\u0105 Sobot\u0119 jest nazywana <a href=\"https:\/\/hallow.com\/pl\/blog\/czuwanie-wielkanocne\/\">Wigili\u0105<\/a> Paschaln\u0105.<\/p>\n\n\n\n<p class=\"\">To najbardziej wyj\u0105tkowa i by\u0107 mo\u017ce najwa\u017cniejsza liturgia w roku. Wigilia Paschalna ko\u0144czy Triduum i rozpoczyna obchody Wielkanocy.<\/p>\n\n\n\n<p class=\"\">Nabo\u017ce\u0144stwo mo\u017ce rozpocz\u0105\u0107 si\u0119 dopiero po zachodzie s\u0142o\u0144ca. Na zewn\u0105trz ko\u015bcio\u0142a zaplamy \u015bwiec\u0119 paschaln\u0105 od po\u015bwi\u0119conego ognia, a p\u0142omie\u0144 jest przekazywany w ca\u0142ym ko\u015bciele na poszczeg\u00f3lne \u015bwiece trzymane w r\u0119kach wiernych. Liturgia S\u0142owa, kt\u00f3ra zwykle <a href=\"https:\/\/bible.usccb.org\/bible\/readings\/041622.cfm\">obejmuje dziewi\u0119\u0107 czyta\u0144<\/a>, rozpoczyna si\u0119 w ciemno\u015bci.<\/p>\n\n\n\n<p class=\"\">Czytania pokazuj\u0105 zwi\u0105zek mi\u0119dzy Starym i Nowym Testamentem oraz spos\u00f3b, w jaki Jezus wype\u0142ni\u0142 Pismo \u015awi\u0119te i osi\u0105gn\u0105\u0142 zbawienie dla ca\u0142ej ludzko\u015bci.<\/p>\n\n\n\n<p class=\"\">Liturgia Chrztu, kt\u00f3ra nast\u0119puje po Ewangelii i homilii, stanowi kulminacj\u0119 programu Obrz\u0119du Chrze\u015bcija\u0144skiego Wtajemniczenia Doros\u0142ych (OCWD). Katechumeni, kt\u00f3rzy przygotowywali si\u0119 do wej\u015bcia do Ko\u015bcio\u0142a, s\u0105 chrzczeni, bierzmowani, a nast\u0119pnie przyjmuj\u0105 pierwsz\u0105 Komuni\u0119 \u015awi\u0119t\u0105.<\/p>\n\n\n\n<p class=\"\">Wigilia Paschalna to radosna, uroczysta liturgia, wype\u0142niona pi\u0119knymi pie\u015bniami. Chocia\u017c nabo\u017ce\u0144stwa ko\u0144cz\u0105 si\u0119 p\u00f3\u017ano w nocy, ko\u015bcio\u0142y zazwyczaj organizuj\u0105 po nich przyj\u0119cie, aby kontynuowa\u0107 \u015bwi\u0119towanie.<\/p>\n\n\n\n<p class=\"\">W 2026 roku Wigilia Paschalna odb\u0119dzie si\u0119 4 kwietnia. Rozpocznie si\u0119 ona o r\u00f3\u017cnych porach w r\u00f3\u017cnych cz\u0119\u015bciach kraju (i \u015bwiata), w zale\u017cno\u015bci od czasu zachodu s\u0142o\u0144ca.<\/p>\n\n\n\n<h2 class=\"wp-block-heading\" id=\"easter-sunday\">Niedziela Wielkanocna<\/h2>\n\n\n\n<p class=\"\">W por\u00f3wnaniu z innymi nabo\u017ce\u0144stwami Wielkiego Tygodnia, Msze w Niedziel\u0119 Wielkanocn\u0105 s\u0105 najbardziej podobne do tych, kt\u00f3re odbywaj\u0105 si\u0119 w czasie zwyk\u0142ym. Z wyj\u0105tkiem porannej mszy &#8211; Rezurekcji, kt\u00f3ra zazwyczaj jest odprawiana o 6 rano. Podczs tej mszy celebruje si\u0119 procesj\u0119 dooko\u0142a ko\u015bcio\u0142a.<\/p>\n\n\n\n<p class=\"\">\u015awi\u0105teczna atmosfera trwa od Wigilii Paschalnej, a o\u0142tarz jest udekorowany pi\u0119knymi kwiatami. <\/p>\n\n\n\n<p class=\"\">Oczywi\u015bcie wielu parafian ubiera si\u0119 od\u015bwi\u0119tnie, aby uczci\u0107 ten dzie\u0144. Wielkanoc, najwi\u0119ksze \u015bwi\u0119to Ko\u015bcio\u0142a Katolickiego, jest r\u00f3wnie\u017c jednym z najbardziej ucz\u0119szczanych nabo\u017ce\u0144stw w roku.<\/p>\n\n\n\n<div class=\"wp-block-buttons is-horizontal is-content-justification-center is-layout-flex wp-container-core-buttons-is-layout-2 wp-block-buttons-is-layout-flex\">\n<div class=\"wp-block-button\"><a class=\"wp-block-button__link wp-element-button\" href=\"https:\/\/hallow.app.link\/blogdownload\">M\u00f3dl si\u0119 z Hallow podczas Wielkiego Tygodnia<\/a><\/div>\n<\/div>\n\n\n\n<h2 class=\"wp-block-heading\" id=\"h-wiecej-materialow-na-wielki-tydzien-2026\">Wi\u0119cej materia\u0142\u00f3w na Wielki Tydzie\u0144 2026<\/h2>\n\n\n\n<ul class=\"wp-block-list\">\n<li><a href=\"https:\/\/hallow.com\/pl\/blog\/wielkopostne-modlitwy\/\">Modlitwy na Wielki Post<\/a><\/li>\n\n\n\n<li><a href=\"https:\/\/hallow.com\/blog\/easter-prayers\/\">Modlitwy wielkanocne<\/a><\/li>\n\n\n\n<li><a href=\"https:\/\/hallow.com\/blog\/happy-easter-images\/\">Weso\u0142ych \u015awi\u0105t Wielkanocnych<\/a><\/li>\n\n\n\n<li><a href=\"https:\/\/hallow.com\/pl\/blog\/jak-odmawiac-rozaniec\/\">Jak odmawia\u0107 r\u00f3\u017caniec<\/a><\/li>\n\n\n\n<li><a href=\"https:\/\/hallow.com\/pl\/blog\/jak-odmawiac-koronke-do-milosierdzia-bozego\/\">Jak odmawia\u0107 Koronk\u0119 do Mi\u0142osierdzia Bo\u017cego?<\/a><\/li>\n\n\n\n<li><a href=\"https:\/\/hallow.com\/blog\/how-to-go-to-confession-the-sacrament-of-penance-reconciliation\/\">Jak si\u0119 wyspowiada\u0107<\/a><\/li>\n\n\n\n<li><a href=\"https:\/\/hallow.com\/blog\/bible-in-a-year-with-father-mike-schmitz\/\">Biblia w rok<\/a><\/li>\n<\/ul>\n","protected":false},"excerpt":{"rendered":"<p>Harmonogram Wielkiego Tygodnia 2026 Okres Wielkiego Postu ust\u0119puje miejsca obchodom Wielkanocy w Wielkim Tygodniu, naj\u015bwi\u0119tszym okresie kalendarza liturgicznego. Wielki Tydzie\u0144 obejmuje najbardziej uroczyste wydarzenia Ko\u015bcio\u0142a i radosne \u015bwi\u0119ta. Wyj\u0105tkowe, pi\u0119kne liturgie wype\u0142niaj\u0105 wyj\u0105tkowy czas, kt\u00f3ry rozpoczyna si\u0119 w Niedziel\u0119 Palmow\u0105, a ko\u0144czy w Niedziel\u0119 Wielkanocn\u0105. Wielki Tydzie\u0144 2026 to \u015bwietny czas, aby powr\u00f3ci\u0107 do modlitwy &hellip; <a href=\"https:\/\/hallow.com\/pl\/blog\/harmonogram-wielkiego-tygodnia\/\">Continued<\/a><\/p>\n","protected":false},"author":32,"featured_media":24473,"comment_status":"closed","ping_status":"closed","sticky":false,"template":"","format":"standard","meta":{"_acf_changed":false,"_et_pb_use_builder":"","_et_pb_old_content":"","_et_gb_content_width":"","inline_featured_image":false,"footnotes":""},"categories":[143],"tags":[],"class_list":["post-53613","post","type-post","status-publish","format-standard","has-post-thumbnail","hentry","category-zycie-modlitewne"],"acf":[],"yoast_head":"<!-- This site is optimized with the Yoast SEO Premium plugin v24.3 (Yoast SEO v25.6) - https:\/\/yoast.com\/wordpress\/plugins\/seo\/ -->\n<title>Wielki Tydzie\u0144 2026: Kluczowe daty Wielkiego Tygodnia w Ko\u015bciele Katolickim | Hallow<\/title>\n<meta name=\"description\" content=\"Hallow przedstawia harmonogram nabo\u017ce\u0144stw Wielkiego Tygodnia w 2024 roku, od Niedzieli Palmowej a\u017c do Niedzieli Wielkanocnej.\" \/>\n<meta name=\"robots\" content=\"index, follow, max-snippet:-1, max-image-preview:large, max-video-preview:-1\" \/>\n<link rel=\"canonical\" href=\"https:\/\/hallow.com\/pl\/blog\/harmonogram-wielkiego-tygodnia\/\" \/>\n<meta property=\"og:locale\" content=\"pl_PL\" \/>\n<meta property=\"og:type\" content=\"article\" \/>\n<meta property=\"og:title\" content=\"Wielki Tydzie\u0144 2026: Harmonogram i kluczowe daty katolickich obchod\u00f3w Wielkiego Tygodnia\" \/>\n<meta property=\"og:description\" content=\"Hallow przedstawia harmonogram nabo\u017ce\u0144stw Wielkiego Tygodnia w 2024 roku, od Niedzieli Palmowej a\u017c do Niedzieli Wielkanocnej.\" \/>\n<meta property=\"og:url\" content=\"https:\/\/hallow.com\/pl\/blog\/harmonogram-wielkiego-tygodnia\/\" \/>\n<meta property=\"og:site_name\" content=\"Hallow\" \/>\n<meta property=\"article:publisher\" content=\"https:\/\/facebook.com\/hallowapp\" \/>\n<meta property=\"article:published_time\" content=\"2024-01-16T17:57:05+00:00\" \/>\n<meta property=\"article:modified_time\" content=\"2026-02-14T21:19:22+00:00\" \/>\n<meta property=\"og:image\" content=\"https:\/\/hallow.com\/wp-content\/uploads\/2022\/04\/soumyadip-sarkar-5tgEJaFBMKI-unsplash-1.png\" \/>\n\t<meta property=\"og:image:width\" content=\"720\" \/>\n\t<meta property=\"og:image:height\" content=\"740\" \/>\n\t<meta property=\"og:image:type\" content=\"image\/png\" \/>\n<meta name=\"author\" content=\"Stephen Spiewak\" \/>\n<meta name=\"twitter:card\" content=\"summary_large_image\" \/>\n<meta name=\"twitter:creator\" content=\"@hallowapp\" \/>\n<meta name=\"twitter:site\" content=\"@hallowapp\" \/>\n<script type=\"application\/ld+json\" class=\"yoast-schema-graph\">{\"@context\":\"https:\/\/schema.org\",\"@graph\":[{\"@type\":\"Article\",\"@id\":\"https:\/\/hallow.com\/pl\/blog\/harmonogram-wielkiego-tygodnia\/#article\",\"isPartOf\":{\"@id\":\"https:\/\/hallow.com\/pl\/blog\/harmonogram-wielkiego-tygodnia\/\"},\"author\":{\"name\":\"Stephen Spiewak\",\"@id\":\"https:\/\/hallow.com\/pl\/#\/schema\/person\/bff513b387a9f89e4d7463f0cd46c242\"},\"headline\":\"Wielki Tydzie\u0144 2026: Harmonogram i kluczowe daty katolickich obchod\u00f3w Wielkiego Tygodnia\",\"datePublished\":\"2024-01-16T17:57:05+00:00\",\"dateModified\":\"2026-02-14T21:19:22+00:00\",\"mainEntityOfPage\":{\"@id\":\"https:\/\/hallow.com\/pl\/blog\/harmonogram-wielkiego-tygodnia\/\"},\"wordCount\":1095,\"publisher\":{\"@id\":\"https:\/\/hallow.com\/pl\/#organization\"},\"image\":{\"@id\":\"https:\/\/hallow.com\/pl\/blog\/harmonogram-wielkiego-tygodnia\/#primaryimage\"},\"thumbnailUrl\":\"https:\/\/hallow.com\/wp-content\/uploads\/2022\/04\/soumyadip-sarkar-5tgEJaFBMKI-unsplash-1.png\",\"articleSection\":[\"\u017bycie modlitewne\"],\"inLanguage\":\"pl-PL\"},{\"@type\":\"WebPage\",\"@id\":\"https:\/\/hallow.com\/pl\/blog\/harmonogram-wielkiego-tygodnia\/\",\"url\":\"https:\/\/hallow.com\/pl\/blog\/harmonogram-wielkiego-tygodnia\/\",\"name\":\"Wielki Tydzie\u0144 2026: Kluczowe daty Wielkiego Tygodnia w Ko\u015bciele Katolickim | Hallow\",\"isPartOf\":{\"@id\":\"https:\/\/hallow.com\/pl\/#website\"},\"primaryImageOfPage\":{\"@id\":\"https:\/\/hallow.com\/pl\/blog\/harmonogram-wielkiego-tygodnia\/#primaryimage\"},\"image\":{\"@id\":\"https:\/\/hallow.com\/pl\/blog\/harmonogram-wielkiego-tygodnia\/#primaryimage\"},\"thumbnailUrl\":\"https:\/\/hallow.com\/wp-content\/uploads\/2022\/04\/soumyadip-sarkar-5tgEJaFBMKI-unsplash-1.png\",\"datePublished\":\"2024-01-16T17:57:05+00:00\",\"dateModified\":\"2026-02-14T21:19:22+00:00\",\"description\":\"Hallow przedstawia harmonogram nabo\u017ce\u0144stw Wielkiego Tygodnia w 2024 roku, od Niedzieli Palmowej a\u017c do Niedzieli Wielkanocnej.\",\"breadcrumb\":{\"@id\":\"https:\/\/hallow.com\/pl\/blog\/harmonogram-wielkiego-tygodnia\/#breadcrumb\"},\"inLanguage\":\"pl-PL\",\"potentialAction\":[{\"@type\":\"ReadAction\",\"target\":[\"https:\/\/hallow.com\/pl\/blog\/harmonogram-wielkiego-tygodnia\/\"]}]},{\"@type\":\"ImageObject\",\"inLanguage\":\"pl-PL\",\"@id\":\"https:\/\/hallow.com\/pl\/blog\/harmonogram-wielkiego-tygodnia\/#primaryimage\",\"url\":\"https:\/\/hallow.com\/wp-content\/uploads\/2022\/04\/soumyadip-sarkar-5tgEJaFBMKI-unsplash-1.png\",\"contentUrl\":\"https:\/\/hallow.com\/wp-content\/uploads\/2022\/04\/soumyadip-sarkar-5tgEJaFBMKI-unsplash-1.png\",\"width\":720,\"height\":740,\"caption\":\"Image of Sunrise\"},{\"@type\":\"BreadcrumbList\",\"@id\":\"https:\/\/hallow.com\/pl\/blog\/harmonogram-wielkiego-tygodnia\/#breadcrumb\",\"itemListElement\":[{\"@type\":\"ListItem\",\"position\":1,\"name\":\"Home\",\"item\":\"https:\/\/hallow.com\/pl\/\"},{\"@type\":\"ListItem\",\"position\":2,\"name\":\"Wielki Tydzie\u0144 2026: Harmonogram i kluczowe daty katolickich obchod\u00f3w Wielkiego Tygodnia\"}]},{\"@type\":\"WebSite\",\"@id\":\"https:\/\/hallow.com\/pl\/#website\",\"url\":\"https:\/\/hallow.com\/pl\/\",\"name\":\"Hallow\",\"description\":\"Catholic Prayer and Meditation App\",\"publisher\":{\"@id\":\"https:\/\/hallow.com\/pl\/#organization\"},\"potentialAction\":[{\"@type\":\"SearchAction\",\"target\":{\"@type\":\"EntryPoint\",\"urlTemplate\":\"https:\/\/hallow.com\/pl\/?s={search_term_string}\"},\"query-input\":{\"@type\":\"PropertyValueSpecification\",\"valueRequired\":true,\"valueName\":\"search_term_string\"}}],\"inLanguage\":\"pl-PL\"},{\"@type\":\"Organization\",\"@id\":\"https:\/\/hallow.com\/pl\/#organization\",\"name\":\"Hallow\",\"url\":\"https:\/\/hallow.com\/pl\/\",\"logo\":{\"@type\":\"ImageObject\",\"inLanguage\":\"pl-PL\",\"@id\":\"https:\/\/hallow.com\/pl\/#\/schema\/logo\/image\/\",\"url\":\"https:\/\/hallow.com\/wp-content\/uploads\/2019\/04\/Purple-Logo.png\",\"contentUrl\":\"https:\/\/hallow.com\/wp-content\/uploads\/2019\/04\/Purple-Logo.png\",\"width\":1470,\"height\":292,\"caption\":\"Hallow\"},\"image\":{\"@id\":\"https:\/\/hallow.com\/pl\/#\/schema\/logo\/image\/\"},\"sameAs\":[\"https:\/\/facebook.com\/hallowapp\",\"https:\/\/x.com\/hallowapp\",\"https:\/\/instagram.com\/hallowapp\"]},{\"@type\":\"Person\",\"@id\":\"https:\/\/hallow.com\/pl\/#\/schema\/person\/bff513b387a9f89e4d7463f0cd46c242\",\"name\":\"Stephen Spiewak\"}]}<\/script>\n<!-- \/ Yoast SEO Premium plugin. -->","yoast_head_json":{"title":"Wielki Tydzie\u0144 2026: Kluczowe daty Wielkiego Tygodnia w Ko\u015bciele Katolickim | Hallow","description":"Hallow przedstawia harmonogram nabo\u017ce\u0144stw Wielkiego Tygodnia w 2024 roku, od Niedzieli Palmowej a\u017c do Niedzieli Wielkanocnej.","robots":{"index":"index","follow":"follow","max-snippet":"max-snippet:-1","max-image-preview":"max-image-preview:large","max-video-preview":"max-video-preview:-1"},"canonical":"https:\/\/hallow.com\/pl\/blog\/harmonogram-wielkiego-tygodnia\/","og_locale":"pl_PL","og_type":"article","og_title":"Wielki Tydzie\u0144 2026: Harmonogram i kluczowe daty katolickich obchod\u00f3w Wielkiego Tygodnia","og_description":"Hallow przedstawia harmonogram nabo\u017ce\u0144stw Wielkiego Tygodnia w 2024 roku, od Niedzieli Palmowej a\u017c do Niedzieli Wielkanocnej.","og_url":"https:\/\/hallow.com\/pl\/blog\/harmonogram-wielkiego-tygodnia\/","og_site_name":"Hallow","article_publisher":"https:\/\/facebook.com\/hallowapp","article_published_time":"2024-01-16T17:57:05+00:00","article_modified_time":"2026-02-14T21:19:22+00:00","og_image":[{"width":720,"height":740,"url":"https:\/\/hallow.com\/wp-content\/uploads\/2022\/04\/soumyadip-sarkar-5tgEJaFBMKI-unsplash-1.png","type":"image\/png"}],"author":"Stephen Spiewak","twitter_card":"summary_large_image","twitter_creator":"@hallowapp","twitter_site":"@hallowapp","schema":{"@context":"https:\/\/schema.org","@graph":[{"@type":"Article","@id":"https:\/\/hallow.com\/pl\/blog\/harmonogram-wielkiego-tygodnia\/#article","isPartOf":{"@id":"https:\/\/hallow.com\/pl\/blog\/harmonogram-wielkiego-tygodnia\/"},"author":{"name":"Stephen Spiewak","@id":"https:\/\/hallow.com\/pl\/#\/schema\/person\/bff513b387a9f89e4d7463f0cd46c242"},"headline":"Wielki Tydzie\u0144 2026: Harmonogram i kluczowe daty katolickich obchod\u00f3w Wielkiego Tygodnia","datePublished":"2024-01-16T17:57:05+00:00","dateModified":"2026-02-14T21:19:22+00:00","mainEntityOfPage":{"@id":"https:\/\/hallow.com\/pl\/blog\/harmonogram-wielkiego-tygodnia\/"},"wordCount":1095,"publisher":{"@id":"https:\/\/hallow.com\/pl\/#organization"},"image":{"@id":"https:\/\/hallow.com\/pl\/blog\/harmonogram-wielkiego-tygodnia\/#primaryimage"},"thumbnailUrl":"https:\/\/hallow.com\/wp-content\/uploads\/2022\/04\/soumyadip-sarkar-5tgEJaFBMKI-unsplash-1.png","articleSection":["\u017bycie modlitewne"],"inLanguage":"pl-PL"},{"@type":"WebPage","@id":"https:\/\/hallow.com\/pl\/blog\/harmonogram-wielkiego-tygodnia\/","url":"https:\/\/hallow.com\/pl\/blog\/harmonogram-wielkiego-tygodnia\/","name":"Wielki Tydzie\u0144 2026: Kluczowe daty Wielkiego Tygodnia w Ko\u015bciele Katolickim | Hallow","isPartOf":{"@id":"https:\/\/hallow.com\/pl\/#website"},"primaryImageOfPage":{"@id":"https:\/\/hallow.com\/pl\/blog\/harmonogram-wielkiego-tygodnia\/#primaryimage"},"image":{"@id":"https:\/\/hallow.com\/pl\/blog\/harmonogram-wielkiego-tygodnia\/#primaryimage"},"thumbnailUrl":"https:\/\/hallow.com\/wp-content\/uploads\/2022\/04\/soumyadip-sarkar-5tgEJaFBMKI-unsplash-1.png","datePublished":"2024-01-16T17:57:05+00:00","dateModified":"2026-02-14T21:19:22+00:00","description":"Hallow przedstawia harmonogram nabo\u017ce\u0144stw Wielkiego Tygodnia w 2024 roku, od Niedzieli Palmowej a\u017c do Niedzieli Wielkanocnej.","breadcrumb":{"@id":"https:\/\/hallow.com\/pl\/blog\/harmonogram-wielkiego-tygodnia\/#breadcrumb"},"inLanguage":"pl-PL","potentialAction":[{"@type":"ReadAction","target":["https:\/\/hallow.com\/pl\/blog\/harmonogram-wielkiego-tygodnia\/"]}]},{"@type":"ImageObject","inLanguage":"pl-PL","@id":"https:\/\/hallow.com\/pl\/blog\/harmonogram-wielkiego-tygodnia\/#primaryimage","url":"https:\/\/hallow.com\/wp-content\/uploads\/2022\/04\/soumyadip-sarkar-5tgEJaFBMKI-unsplash-1.png","contentUrl":"https:\/\/hallow.com\/wp-content\/uploads\/2022\/04\/soumyadip-sarkar-5tgEJaFBMKI-unsplash-1.png","width":720,"height":740,"caption":"Image of Sunrise"},{"@type":"BreadcrumbList","@id":"https:\/\/hallow.com\/pl\/blog\/harmonogram-wielkiego-tygodnia\/#breadcrumb","itemListElement":[{"@type":"ListItem","position":1,"name":"Home","item":"https:\/\/hallow.com\/pl\/"},{"@type":"ListItem","position":2,"name":"Wielki Tydzie\u0144 2026: Harmonogram i kluczowe daty katolickich obchod\u00f3w Wielkiego Tygodnia"}]},{"@type":"WebSite","@id":"https:\/\/hallow.com\/pl\/#website","url":"https:\/\/hallow.com\/pl\/","name":"Hallow","description":"Catholic Prayer and Meditation App","publisher":{"@id":"https:\/\/hallow.com\/pl\/#organization"},"potentialAction":[{"@type":"SearchAction","target":{"@type":"EntryPoint","urlTemplate":"https:\/\/hallow.com\/pl\/?s={search_term_string}"},"query-input":{"@type":"PropertyValueSpecification","valueRequired":true,"valueName":"search_term_string"}}],"inLanguage":"pl-PL"},{"@type":"Organization","@id":"https:\/\/hallow.com\/pl\/#organization","name":"Hallow","url":"https:\/\/hallow.com\/pl\/","logo":{"@type":"ImageObject","inLanguage":"pl-PL","@id":"https:\/\/hallow.com\/pl\/#\/schema\/logo\/image\/","url":"https:\/\/hallow.com\/wp-content\/uploads\/2019\/04\/Purple-Logo.png","contentUrl":"https:\/\/hallow.com\/wp-content\/uploads\/2019\/04\/Purple-Logo.png","width":1470,"height":292,"caption":"Hallow"},"image":{"@id":"https:\/\/hallow.com\/pl\/#\/schema\/logo\/image\/"},"sameAs":["https:\/\/facebook.com\/hallowapp","https:\/\/x.com\/hallowapp","https:\/\/instagram.com\/hallowapp"]},{"@type":"Person","@id":"https:\/\/hallow.com\/pl\/#\/schema\/person\/bff513b387a9f89e4d7463f0cd46c242","name":"Stephen Spiewak"}]}},"_links":{"self":[{"href":"https:\/\/hallow.com\/pl\/wp-json\/wp\/v2\/posts\/53613"}],"collection":[{"href":"https:\/\/hallow.com\/pl\/wp-json\/wp\/v2\/posts"}],"about":[{"href":"https:\/\/hallow.com\/pl\/wp-json\/wp\/v2\/types\/post"}],"author":[{"embeddable":true,"href":"https:\/\/hallow.com\/pl\/wp-json\/wp\/v2\/users\/32"}],"replies":[{"embeddable":true,"href":"https:\/\/hallow.com\/pl\/wp-json\/wp\/v2\/comments?post=53613"}],"version-history":[{"count":5,"href":"https:\/\/hallow.com\/pl\/wp-json\/wp\/v2\/posts\/53613\/revisions"}],"predecessor-version":[{"id":107001,"href":"https:\/\/hallow.com\/pl\/wp-json\/wp\/v2\/posts\/53613\/revisions\/107001"}],"wp:featuredmedia":[{"embeddable":true,"href":"https:\/\/hallow.com\/pl\/wp-json\/wp\/v2\/media\/24473"}],"wp:attachment":[{"href":"https:\/\/hallow.com\/pl\/wp-json\/wp\/v2\/media?parent=53613"}],"wp:term":[{"taxonomy":"category","embeddable":true,"href":"https:\/\/hallow.com\/pl\/wp-json\/wp\/v2\/categories?post=53613"},{"taxonomy":"post_tag","embeddable":true,"href":"https:\/\/hallow.com\/pl\/wp-json\/wp\/v2\/tags?post=53613"}],"curies":[{"name":"wp","href":"https:\/\/api.w.org\/{rel}","templated":true}]}}