{"id":59436,"date":"2021-08-03T18:52:14","date_gmt":"2021-08-03T18:52:14","guid":{"rendered":"https:\/\/hallow.com\/?p=59436"},"modified":"2024-05-28T12:40:12","modified_gmt":"2024-05-28T12:40:12","slug":"jak-sie-modlic-maryja-rozwiazujaca-wiezly","status":"publish","type":"post","link":"https:\/\/hallow.com\/pl\/blog\/jak-sie-modlic-maryja-rozwiazujaca-wiezly\/","title":{"rendered":"Jak odmawia\u0107 nowenn\u0119 do Maryi Rozwi\u0105zuj\u0105cej W\u0119z\u0142y?"},"content":{"rendered":"\n<p class=\"\">Wszyscy czasami czujemy si\u0119 na uwi\u0119zi naszych problem\u00f3w i trudnych sytuacji. Odmawiaj Nowenn\u0119 do Maryi Rozwi\u0105zuj\u0105cej W\u0119z\u0142y, aby pom\u00f3c rozpl\u0105ta\u0107 \u017cyciowe problemy.<\/p>\n\n\n\n<blockquote class=\"wp-block-quote is-layout-flow wp-block-quote-is-layout-flow\">\n<p class=\"\">Nawet najbardziej spl\u0105tane w\u0119z\u0142y s\u0105 rozwi\u0105zywane przez Jego \u0142ask\u0119. A Maryja, kt\u00f3rej &#8222;tak&#8221; otworzy\u0142o Bogu drzwi do rozpl\u0105tania w\u0119z\u0142a staro\u017cytnego niepos\u0142usze\u0144stwa, jest Matk\u0105, kt\u00f3ra cierpliwie i z mi\u0142o\u015bci\u0105 przyprowadza nas do Boga, aby On m\u00f3g\u0142 rozpl\u0105ta\u0107 w\u0119z\u0142y naszej duszy swoim ojcowskim mi\u0142osierdziem.<\/p>\n<cite>Papie\u017c Franciszek (12 pa\u017adziernika 2013 r.)<\/cite><\/blockquote>\n\n\n\n<h2 class=\"wp-block-heading\">Czym jest Nowenna do Maryi Rozwi\u0105zuj\u0105cej W\u0119z\u0142y?<\/h2>\n\n\n\n<p class=\"\">Modlimy si\u0119 t\u0105 <a href=\"https:\/\/hallow.com\/blog\/how-to-pray-novenas\/\">nowenn\u0105<\/a>, gdy w naszym \u017cyciu pojawiaj\u0105 si\u0119 w\u0119z\u0142y, zagmatwania i problemy, kt\u00f3rych nie jeste\u015bmy w stanie sami rozwi\u0105za\u0107, rozwik\u0142a\u0107 czy naprawi\u0107. Mo\u017ce to by\u0107 w\u0119ze\u0142 w twoim \u017cyciu duchowym, w twoim zwi\u0105zku lub by\u0107 mo\u017ce w\u0119ze\u0142 w \u017cyciu kogo\u015b bliskiego.<\/p>\n\n\n\n<h3 class=\"wp-block-heading\">Nabo\u017ce\u0144stwo maryjne<\/h3>\n\n\n\n<p class=\"\">Na przestrzeni czasu Maryja dawa\u0142a o sobie zna\u0107, przychodz\u0105c z pomoc\u0105 do ludzi w ich w\u0105tpliwo\u015bciach, b\u00f3lu, a tak\u017ce dzi\u0119kczynieniu i nie tylko, aby prowadzi\u0107 ich w wierze i mi\u0142o\u015bci. Czasami Maryja ukazuje si\u0119 ludziom fizycznie; nazywamy to objawieniem maryjnym. Maryja cz\u0119sto wstawia si\u0119 r\u00f3wnie\u017c za nas, zapewniaj\u0105c nam modlitw\u0119 lub wzywaj\u0105c do modlitwy w okre\u015blonej intencji; nazywamy to wstawiennictwem maryjnym. <\/p>\n\n\n\n<p class=\"\">W Ko\u015bciele Katolickim mo\u017cemy znale\u017a\u0107 wiele modlitw do Matki Bo\u017cej, kt\u00f3re s\u0105 nazywane cz\u0119sto <a href=\"https:\/\/www.catholicherald.com\/News\/Local_News\/What_are_Marian_devotions_and_how_can_they_enrich_your_faith_\/\" target=\"_blank\" rel=\"noreferrer noopener\">nabo\u017ce\u0144stwami maryjnymi<\/a>. Niekt\u00f3re z tych nabo\u017ce\u0144stw s\u0105 odmawiane od wiek\u00f3w! Na przyk\u0142ad tradycyjny <a href=\"https:\/\/hallow.com\/pl\/blog\/jak-odmawiac-rozaniec\/\">r\u00f3\u017caniec<\/a> i <a href=\"https:\/\/hallow.com\/blog\/7-sorrows\/\">r\u00f3\u017caniec do 7 bole\u015bci Matki Bo\u017cej<\/a> to przyk\u0142adowe nabo\u017ce\u0144stwa maryjne. <\/p>\n\n\n\n<p class=\"\">Tradycja g\u0142osi, \u017ce Nowenna do Maryi Rozwi\u0105zuj\u0105cej W\u0119z\u0142y powsta\u0142a dzi\u0119ki wstawiennictwu Maryi u niemieckiej pary, kt\u00f3ra by\u0142a na skraju rozwodu. Jednak teologia i nauczanie stoj\u0105ce za tym nabo\u017ce\u0144stwem maryjnym, kt\u00f3re prosi Matk\u0119 Bo\u017c\u0105, aby prowadzi\u0142a nas do Boga i kt\u00f3rej \u0142aska rozpl\u0105tuje wiele w\u0119z\u0142\u00f3w w naszym \u017cyciu, ma sw\u00f3j pocz\u0105tek oko\u0142o 2 wieku. <\/p>\n\n\n\n<h3 class=\"wp-block-heading\">\u015awi\u0119ty Ireneusz<\/h3>\n\n\n\n<p class=\"\">W pa\u017adzierniku 2013 r. papie\u017c Franciszek <a href=\"https:\/\/www.vatican.va\/content\/francesco\/en\/speeches\/2013\/october\/documents\/papa-francesco_20131012_preghiera-mariana.html\" target=\"_blank\" rel=\"noreferrer noopener\">wyg\u0142osi\u0142<\/a> or\u0119dzie na temat wiary Maryi, cytuj\u0105c <a href=\"http:\/\/St.%20Iranaeus\" target=\"_blank\" rel=\"noreferrer noopener\">\u015bw. Ireneusza.<\/a> <\/p>\n\n\n\n<blockquote class=\"wp-block-quote is-layout-flow wp-block-quote-is-layout-flow\">\n<p class=\"\">W\u0119ze\u0142 niepos\u0142usze\u0144stwa Ewy zosta\u0142 rozwi\u0105zany przez pos\u0142usze\u0144stwo Maryi; to, co dziewica Ewa zwi\u0105za\u0142a swoj\u0105 niewiar\u0105, Dziewica Maryja rozwi\u0105za\u0142a swoj\u0105 wiar\u0105.<\/p>\n<cite>\u015awi\u0119ty Ireneusz<\/cite><\/blockquote>\n\n\n\n<p class=\"\">Ju\u017c w II wieku \u015bw. Ireneusz m\u00f3wi\u0142 o Maryi jako o rozwi\u0105zuj\u0105cej pierwotny w\u0119ze\u0142 niepos\u0142usze\u0144stwa w ogrodzie Eden. I tak jak oddanie Maryi Bogu (Jej ci\u0105g\u0142e &#8222;tak, Panie&#8221;) rozwi\u0105za\u0142o w\u0119ze\u0142 Ewy, tak Ona nadal prowadzi nas do wiary w rozwi\u0105zywanie naszych w\u0142asnych w\u0119z\u0142\u00f3w, za Jej or\u0119downictwem. <\/p>\n\n\n\n<h3 class=\"wp-block-heading\">Wolfgang i Sophie &#8211; pojednane ma\u0142\u017ce\u0144stwo<\/h3>\n\n\n\n<p class=\"\">Na pocz\u0105tku XVII wieku niemiecka para szlachecka by\u0142a na skraju rozwodu &#8211; Wolfgang Langenmantel i Sophie Imoff. Maj\u0105c nadziej\u0119 na uratowanie swojego ma\u0142\u017ce\u0144stwa, Wolfgang postanowi\u0142 zwr\u00f3ci\u0107 si\u0119 do ojca Rema, jezuity z Uniwersytetu w Ingolstadt. <\/p>\n\n\n\n<p class=\"\">Wed\u0142ug <a href=\"https:\/\/udayton.edu\/imri\/mary\/u\/untier-of-knots.php\" target=\"_blank\" rel=\"noreferrer noopener\">Richarda Lenara<\/a>, Wolfgang odwiedzi\u0142 ks. Rema kilka razy, aby razem z nim modli\u0107 si\u0119 do Dziewicy Maryi. Podczas ostatniej wizyty Wolfgang przyni\u00f3s\u0142 swoj\u0105 wst\u0105\u017ck\u0119 \u015blubn\u0105 (jest to cz\u0119\u015b\u0107 niemieckiej tradycji za\u015blubin, kt\u00f3ra symbolizuje &#8222;zwi\u0105zanie si\u0119&#8221; pary m\u0142odej), aby modli\u0107 si\u0119 z ks. Rem przed obrazem Matki Boskiej. <\/p>\n\n\n\n<div class=\"wp-block-columns are-vertically-aligned-center is-layout-flex wp-container-core-columns-is-layout-1 wp-block-columns-is-layout-flex\">\n<div class=\"wp-block-column is-vertically-aligned-center is-layout-flow wp-block-column-is-layout-flow\" style=\"flex-basis:33.33%\"><div class=\"wp-block-image p-1 is-style-rounded\">\n<figure class=\"aligncenter size-large is-resized\"><img decoding=\"async\" width=\"202\" height=\"347\" data-src=\"https:\/\/hallow.com\/wp-content\/uploads\/2021\/07\/Johann_Georg_Schmidtner__by_Johann_Georg_Schmidtner-2.jpg\" alt=\"\" class=\"wp-image-8624 lazyload\" style=\"--smush-placeholder-width: 202px; --smush-placeholder-aspect-ratio: 202\/347;width:202px;height:347px\" src=\"data:image\/svg+xml;base64,PHN2ZyB3aWR0aD0iMSIgaGVpZ2h0PSIxIiB4bWxucz0iaHR0cDovL3d3dy53My5vcmcvMjAwMC9zdmciPjwvc3ZnPg==\" \/><figcaption class=\"wp-element-caption\">Johann Georg Melchior Schmidtner (1625-1705), wed\u0142ug Wikimedia Commons<\/figcaption><\/figure><\/div><\/div>\n\n\n\n<div class=\"wp-block-column is-vertically-aligned-center is-layout-flow wp-block-column-is-layout-flow\" style=\"flex-basis:66.66%\">\n<p class=\"\"><em>&#8222;W uroczystym akcie ojciec Rem wzi\u0105\u0142 wst\u0105\u017ck\u0119 \u015blubn\u0105 Wolfganga i podni\u00f3s\u0142 j\u0105, jednocze\u015bnie rozwi\u0105zuj\u0105c w\u0119z\u0142y wst\u0105\u017cki jeden po drugim. Gdy ojciec Rem wyg\u0142adzi\u0142 wst\u0105\u017ck\u0119, sta\u0142a si\u0119 ona intensywnie bia\u0142a. Wolfgang i Sophie odczytali to jako cud i byli w stanie unikn\u0105\u0107 rozwodu i kontynuowa\u0107 swoje ma\u0142\u017ce\u0144stwo&#8221;.<\/em> &#8211; Richard Lenar<\/p>\n\n\n\n<p class=\"\">Prawie sto lat p\u00f3\u017aniej rodzina Langenmantel zleci\u0142a niemieckiemu arty\u015bcie Johannowi Melchiorowi Georgowi Schmittdnerowi namalowanie sceny na rodzinny o\u0142tarz. Namalowa\u0142 pi\u0119kny portret Marii, rozwi\u0105zuj\u0105cej bia\u0142\u0105 wst\u0119g\u0119 ma\u0142\u017ce\u0144stwa Wolfganga i Sophie. Mo\u017cna r\u00f3wnie\u017c zobaczy\u0107 jej stop\u0119 na w\u0119\u017cu zwini\u0119tym w supe\u0142, poskramiaj\u0105c\u0105 z\u0142o. <\/p>\n\n\n\n<p class=\"\">Mo\u017cemy medytowa\u0107 nad obrazem Maryi, gdy rozwi\u0105zuje w\u0119z\u0142y w naszym \u017cyciu &#8211; w naszych relacjach z innymi i Bogiem oraz we wszystkim innym w naszym \u017cyciu, co jest spl\u0105tane i popl\u0105tane.<\/p>\n<\/div>\n<\/div>\n\n\n\n<h3 class=\"wp-block-heading\">Popularno\u015b\u0107 nowenny<\/h3>\n\n\n\n<p class=\"\">Papie\u017c Franciszek mia\u0142 styczno\u015b\u0107 z nabo\u017ce\u0144stwem za po\u015brednictwem obrazu Schmittdnera w Niemczech, st\u0105d postanowi\u0142 zabra\u0107 t\u0119 modlitw\u0119 do Matki Boskiej z powrotem do Argentyny. Podczas swojego pontyfikatu sprawi\u0142, \u017ce to nabo\u017ce\u0144stwo sta\u0142o si\u0119 jeszcze bardziej popularne w \u015bwiecie chrze\u015bcija\u0144skim. W maju 2021 r. papie\u017c Franciszek <a href=\"https:\/\/www.catholicnewsagency.com\/news\/247848\/pope-francis-turns-to-mary-undoer-of-knots-at-end-of-rosary-marathon-for-end-to-pandemic\" target=\"_blank\" rel=\"noreferrer noopener\">wezwa\u0142<\/a> Maryj\u0119, Rozwi\u0105zuj\u0105c\u0105 W\u0119z\u0142y, do wstawiennictwa pod koniec globalnego r\u00f3\u017ca\u0144ca, aby po\u0142o\u017cy\u0107 kres pandemii. <\/p>\n\n\n\n<blockquote class=\"wp-block-quote is-layout-flow wp-block-quote-is-layout-flow\">\n<p class=\"\">Dzi\u015b wieczorem gromadzimy si\u0119 przed Tob\u0105, nasza Matko Dziewico, czczona w tym wizerunku jako Ta, kt\u00f3ra rozwi\u0105zuje w\u0119z\u0142y. W rzeczywisto\u015bci istnieje wiele w\u0119z\u0142\u00f3w, kt\u00f3re wi\u0105\u017c\u0105 nasze \u017cycie i nasze dzia\u0142ania. S\u0105 to w\u0119z\u0142y egoizmu i oboj\u0119tno\u015bci, w\u0119z\u0142y ekonomiczne i spo\u0142eczne, w\u0119z\u0142y przemocy i wojny &#8230; Modlimy si\u0119 do Ciebie, \u015awi\u0119ta Matko, rozwi\u0105\u017c w\u0119z\u0142y, kt\u00f3re uciskaj\u0105 nas materialnie i duchowo, aby\u015bmy mogli z rado\u015bci\u0105 \u015bwiadczy\u0107 o Twoim Synu i Panu, Jezusie Chrystusie.<\/p>\n<cite>Papie\u017c Franciszek (31 maja 2021 r.)<\/cite><\/blockquote>\n\n\n\n<p class=\"\">B\u0119dziemy modli\u0107 si\u0119 tym nabo\u017ce\u0144stwem do Matki Bo\u017cej, Rozwi\u0105zuj\u0105cej W\u0119z\u0142y, jako <a href=\"https:\/\/hallow.com\/blog\/how-to-pray-novenas\/\">nowenn\u0105<\/a> przez dziewi\u0119\u0107 dni z rz\u0119du w Hallow, przed \u015bwi\u0119tem Wniebowzi\u0119cia NMP. <a href=\"https:\/\/jpiihealingcenter.org\/team-members\/sr-miriam-james-heidland\/\" target=\"_blank\" rel=\"noreferrer noopener\">Siostra Miriam James Heidland.<\/a> Nowenna pozostanie w aplikacji i mo\u017ce by\u0107 modlitw\u0105, do kt\u00f3rej b\u0119dziesz wraca\u0107 za ka\u017cdym razem, gdy zechcesz poprosi\u0107 Maryj\u0119 o wstawiennictwo.<\/p>\n\n\n\n<div class=\"wp-block-buttons is-horizontal is-content-justification-center is-layout-flex wp-container-core-buttons-is-layout-1 wp-block-buttons-is-layout-flex\">\n<div class=\"wp-block-button\"><a class=\"wp-block-button__link wp-element-button\" href=\"https:\/\/hallow.app.link\/MaryUndoer\">M\u00f3dl si\u0119 z Maryj\u0105, Rozwi\u0105zuj\u0105c\u0105 W\u0119z\u0142y<\/a><\/div>\n<\/div>\n\n\n\n<h2 class=\"wp-block-heading\">Dlaczego modlimy si\u0119 nowenn\u0105 do Maryi Rozwi\u0105zuj\u0105cej W\u0119z\u0142y?<\/h2>\n\n\n\n<p class=\"\">Mo\u017cesz modli\u0107 si\u0119 t\u0105 nowenn\u0105 w intencji ka\u017cdego w\u0119z\u0142a w swoim \u017cyciu. Bez wzgl\u0119du na intencj\u0119 modlitwy, Matka Bo\u017ca zawsze wstawia si\u0119 za nami. <\/p>\n\n\n\n<blockquote class=\"wp-block-quote is-layout-flow wp-block-quote-is-layout-flow\">\n<p class=\"\">Ty, kt\u00f3ra wiesz, jak rozwi\u0105za\u0107 w\u0119z\u0142y naszej egzystencji i znasz pragnienia naszych serc, przyjd\u017a nam z pomoc\u0105. Jeste\u015bmy pewni, \u017ce tak jak w Kanie Galilejskiej, zapewnisz nam powr\u00f3t rado\u015bci i \u015bwi\u0119towania do naszych dom\u00f3w, po czasie pr\u00f3by.<\/p>\n<cite>Papie\u017c Franciszek (31 maja 2021 r.)<\/cite><\/blockquote>\n\n\n\n<p class=\"\">Papie\u017c Franciszek przypomina nam wstawiennictwo Maryi na weselu w Kanie Galilejskiej, kiedy zauwa\u017cy\u0142a, \u017ce nie ma ju\u017c wina. To w\u0142a\u015bnie wtedy Jezus dokona\u0142 swojego pierwszego cudu: przemieni\u0142 wod\u0119 w wino. Tak jak Maryja zauwa\u017cy\u0142a problem na wesely, tak i Ona dostrzega w\u0119z\u0142y w naszym \u017cyciu i pragnie je rozwi\u0105za\u0107. <\/p>\n\n\n\n<h2 class=\"wp-block-heading\">Kiedy odmawiamy nowenn\u0119 do Maryi Rozwi\u0105zuj\u0105cej W\u0119z\u0142y?<\/h2>\n\n\n\n<p class=\"\">Odmawiaj t\u0119 nowenn\u0119 za ka\u017cdym razem, gdy jaki\u015b w\u0119ze\u0142 w twoim \u017cyciu wymaga rozpl\u0105tania z pomoc\u0105 Maryi i \u0142aski Bo\u017cej. Nowenna ta jest jednak powszechnie odmawiana w okolicach \u015bwi\u0105t maryjnych.<\/p>\n\n\n\n<h2 class=\"wp-block-heading\">Jak si\u0119 modli\u0107: Nowenna do Maryi Rozwi\u0105zuj\u0105cej W\u0119z\u0142y<\/h2>\n\n\n\n<figure class=\"wp-block-image size-large\"><img decoding=\"async\" width=\"1024\" height=\"536\" data-src=\"https:\/\/hallow.com\/wp-content\/uploads\/2021\/08\/How-to-Pray-Mary-Undoer-of-Knots-2-1024x536.png\" alt=\"Aplikacja Hallow - Jak modli\u0107 si\u0119 nowenn\u0105 do Maryi Rozwi\u0105zuj\u0105cej W\u0119z\u0142y?\n\" class=\"wp-image-8802 lazyload\" data-srcset=\"https:\/\/hallow.com\/wp-content\/uploads\/2021\/08\/How-to-Pray-Mary-Undoer-of-Knots-2-1024x536.png 1024w, https:\/\/hallow.com\/wp-content\/uploads\/2021\/08\/How-to-Pray-Mary-Undoer-of-Knots-2-500x262.png 500w, https:\/\/hallow.com\/wp-content\/uploads\/2021\/08\/How-to-Pray-Mary-Undoer-of-Knots-2-768x402.png 768w, https:\/\/hallow.com\/wp-content\/uploads\/2021\/08\/How-to-Pray-Mary-Undoer-of-Knots-2-610x319.png 610w, https:\/\/hallow.com\/wp-content\/uploads\/2021\/08\/How-to-Pray-Mary-Undoer-of-Knots-2.png 1200w\" data-sizes=\"(max-width: 1024px) 100vw, 1024px\" src=\"data:image\/svg+xml;base64,PHN2ZyB3aWR0aD0iMSIgaGVpZ2h0PSIxIiB4bWxucz0iaHR0cDovL3d3dy53My5vcmcvMjAwMC9zdmciPjwvc3ZnPg==\" style=\"--smush-placeholder-width: 1024px; --smush-placeholder-aspect-ratio: 1024\/536;\" \/><\/figure>\n\n\n\n<h3 class=\"wp-block-heading\">Zastan\u00f3w si\u0119 nad &#8222;w\u0119z\u0142ami&#8221; w swoim \u017cyciu. <\/h3>\n\n\n\n<p class=\"\">Zanim rozpoczniesz t\u0119 nowenn\u0119, rozwa\u017c poni\u017csze pytania:<\/p>\n\n\n\n<ul class=\"wp-block-list\">\n<li>Co przeszkadza mi w zbli\u017caniu si\u0119 do Jezusa?<\/li>\n\n\n\n<li>Czy jest jaki\u015b problem w moim \u017cyciu, kt\u00f3rego nie potrafi\u0119 rozwi\u0105za\u0107? <\/li>\n\n\n\n<li>Jak mog\u0119 polega\u0107 na zdolno\u015bci Maryi do rozpl\u0105tywania w\u0119z\u0142\u00f3w w moim \u017cyciu i prowadzenia mnie do Bo\u017cej \u0142aski?<\/li>\n<\/ul>\n\n\n\n<p class=\"\">Pomocne mo\u017ce by\u0107 nawet prowadzenie dziennika na temat w\u0119z\u0142\u00f3w w swoim \u017cyciu. Mo\u017cesz nawet narysowa\u0107 wst\u0105\u017ck\u0119, aby wizualizowa\u0107 Maryj\u0119 rozpl\u0105tuj\u0105c\u0105 w\u0119z\u0142y w twoim \u017cyciu podczas odmawiania tej nowenny. <\/p>\n\n\n\n<h3 class=\"wp-block-heading\">Uczy\u0144 znak krzy\u017ca<\/h3>\n\n\n\n<p class=\"\"><em>W imi\u0119 Ojca, Syna i <a href=\"https:\/\/hallow.com\/blog\/prayers-to-the-holy-spirit\/\">Ducha<\/a> \u015awi\u0119tego. <\/em><\/p>\n\n\n\n<h3 class=\"wp-block-heading\">Refleksja z codzienn\u0105 medytacj\u0105<\/h3>\n\n\n\n<p class=\"\">Podczas tej nowenny ka\u017cdego dnia b\u0119dziemy modli\u0107 si\u0119 inn\u0105 <a href=\"https:\/\/hallow.com\/blog\/how-to-pray-christian-meditation\/\">medytacj\u0105<\/a> na temat Bo\u017cego mi\u0142osierdzia, \u0142aski i mi\u0142o\u015bci. W Hallow poprowadzimy ci\u0119 przez spokojn\u0105 medytacj\u0119 nad rozpl\u0105tywaniem w\u0119z\u0142\u00f3w w twoim \u017cyciu. <\/p>\n\n\n\n<p class=\"\">Medytacja pierwszego dnia wygl\u0105da nast\u0119puj\u0105co: <\/p>\n\n\n\n<p class=\"\"><em>Najdro\u017csza Matko Naj\u015bwi\u0119tsza, Naj\u015bwi\u0119tsza Maryjo Panno, kt\u00f3ra rozwi\u0105zujesz w\u0119z\u0142y kr\u0119puj\u0105ce Twoje dzieci, wyci\u0105gnij do mnie swoje mi\u0142osierne d\u0142onie. Powierzam Ci dzisiaj ten w\u0119ze\u0142 i wszystkie negatywne konsekwencje, kt\u00f3re wywo\u0142uje w moim \u017cyciu: (pauza)<\/em><\/p>\n\n\n\n<p class=\"\"><em>Maryjo, Rozwi\u0105zuj\u0105ca W\u0119z\u0142y, m\u00f3dl si\u0119 za mn\u0105.<\/em><\/p>\n\n\n\n<h3 class=\"wp-block-heading\">Odm\u00f3w lub wys\u0142uchaj g\u0142\u00f3wnej modlitwy nowenny<\/h3>\n\n\n\n<p class=\"\"><em>Dziewico Maryjo, Matko sprawiedliwej mi\u0142o\u015bci, Matko, kt\u00f3ra nigdy nie odmawiasz przyj\u015bcia z pomoc\u0105 dziecku w potrzebie, Matko, kt\u00f3rej r\u0119ce nigdy nie przestaj\u0105 s\u0142u\u017cy\u0107 Twoim ukochanym dzieciom, poniewa\u017c s\u0105 poruszone bosk\u0105 mi\u0142o\u015bci\u0105 i ogromnym mi\u0142osierdziem, kt\u00f3re istnieje w Twoim sercu, utwierdz na mnie swoje wsp\u00f3\u0142czuj\u0105ce oczy i zobacz w\u0119z\u0142y, kt\u00f3re istniej\u0105 w moim \u017cyciu.<\/em><\/p>\n\n\n\n<p class=\"\"><em>Dobrze wiesz, jak bardzo jestem zdesperowany, jak bardzo cierpi\u0119 i jak bardzo jestem zwi\u0105zany tymi w\u0119z\u0142ami.<\/em><\/p>\n\n\n\n<p class=\"\"><em>Maryjo, Matko, kt\u00f3rej B\u00f3g powierzy\u0142 rozwi\u0105zywanie w\u0119z\u0142\u00f3w w \u017cyciu swoich dzieci, powierzam w Twoje r\u0119ce wst\u0119g\u0119 mojego \u017cycia.<\/em><\/p>\n\n\n\n<p class=\"\"><em>Nikt, nawet sam z\u0142y duch, nie mo\u017ce odebra\u0107 Ci tej cennej opieki. W twoich r\u0119kach nie ma w\u0119z\u0142a, kt\u00f3rego nie mo\u017cna rozwi\u0105za\u0107.<\/em><\/p>\n\n\n\n<p class=\"\"><em>Pot\u0119\u017cna Matko, dzi\u0119ki Twojej \u0142asce i wstawienniczej mocy z Twoim Synem i moim Wyzwolicielem, Jezusem, we\u017a dzi\u015b w swoje r\u0119ce ten w\u0119ze\u0142&#8230; B\u0142agam Ci\u0119, aby\u015b go rozwi\u0105za\u0142 na chwa\u0142\u0119 Boga, raz na zawsze, Ty jeste\u015b moj\u0105 nadziej\u0105.<\/em><\/p>\n\n\n\n<p class=\"\"><em>O moja Pani, jeste\u015b jedyn\u0105 pociech\u0105, jak\u0105 daje mi B\u00f3g, umocnieniem mojej s\u0142abej si\u0142y, wzbogaceniem mojej n\u0119dzy i wraz z Chrystusem uwolnieniem z moich \u0142a\u0144cuch\u00f3w.<\/em><\/p>\n\n\n\n<p class=\"\"><em>Us\u0142ysz moj\u0105 pro\u015bb\u0119.<\/em><\/p>\n\n\n\n<p class=\"\"><em>Strze\u017c mnie, prowad\u017a mnie, chro\u0144 mnie, o bezpieczne schronienie!<\/em><\/p>\n\n\n\n<h3 class=\"wp-block-heading\">Zako\u0144cz znakiem krzy\u017ca<\/h3>\n\n\n\n<p class=\"\"><em>W imi\u0119 Ojca, Syna i Ducha \u015awi\u0119tego.<\/em><\/p>\n\n\n\n<hr class=\"wp-block-separator has-css-opacity is-style-wide\"\/>\n\n\n\n<p class=\"\">Ta nowenna jest jednym z naszych nadchodz\u0105cych wyzwa\u0144 wsp\u00f3lnotowych i cieszymy si\u0119, \u017ce mo\u017cemy si\u0119 ni\u0105 z Tob\u0105 poleci\u0107. W mi\u0119dzyczasie mo\u017cesz modli\u0107 si\u0119 nowenn\u0105 zawierzenia, <a href=\"https:\/\/hallow.com\/pl\/blog\/jak-sie-modlic-54-dniowa-nowenna\/\">54-dniow\u0105 nowenn\u0105 pompeja\u0144sk\u0105<\/a>, nowenn\u0105 do \u015bw. J\u00f3zefa, <a href=\"https:\/\/hallow.com\/pl\/blog\/jak-odmawiac-koronke-do-milosierdzia-bozego\/\">nowenn\u0105 do Bo\u017cego Mi\u0142osierdzia<\/a> i nowenn\u0105 do Naj\u015bwi\u0119tszego Serca z Jonathanem Roumie, aktorem graj\u0105cym Jezusa w filmie <em>Wybrani<\/em>.<\/p>\n\n\n\n<div class=\"wp-block-buttons is-horizontal is-content-justification-center is-layout-flex wp-container-core-buttons-is-layout-2 wp-block-buttons-is-layout-flex\">\n<div class=\"wp-block-button\"><a class=\"wp-block-button__link wp-element-button\" href=\"https:\/\/hallow.app.link\/MaryUndoer\">Odmawiaj nowenny w Hallow<\/a><\/div>\n<\/div>\n\n\n<h3 class=\"\">Powi\u0105zane modlitwy<\/h3>\n<p><!-- \/wp:heading --><\/p>\n<p><!-- wp:list --><\/p>\n<ul class=\"\">\n<li><a href=\"https:\/\/hallow.com\/pl\/blog\/jak-odmawiac-rozaniec\/\">Jak odmawia\u0107 r\u00f3\u017caniec<\/a><\/li>\n<li><a href=\"https:\/\/hallow.com\/blog\/7-sorrows\/\">R\u00f3\u017caniec do Siedmiu Bole\u015bci Matki Bo\u017cej<\/a><\/li>\n<li><a href=\"https:\/\/hallow.com\/blog\/how-to-pray-our-father\/\">Modlitwa Pa\u0144ska (Ojcze nasz)<\/a><\/li>\n<li><a href=\"https:\/\/hallow.com\/pl\/blog\/jak-odmawiac-nowenne-do-sw-teresy\/\">Nowenna do \u015bw. Teresy<\/a><\/li>\n<li><a href=\"https:\/\/hallow.com\/pl\/?p=59436\">Nowenna do Matki Bo\u017cej Rozwi\u0105zuj\u0105cej W\u0119z\u0142y<\/a><\/li>\n<li><a href=\"https:\/\/hallow.com\/pl\/blog\/jak-odmawiac-koronke-do-milosierdzia-bozego\/\">Koronka do Mi\u0142osierdzia Bo\u017cego<\/a><\/li>\n<li><a href=\"https:\/\/hallow.com\/blog\/how-to-pray-the-litany-of-humility\/\">Jak modli\u0107 si\u0119 litani\u0105 pokory?<\/a><\/li>\n<li><a href=\"https:\/\/hallow.com\/blog\/how-to-pray-the-litany-of-trust\/\">Jak modli\u0107 si\u0119 litani\u0105 zaufania<\/a><\/li>\n<li><a href=\"https:\/\/hallow.com\/blog\/feast-of-our-lady-of-guadalupe-prayers-celebrations\/\">\u015awi\u0119to Matki Bo\u017cej z Guadalupe<\/a><\/li>\n<\/ul>\n<p><!-- \/wp:list --><\/p>","protected":false},"excerpt":{"rendered":"<p>M\u00f3dl si\u0119 t\u0105 nowenn\u0105, aby pom\u00f3c rozpl\u0105ta\u0107 &#8222;w\u0119z\u0142y&#8221; w swoim \u017cyciu. <\/p>\n","protected":false},"author":18,"featured_media":22883,"comment_status":"open","ping_status":"open","sticky":false,"template":"","format":"standard","meta":{"_acf_changed":false,"_et_pb_use_builder":"","_et_pb_old_content":"","_et_gb_content_width":"","inline_featured_image":false,"footnotes":""},"categories":[139],"tags":[],"class_list":["post-59436","post","type-post","status-publish","format-standard","has-post-thumbnail","hentry","category-bez-kategorii"],"acf":[],"yoast_head":"<!-- This site is optimized with the Yoast SEO Premium plugin v24.3 (Yoast SEO v25.6) - https:\/\/yoast.com\/wordpress\/plugins\/seo\/ -->\n<title>Jak modli\u0107 si\u0119 nowenn\u0105 do Maryi Rozwi\u0105zuj\u0105cej W\u0119z\u0142y - Hallow: Katolicka aplikacja modlitewna<\/title>\n<meta name=\"description\" content=\"Wszyscy czasami czujemy, \u017ce nasze problemy trzymaj\u0105 nas na uwi\u0119zi. Odmawiaj nowenn\u0119 do Maryi Rozwi\u0105zuj\u0105cej W\u0119z\u0142y w Hallow, aby prosi\u0107 o Bo\u017ce mi\u0142osierdzie i rozpl\u0105ta\u0107 trudne sytuacje \u017cyciowe.\" \/>\n<meta name=\"robots\" content=\"index, follow, max-snippet:-1, max-image-preview:large, max-video-preview:-1\" \/>\n<link rel=\"canonical\" href=\"https:\/\/hallow.com\/pl\/blog\/jak-sie-modlic-maryja-rozwiazujaca-wiezly\/\" \/>\n<meta property=\"og:locale\" content=\"pl_PL\" \/>\n<meta property=\"og:type\" content=\"article\" \/>\n<meta property=\"og:title\" content=\"Jak odmawia\u0107 nowenn\u0119 do Maryi Rozwi\u0105zuj\u0105cej W\u0119z\u0142y?\" \/>\n<meta property=\"og:description\" content=\"Wszyscy czasami czujemy, \u017ce nasze problemy trzymaj\u0105 nas na uwi\u0119zi. Odmawiaj nowenn\u0119 do Maryi Rozwi\u0105zuj\u0105cej W\u0119z\u0142y w Hallow, aby prosi\u0107 o Bo\u017ce mi\u0142osierdzie i rozpl\u0105ta\u0107 trudne sytuacje \u017cyciowe.\" \/>\n<meta property=\"og:url\" content=\"https:\/\/hallow.com\/pl\/blog\/jak-sie-modlic-maryja-rozwiazujaca-wiezly\/\" \/>\n<meta property=\"og:site_name\" content=\"Hallow\" \/>\n<meta property=\"article:publisher\" content=\"https:\/\/facebook.com\/hallowapp\" \/>\n<meta property=\"article:published_time\" content=\"2021-08-03T18:52:14+00:00\" \/>\n<meta property=\"article:modified_time\" content=\"2024-05-28T12:40:12+00:00\" \/>\n<meta property=\"og:image\" content=\"https:\/\/hallow.com\/wp-content\/uploads\/2021\/07\/Screen-Shot-2021-07-28-at-10.55.01-AM.png\" \/>\n\t<meta property=\"og:image:width\" content=\"1100\" \/>\n\t<meta property=\"og:image:height\" content=\"656\" \/>\n\t<meta property=\"og:image:type\" content=\"image\/png\" \/>\n<meta name=\"author\" content=\"Cate Von Dohlen\" \/>\n<meta name=\"twitter:card\" content=\"summary_large_image\" \/>\n<meta name=\"twitter:creator\" content=\"@hallowapp\" \/>\n<meta name=\"twitter:site\" content=\"@hallowapp\" \/>\n<script type=\"application\/ld+json\" class=\"yoast-schema-graph\">{\"@context\":\"https:\/\/schema.org\",\"@graph\":[{\"@type\":\"Article\",\"@id\":\"https:\/\/hallow.com\/pl\/blog\/jak-sie-modlic-maryja-rozwiazujaca-wiezly\/#article\",\"isPartOf\":{\"@id\":\"https:\/\/hallow.com\/pl\/blog\/jak-sie-modlic-maryja-rozwiazujaca-wiezly\/\"},\"author\":{\"name\":\"Cate Von Dohlen\",\"@id\":\"https:\/\/hallow.com\/pl\/#\/schema\/person\/7342007ff4d569b8fa9ffff9855113ae\"},\"headline\":\"Jak odmawia\u0107 nowenn\u0119 do Maryi Rozwi\u0105zuj\u0105cej W\u0119z\u0142y?\",\"datePublished\":\"2021-08-03T18:52:14+00:00\",\"dateModified\":\"2024-05-28T12:40:12+00:00\",\"mainEntityOfPage\":{\"@id\":\"https:\/\/hallow.com\/pl\/blog\/jak-sie-modlic-maryja-rozwiazujaca-wiezly\/\"},\"wordCount\":1831,\"commentCount\":0,\"publisher\":{\"@id\":\"https:\/\/hallow.com\/pl\/#organization\"},\"image\":{\"@id\":\"https:\/\/hallow.com\/pl\/blog\/jak-sie-modlic-maryja-rozwiazujaca-wiezly\/#primaryimage\"},\"thumbnailUrl\":\"https:\/\/hallow.com\/wp-content\/uploads\/2021\/07\/Screen-Shot-2021-07-28-at-10.55.01-AM.png\",\"inLanguage\":\"pl-PL\",\"potentialAction\":[{\"@type\":\"CommentAction\",\"name\":\"Comment\",\"target\":[\"https:\/\/hallow.com\/pl\/blog\/jak-sie-modlic-maryja-rozwiazujaca-wiezly\/#respond\"]}]},{\"@type\":\"WebPage\",\"@id\":\"https:\/\/hallow.com\/pl\/blog\/jak-sie-modlic-maryja-rozwiazujaca-wiezly\/\",\"url\":\"https:\/\/hallow.com\/pl\/blog\/jak-sie-modlic-maryja-rozwiazujaca-wiezly\/\",\"name\":\"Jak modli\u0107 si\u0119 nowenn\u0105 do Maryi Rozwi\u0105zuj\u0105cej W\u0119z\u0142y - Hallow: Katolicka aplikacja modlitewna\",\"isPartOf\":{\"@id\":\"https:\/\/hallow.com\/pl\/#website\"},\"primaryImageOfPage\":{\"@id\":\"https:\/\/hallow.com\/pl\/blog\/jak-sie-modlic-maryja-rozwiazujaca-wiezly\/#primaryimage\"},\"image\":{\"@id\":\"https:\/\/hallow.com\/pl\/blog\/jak-sie-modlic-maryja-rozwiazujaca-wiezly\/#primaryimage\"},\"thumbnailUrl\":\"https:\/\/hallow.com\/wp-content\/uploads\/2021\/07\/Screen-Shot-2021-07-28-at-10.55.01-AM.png\",\"datePublished\":\"2021-08-03T18:52:14+00:00\",\"dateModified\":\"2024-05-28T12:40:12+00:00\",\"description\":\"Wszyscy czasami czujemy, \u017ce nasze problemy trzymaj\u0105 nas na uwi\u0119zi. Odmawiaj nowenn\u0119 do Maryi Rozwi\u0105zuj\u0105cej W\u0119z\u0142y w Hallow, aby prosi\u0107 o Bo\u017ce mi\u0142osierdzie i rozpl\u0105ta\u0107 trudne sytuacje \u017cyciowe.\",\"breadcrumb\":{\"@id\":\"https:\/\/hallow.com\/pl\/blog\/jak-sie-modlic-maryja-rozwiazujaca-wiezly\/#breadcrumb\"},\"inLanguage\":\"pl-PL\",\"potentialAction\":[{\"@type\":\"ReadAction\",\"target\":[\"https:\/\/hallow.com\/pl\/blog\/jak-sie-modlic-maryja-rozwiazujaca-wiezly\/\"]}]},{\"@type\":\"ImageObject\",\"inLanguage\":\"pl-PL\",\"@id\":\"https:\/\/hallow.com\/pl\/blog\/jak-sie-modlic-maryja-rozwiazujaca-wiezly\/#primaryimage\",\"url\":\"https:\/\/hallow.com\/wp-content\/uploads\/2021\/07\/Screen-Shot-2021-07-28-at-10.55.01-AM.png\",\"contentUrl\":\"https:\/\/hallow.com\/wp-content\/uploads\/2021\/07\/Screen-Shot-2021-07-28-at-10.55.01-AM.png\",\"width\":1100,\"height\":656},{\"@type\":\"BreadcrumbList\",\"@id\":\"https:\/\/hallow.com\/pl\/blog\/jak-sie-modlic-maryja-rozwiazujaca-wiezly\/#breadcrumb\",\"itemListElement\":[{\"@type\":\"ListItem\",\"position\":1,\"name\":\"Home\",\"item\":\"https:\/\/hallow.com\/pl\/\"},{\"@type\":\"ListItem\",\"position\":2,\"name\":\"Jak odmawia\u0107 nowenn\u0119 do Maryi Rozwi\u0105zuj\u0105cej W\u0119z\u0142y?\"}]},{\"@type\":\"WebSite\",\"@id\":\"https:\/\/hallow.com\/pl\/#website\",\"url\":\"https:\/\/hallow.com\/pl\/\",\"name\":\"Hallow\",\"description\":\"Catholic Prayer and Meditation App\",\"publisher\":{\"@id\":\"https:\/\/hallow.com\/pl\/#organization\"},\"potentialAction\":[{\"@type\":\"SearchAction\",\"target\":{\"@type\":\"EntryPoint\",\"urlTemplate\":\"https:\/\/hallow.com\/pl\/?s={search_term_string}\"},\"query-input\":{\"@type\":\"PropertyValueSpecification\",\"valueRequired\":true,\"valueName\":\"search_term_string\"}}],\"inLanguage\":\"pl-PL\"},{\"@type\":\"Organization\",\"@id\":\"https:\/\/hallow.com\/pl\/#organization\",\"name\":\"Hallow\",\"url\":\"https:\/\/hallow.com\/pl\/\",\"logo\":{\"@type\":\"ImageObject\",\"inLanguage\":\"pl-PL\",\"@id\":\"https:\/\/hallow.com\/pl\/#\/schema\/logo\/image\/\",\"url\":\"https:\/\/hallow.com\/wp-content\/uploads\/2019\/04\/Purple-Logo.png\",\"contentUrl\":\"https:\/\/hallow.com\/wp-content\/uploads\/2019\/04\/Purple-Logo.png\",\"width\":1470,\"height\":292,\"caption\":\"Hallow\"},\"image\":{\"@id\":\"https:\/\/hallow.com\/pl\/#\/schema\/logo\/image\/\"},\"sameAs\":[\"https:\/\/facebook.com\/hallowapp\",\"https:\/\/x.com\/hallowapp\",\"https:\/\/instagram.com\/hallowapp\"]},{\"@type\":\"Person\",\"@id\":\"https:\/\/hallow.com\/pl\/#\/schema\/person\/7342007ff4d569b8fa9ffff9855113ae\",\"name\":\"Cate Von Dohlen\"}]}<\/script>\n<!-- \/ Yoast SEO Premium plugin. -->","yoast_head_json":{"title":"Jak modli\u0107 si\u0119 nowenn\u0105 do Maryi Rozwi\u0105zuj\u0105cej W\u0119z\u0142y - Hallow: Katolicka aplikacja modlitewna","description":"Wszyscy czasami czujemy, \u017ce nasze problemy trzymaj\u0105 nas na uwi\u0119zi. Odmawiaj nowenn\u0119 do Maryi Rozwi\u0105zuj\u0105cej W\u0119z\u0142y w Hallow, aby prosi\u0107 o Bo\u017ce mi\u0142osierdzie i rozpl\u0105ta\u0107 trudne sytuacje \u017cyciowe.","robots":{"index":"index","follow":"follow","max-snippet":"max-snippet:-1","max-image-preview":"max-image-preview:large","max-video-preview":"max-video-preview:-1"},"canonical":"https:\/\/hallow.com\/pl\/blog\/jak-sie-modlic-maryja-rozwiazujaca-wiezly\/","og_locale":"pl_PL","og_type":"article","og_title":"Jak odmawia\u0107 nowenn\u0119 do Maryi Rozwi\u0105zuj\u0105cej W\u0119z\u0142y?","og_description":"Wszyscy czasami czujemy, \u017ce nasze problemy trzymaj\u0105 nas na uwi\u0119zi. Odmawiaj nowenn\u0119 do Maryi Rozwi\u0105zuj\u0105cej W\u0119z\u0142y w Hallow, aby prosi\u0107 o Bo\u017ce mi\u0142osierdzie i rozpl\u0105ta\u0107 trudne sytuacje \u017cyciowe.","og_url":"https:\/\/hallow.com\/pl\/blog\/jak-sie-modlic-maryja-rozwiazujaca-wiezly\/","og_site_name":"Hallow","article_publisher":"https:\/\/facebook.com\/hallowapp","article_published_time":"2021-08-03T18:52:14+00:00","article_modified_time":"2024-05-28T12:40:12+00:00","og_image":[{"width":1100,"height":656,"url":"https:\/\/hallow.com\/wp-content\/uploads\/2021\/07\/Screen-Shot-2021-07-28-at-10.55.01-AM.png","type":"image\/png"}],"author":"Cate Von Dohlen","twitter_card":"summary_large_image","twitter_creator":"@hallowapp","twitter_site":"@hallowapp","schema":{"@context":"https:\/\/schema.org","@graph":[{"@type":"Article","@id":"https:\/\/hallow.com\/pl\/blog\/jak-sie-modlic-maryja-rozwiazujaca-wiezly\/#article","isPartOf":{"@id":"https:\/\/hallow.com\/pl\/blog\/jak-sie-modlic-maryja-rozwiazujaca-wiezly\/"},"author":{"name":"Cate Von Dohlen","@id":"https:\/\/hallow.com\/pl\/#\/schema\/person\/7342007ff4d569b8fa9ffff9855113ae"},"headline":"Jak odmawia\u0107 nowenn\u0119 do Maryi Rozwi\u0105zuj\u0105cej W\u0119z\u0142y?","datePublished":"2021-08-03T18:52:14+00:00","dateModified":"2024-05-28T12:40:12+00:00","mainEntityOfPage":{"@id":"https:\/\/hallow.com\/pl\/blog\/jak-sie-modlic-maryja-rozwiazujaca-wiezly\/"},"wordCount":1831,"commentCount":0,"publisher":{"@id":"https:\/\/hallow.com\/pl\/#organization"},"image":{"@id":"https:\/\/hallow.com\/pl\/blog\/jak-sie-modlic-maryja-rozwiazujaca-wiezly\/#primaryimage"},"thumbnailUrl":"https:\/\/hallow.com\/wp-content\/uploads\/2021\/07\/Screen-Shot-2021-07-28-at-10.55.01-AM.png","inLanguage":"pl-PL","potentialAction":[{"@type":"CommentAction","name":"Comment","target":["https:\/\/hallow.com\/pl\/blog\/jak-sie-modlic-maryja-rozwiazujaca-wiezly\/#respond"]}]},{"@type":"WebPage","@id":"https:\/\/hallow.com\/pl\/blog\/jak-sie-modlic-maryja-rozwiazujaca-wiezly\/","url":"https:\/\/hallow.com\/pl\/blog\/jak-sie-modlic-maryja-rozwiazujaca-wiezly\/","name":"Jak modli\u0107 si\u0119 nowenn\u0105 do Maryi Rozwi\u0105zuj\u0105cej W\u0119z\u0142y - Hallow: Katolicka aplikacja modlitewna","isPartOf":{"@id":"https:\/\/hallow.com\/pl\/#website"},"primaryImageOfPage":{"@id":"https:\/\/hallow.com\/pl\/blog\/jak-sie-modlic-maryja-rozwiazujaca-wiezly\/#primaryimage"},"image":{"@id":"https:\/\/hallow.com\/pl\/blog\/jak-sie-modlic-maryja-rozwiazujaca-wiezly\/#primaryimage"},"thumbnailUrl":"https:\/\/hallow.com\/wp-content\/uploads\/2021\/07\/Screen-Shot-2021-07-28-at-10.55.01-AM.png","datePublished":"2021-08-03T18:52:14+00:00","dateModified":"2024-05-28T12:40:12+00:00","description":"Wszyscy czasami czujemy, \u017ce nasze problemy trzymaj\u0105 nas na uwi\u0119zi. Odmawiaj nowenn\u0119 do Maryi Rozwi\u0105zuj\u0105cej W\u0119z\u0142y w Hallow, aby prosi\u0107 o Bo\u017ce mi\u0142osierdzie i rozpl\u0105ta\u0107 trudne sytuacje \u017cyciowe.","breadcrumb":{"@id":"https:\/\/hallow.com\/pl\/blog\/jak-sie-modlic-maryja-rozwiazujaca-wiezly\/#breadcrumb"},"inLanguage":"pl-PL","potentialAction":[{"@type":"ReadAction","target":["https:\/\/hallow.com\/pl\/blog\/jak-sie-modlic-maryja-rozwiazujaca-wiezly\/"]}]},{"@type":"ImageObject","inLanguage":"pl-PL","@id":"https:\/\/hallow.com\/pl\/blog\/jak-sie-modlic-maryja-rozwiazujaca-wiezly\/#primaryimage","url":"https:\/\/hallow.com\/wp-content\/uploads\/2021\/07\/Screen-Shot-2021-07-28-at-10.55.01-AM.png","contentUrl":"https:\/\/hallow.com\/wp-content\/uploads\/2021\/07\/Screen-Shot-2021-07-28-at-10.55.01-AM.png","width":1100,"height":656},{"@type":"BreadcrumbList","@id":"https:\/\/hallow.com\/pl\/blog\/jak-sie-modlic-maryja-rozwiazujaca-wiezly\/#breadcrumb","itemListElement":[{"@type":"ListItem","position":1,"name":"Home","item":"https:\/\/hallow.com\/pl\/"},{"@type":"ListItem","position":2,"name":"Jak odmawia\u0107 nowenn\u0119 do Maryi Rozwi\u0105zuj\u0105cej W\u0119z\u0142y?"}]},{"@type":"WebSite","@id":"https:\/\/hallow.com\/pl\/#website","url":"https:\/\/hallow.com\/pl\/","name":"Hallow","description":"Catholic Prayer and Meditation App","publisher":{"@id":"https:\/\/hallow.com\/pl\/#organization"},"potentialAction":[{"@type":"SearchAction","target":{"@type":"EntryPoint","urlTemplate":"https:\/\/hallow.com\/pl\/?s={search_term_string}"},"query-input":{"@type":"PropertyValueSpecification","valueRequired":true,"valueName":"search_term_string"}}],"inLanguage":"pl-PL"},{"@type":"Organization","@id":"https:\/\/hallow.com\/pl\/#organization","name":"Hallow","url":"https:\/\/hallow.com\/pl\/","logo":{"@type":"ImageObject","inLanguage":"pl-PL","@id":"https:\/\/hallow.com\/pl\/#\/schema\/logo\/image\/","url":"https:\/\/hallow.com\/wp-content\/uploads\/2019\/04\/Purple-Logo.png","contentUrl":"https:\/\/hallow.com\/wp-content\/uploads\/2019\/04\/Purple-Logo.png","width":1470,"height":292,"caption":"Hallow"},"image":{"@id":"https:\/\/hallow.com\/pl\/#\/schema\/logo\/image\/"},"sameAs":["https:\/\/facebook.com\/hallowapp","https:\/\/x.com\/hallowapp","https:\/\/instagram.com\/hallowapp"]},{"@type":"Person","@id":"https:\/\/hallow.com\/pl\/#\/schema\/person\/7342007ff4d569b8fa9ffff9855113ae","name":"Cate Von Dohlen"}]}},"_links":{"self":[{"href":"https:\/\/hallow.com\/pl\/wp-json\/wp\/v2\/posts\/59436"}],"collection":[{"href":"https:\/\/hallow.com\/pl\/wp-json\/wp\/v2\/posts"}],"about":[{"href":"https:\/\/hallow.com\/pl\/wp-json\/wp\/v2\/types\/post"}],"author":[{"embeddable":true,"href":"https:\/\/hallow.com\/pl\/wp-json\/wp\/v2\/users\/18"}],"replies":[{"embeddable":true,"href":"https:\/\/hallow.com\/pl\/wp-json\/wp\/v2\/comments?post=59436"}],"version-history":[{"count":2,"href":"https:\/\/hallow.com\/pl\/wp-json\/wp\/v2\/posts\/59436\/revisions"}],"predecessor-version":[{"id":59746,"href":"https:\/\/hallow.com\/pl\/wp-json\/wp\/v2\/posts\/59436\/revisions\/59746"}],"wp:featuredmedia":[{"embeddable":true,"href":"https:\/\/hallow.com\/pl\/wp-json\/wp\/v2\/media\/22883"}],"wp:attachment":[{"href":"https:\/\/hallow.com\/pl\/wp-json\/wp\/v2\/media?parent=59436"}],"wp:term":[{"taxonomy":"category","embeddable":true,"href":"https:\/\/hallow.com\/pl\/wp-json\/wp\/v2\/categories?post=59436"},{"taxonomy":"post_tag","embeddable":true,"href":"https:\/\/hallow.com\/pl\/wp-json\/wp\/v2\/tags?post=59436"}],"curies":[{"name":"wp","href":"https:\/\/api.w.org\/{rel}","templated":true}]}}