{"id":83839,"date":"2025-05-08T23:40:11","date_gmt":"2025-05-08T23:40:11","guid":{"rendered":"https:\/\/hallow.com\/?p=83839"},"modified":"2025-05-09T18:30:36","modified_gmt":"2025-05-09T18:30:36","slug":"papiez-leon-xiv-kardynal-robert-francis-prevost","status":"publish","type":"post","link":"https:\/\/hallow.com\/pl\/blog\/papiez-leon-xiv-kardynal-robert-francis-prevost\/","title":{"rendered":"Papie\u017c Leon XIV (by\u0142y kardyna\u0142 Robert Francis Prevost): Poznaj nowego papie\u017ca"},"content":{"rendered":"\n<p class=\"\">8 maja 2025 r. Ko\u015bci\u00f3\u0142 katolicki wybra\u0142 nowego papie\u017ca i po raz pierwszy w historii na Stolicy Piotrowej zasiad\u0142 Amerykanin.<\/p>\n\n<p class=\"\">Kardyna\u0142 Robert Francis Prevost zosta\u0142 wybrany na papie\u017ca spo\u015br\u00f3d swoich braci kardyna\u0142\u00f3w, obejmuj\u0105c urz\u0105d nowego papie\u017ca Leona XIV.<\/p>\n\n<p class=\"\">Poznaj nowego papie\u017ca i dowiedz si\u0119, jak mo\u017cesz modli\u0107 si\u0119 za niego i z nim.<\/p>\n\n<h2 class=\"wp-block-heading\" id=\"h-pope-leo-xiv-early-life\">Papie\u017c Leon XIV &#8211; dzieci\u0144stwo<\/h2>\n\n<p class=\"\">Papie\u017c Leon XIV urodzi\u0142 si\u0119 jako Robert Francis Prevost 14 wrze\u015bnia 1955 r. w Chicago, w stanie Illinois, w rodzinie Louisa i Millie.<\/p>\n\n<p class=\"\">Jego ojciec by\u0142 pedagogiem, a matka bibliotekark\u0105. On i jego dwaj starsi bracia dorastali mocno zaanga\u017cowani w swoj\u0105 parafi\u0119. <\/p>\n\n<p class=\"\">Bardzo wcze\u015bnie poczu\u0142 powo\u0142anie do kap\u0142a\u0144stwa.<\/p>\n\n<p class=\"\">&#8222;I nawet jako m\u0142ody nastolatek wiedzia\u0142, co chce robi\u0107 i dok\u0105d chce i\u015b\u0107&#8221; &#8211; <a href=\"https:\/\/chicago.suntimes.com\/religion\/2025\/05\/03\/robert-prevost-pope-francis-conclave-catholic-church-dolton-saint-mary-assumption-parish\">powiedzia\u0142 przyjaciel z dzieci\u0144stwa<\/a>.<\/p>\n\n<p class=\"\">Ucz\u0119szcza\u0142 do St. Augustine Seminary High School w Filadelfii, a nast\u0119pnie uko\u0144czy\u0142 Villanova z tytu\u0142em licencjata nauk \u015bcis\u0142ych. <\/p>\n\n<div class=\"wp-block-buttons is-content-justification-center is-layout-flex wp-container-core-buttons-is-layout-1 wp-block-buttons-is-layout-flex\">\n<div class=\"wp-block-button\"><a class=\"wp-block-button__link wp-element-button\" href=\"https:\/\/hallow.app.link\/OhyD7rKndTb\">Wypr\u00f3buj Hallow za darmo<\/a><\/div>\n<\/div>\n\n<h2 class=\"wp-block-heading\" id=\"h-pope-leo-xiv-s-religious-life\">\u017bycie zakonne papie\u017ca Leona XIV<\/h2>\n\n<p class=\"\">W 1977 r., w wieku 22 lat, wst\u0105pi\u0142 do nowicjatu Zakonu \u015bw. Augustyna (augustian\u00f3w), a nast\u0119pnie w 1981 r. z\u0142o\u017cy\u0142 \u015bluby zakonne.<\/p>\n\n<p class=\"\">Wkr\u00f3tce papie\u017c Leon XIV rozpocz\u0105\u0142 to, co ostatecznie sta\u0142o si\u0119 g\u0142\u00f3wnym znakiem rozpoznawczym jego pos\u0142ugi jako kap\u0142ana: s\u0142u\u017cb\u0119 mieszka\u0144com Peru.<\/p>\n\n<p class=\"\">Od 1985 roku pracowa\u0142 jako misjonarz w Chulucanas w Peru, ma\u0142ym miasteczku w p\u00f3\u0142nocno-zachodniej cz\u0119\u015bci tego po\u0142udniowoameryka\u0144skiego kraju. Kilka lat p\u00f3\u017aniej rozpocz\u0105\u0142 dziesi\u0119cioletni pobyt w Trujillo w Peru, nadmorskim mie\u015bcie. <\/p>\n\n<p class=\"\">Zawsze pos\u0142uszny powierzonym mu zadaniom, \u00f3wczesny Robert Francis Prevost powr\u00f3ci\u0142 do Chicago w 1999 r., a dwa lata p\u00f3\u017aniej zosta\u0142 przeorem generalnym augustian\u00f3w, prze\u0142o\u017conym ca\u0142ego zakonu.<\/p>\n\n<p class=\"\">W 2015 r. powr\u00f3ci\u0142 do Peru po tym, jak papie\u017c Franciszek mianowa\u0142 go biskupem Chiclayo, jednego z najwi\u0119kszych miast Peru, z ponad milionem os\u00f3b w diecezji. Papie\u017c Franciszek odwiedzi\u0142 Peru w 2018 roku i sp\u0119dzi\u0142 czas z biskupem Robertem Francisem Prevostem. W 2023 r. papie\u017c Franciszek wezwa\u0142 go do Rzymu, aby pe\u0142ni\u0142 funkcj\u0119 prefekta dykasterii ds. biskup\u00f3w.  <\/p>\n\n<p class=\"\">Obecnie pe\u0142ni funkcj\u0119 biskupa Rzymu, odpowiedzialnego za 1,4 miliarda katolik\u00f3w na ca\u0142ym \u015bwiecie.<\/p>\n\n<h2 class=\"wp-block-heading\" id=\"h-pope-leo-xiv-s-spirituality\">Duchowo\u015b\u0107 papie\u017ca Leona XIV<\/h2>\n\n<p class=\"\">Duchowo\u015b\u0107 papie\u017ca Leona XIV zosta\u0142a ukszta\u0142towana przez fakt, \u017ce jest on augustianinem, pod\u0105\u017caj\u0105cym \u015bladami \u015bw. Augustyna.<\/p>\n\n<p class=\"\">&#8222;Jako augustianie, ponownie jako zakon \u017cebraczy, my\u015bl\u0119, \u017ce jeste\u015bmy powo\u0142ani do prostego \u017cycia w s\u0142u\u017cbie innym i w szczeg\u00f3lny spos\u00f3b do docierania do tych, kt\u00f3rzy s\u0105 ubodzy, ubodzy w dzisiejszym spo\u0142ecze\u0144stwie, co obejmuje oczywi\u015bcie tych, kt\u00f3rzy s\u0105 ubodzy finansowo, ale istnieje wiele innych rodzaj\u00f3w ub\u00f3stwa w dzisiejszym \u015bwiecie&#8221; &#8211; powiedzia\u0142 w wywiadzie lata temu.<\/p>\n\n<p class=\"\">M\u00f3wi r\u00f3wnie\u017c o tym, jak do\u015bwiadczanie Boga musi anga\u017cowa\u0107 innych. Do\u015bwiadczanie Boga nie jest dzia\u0142aniem indywidualnym.  <\/p>\n\n<p class=\"\">&#8222;Nie chodzi te\u017c tylko o mnie i moje do\u015bwiadczenie Boga. Mo\u017ce si\u0119 zdarzy\u0107, \u017ce ludzie powiedz\u0105: &#8222;C\u00f3\u017c, mam do\u015bwiadczenie Boga i nie musz\u0119 robi\u0107 nic wi\u0119cej&#8221;. C\u00f3\u017c, to prawdopodobnie nie jest autentyczne do\u015bwiadczenie Boga, poniewa\u017c jak wiemy z Ewangelii, jak wiemy z list\u00f3w apostolskich, je\u015bli kochasz Boga, musisz r\u00f3wnie\u017c okazywa\u0107 to poprzez mi\u0142o\u015b\u0107 bli\u017aniego, a te dwie rzeczy id\u0105 w parze&#8221; &#8211; <a href=\"https:\/\/www.youtube.com\/watch?v=da-mLQLrTwQ\">powiedzia\u0142 w wywiadzie z 2012 roku<\/a>.<\/p>\n\n<div class=\"wp-block-buttons is-content-justification-center is-layout-flex wp-container-core-buttons-is-layout-2 wp-block-buttons-is-layout-flex\">\n<div class=\"wp-block-button\"><a class=\"wp-block-button__link wp-element-button\" href=\"https:\/\/hallow.app.link\/OhyD7rKndTb\">Wypr\u00f3buj Hallow za darmo<\/a><\/div>\n<\/div>\n\n<h2 class=\"wp-block-heading\" id=\"h-pope-leo-the-name\">Papie\u017c Leon: Imi\u0119<\/h2>\n\n<p class=\"\">Poprzednikiem papie\u017ca Leona XIV by\u0142 papie\u017c Leon XIII, papie\u017c w latach 1878-1903, z jednym z najd\u0142u\u017cszych pontyfikat\u00f3w w historii.<\/p>\n\n<p class=\"\">Papie\u017c Leon XIII jest <a href=\"https:\/\/www.osvnews.com\/who-was-pope-leo-xiii-the-father-of-social-doctrine\/\">uwa\u017cany<\/a> za &#8222;Ojca Doktryny Spo\u0142ecznej&#8221;, kt\u00f3ry ukszta\u0142towa\u0142 przysz\u0142o\u015b\u0107 katolickiej nauki spo\u0142ecznej.<\/p>\n\n<p class=\"\">By\u0142 r\u00f3wnie\u017c znany jako &#8222;papie\u017c robotnik\u00f3w&#8221; dzi\u0119ki swojej encyklice Rerum Novarum z 1891 roku.<\/p>\n\n<p class=\"\">Wybieraj\u0105c t\u0119 nazw\u0119, papie\u017c Leon XIV m\u00f3g\u0142 wykaza\u0107 si\u0119 zaanga\u017cowaniem na rzecz klasy robotniczej i ubogich, zgodnie z charyzmatami augustian\u00f3w.<\/p>\n\n<h2 class=\"wp-block-heading\" id=\"h-pope-leo-xiv-quotes\">Cytaty papie\u017ca Leona XIV<\/h2>\n\n<p class=\"\">Oto kilka inspiruj\u0105cych cytat\u00f3w papie\u017ca Leona XIV, zanim zosta\u0142 papie\u017cem:<\/p>\n\n<ul class=\"wp-block-list\">\n<li>&#8222;Biskup nie powinien by\u0107 ma\u0142ym ksi\u0119ciem siedz\u0105cym w swoim kr\u00f3lestwie. Jest raczej autentycznie powo\u0142any do bycia pokornym, do bycia blisko ludzi, kt\u00f3rym s\u0142u\u017cy, do chodzenia z nimi, do cierpienia z nimi i do szukania sposob\u00f3w, w jakie mo\u017ce lepiej \u017cy\u0107 przes\u0142aniem Ewangelii po\u015br\u00f3d swojego ludu&#8221;.<\/li>\n<\/ul>\n\n<ul class=\"wp-block-list\">\n<li>&#8222;Cz\u0119sto jeste\u015bmy zaj\u0119ci nauczaniem doktryny, sposobem prze\u017cywania naszej wiary, ale ryzykujemy, \u017ce zapomnimy, \u017ce naszym pierwszym zadaniem jest nauczanie, co to znaczy zna\u0107 Jezusa Chrystusa i dawa\u0107 \u015bwiadectwo naszej blisko\u015bci z Panem. To jest najwa\u017cniejsze: przekazywa\u0107 pi\u0119kno wiary, pi\u0119kno i rado\u015b\u0107 poznania Jezusa. Oznacza to, \u017ce sami tym \u017cyjemy i dzielimy si\u0119 tym do\u015bwiadczeniem&#8221;.  <\/li>\n<\/ul>\n\n<ul class=\"wp-block-list\">\n<li>&#8222;Wszyscy mo\u017cemy by\u0107 misjonarzami Ewangelii&#8221;.<\/li>\n<\/ul>\n\n<ul class=\"wp-block-list\">\n<li>&#8222;Podstawow\u0105 rzecz\u0105 dla ka\u017cdego ucznia Chrystusa jest pokora&#8221;.<\/li>\n<\/ul>\n\n<h2 class=\"wp-block-heading\" id=\"h-pope-leo-xiv-addresses-the-world-for-the-first-time\">Papie\u017c Leon XIV po raz pierwszy przemawia do \u015bwiata<\/h2>\n\n<p class=\"\">W swoim pierwszym przem\u00f3wieniu Urbi et Orbi jako Nast\u0119pca Piotra, papie\u017c Leon XIV m\u00f3wi\u0142 o mi\u0142o\u015bci i pokoju, kt\u00f3re pochodz\u0105 od Boga.<\/p>\n\n<p class=\"\"><em>Jest to pok\u00f3j zmartwychwsta\u0142ego Chrystusa, rozbrajaj\u0105cy, pokorny i zachowuj\u0105cy pok\u00f3j. Pochodzi on od Boga. Boga, kt\u00f3ry kocha nas wszystkich, bez \u017cadnych ogranicze\u0144 i warunk\u00f3w. Miejmy w uszach s\u0142aby, ale zawsze odwa\u017cny g\u0142os papie\u017ca Franciszka, kt\u00f3ry pob\u0142ogos\u0142awi\u0142 Rzym &#8211; papie\u017ca, kt\u00f3ry pob\u0142ogos\u0142awi\u0142 Rzym i \u015bwiat tego dnia w poranek Wielkanocy.   <\/em><\/p>\n\n<p class=\"\"><em>Pozw\u00f3lcie mi kontynuowa\u0107 to samo b\u0142ogos\u0142awie\u0144stwo. B\u00f3g nas kocha, nas wszystkich, z\u0142o nie zwyci\u0119\u017cy. Wszyscy jeste\u015bmy w r\u0119kach Boga. Bez strachu, zjednoczeni, r\u0119ka w r\u0119k\u0119 z Bogiem i mi\u0119dzy sob\u0105, p\u00f3jdziemy naprz\u00f3d. Jeste\u015bmy uczniami Chrystusa, Chrystus idzie przed nami, a \u015bwiat potrzebuje Jego \u015bwiat\u0142a. Ludzko\u015b\u0107 potrzebuje Go jak mostu, aby dotrze\u0107 do Boga i Jego mi\u0142o\u015bci. Ty pom\u00f3\u017c nam budowa\u0107 mosty dialogu i spotkania, aby\u015bmy wszyscy mogli by\u0107 jednym ludem zawsze w pokoju.      <\/em><\/p>\n\n<p class=\"\">Przeczytaj jego pe\u0142ne przem\u00f3wienie <a href=\"https:\/\/www.vaticannews.va\/en\/pope\/news\/2025-05\/pope-leo-xvi-peace-be-with-you-first-words.html\">tutaj<\/a> <\/p>\n\n<div class=\"wp-block-buttons is-content-justification-center is-layout-flex wp-container-core-buttons-is-layout-3 wp-block-buttons-is-layout-flex\">\n<div class=\"wp-block-button\"><a class=\"wp-block-button__link wp-element-button\" href=\"https:\/\/hallow.app.link\/OhyD7rKndTb\">Wypr\u00f3buj Hallow za darmo<\/a><\/div>\n<\/div>\n\n<h2 class=\"wp-block-heading\" id=\"h-prayers-for-pope-leo-xiv\">Modlitwy za papie\u017ca Leona XIV<\/h2>\n\n<p class=\"\">M\u00f3dl si\u0119 za papie\u017ca Leona XIV lub m\u00f3dl si\u0119 w tradycji augustia\u0144skiej, z kt\u00f3rej si\u0119 wywodzi, u\u017cywaj\u0105c niekt\u00f3rych z tych modlitw.<\/p>\n\n<p class=\"\">Modlitwa do Ducha \u015awi\u0119tego wed\u0142ug \u015bwi\u0119tego Augustyna:<\/p>\n\n<p class=\"\"><em>Tchnij we mnie, o Duchu \u015awi\u0119ty, aby moje my\u015bli by\u0142y \u015bwi\u0119te. Dzia\u0142aj we mnie, o Duchu \u015awi\u0119ty, aby i moje dzie\u0142o by\u0142o \u015bwi\u0119te. Poci\u0105gnij moje serce, o Duchu \u015awi\u0119ty, abym kocha\u0142 tylko to, co \u015bwi\u0119te. Wzmocnij mnie, o Duchu \u015awi\u0119ty, bym broni\u0142 tego, co \u015bwi\u0119te. Strze\u017c mnie, o Duchu \u015awi\u0119ty, abym zawsze by\u0142 \u015bwi\u0119ty.    <\/em><\/p>\n\n<p class=\"\">Odmawiaj <a href=\"https:\/\/hallow.com\/blog\/st-rita-novena\/\">nowenn\u0119 do \u015bwi\u0119tej Rity<\/a>. \u015awi\u0119ta Rita by\u0142a augustia\u0144sk\u0105 zakonnic\u0105, kt\u00f3ra zosta\u0142a kanonizowana przez papie\u017ca Leona XIII. <\/p>\n\n<p class=\"\">Odmawiaj <a href=\"https:\/\/hallow.com\/blog\/st-monica-novena\/\">nowenn\u0119 do \u015bwi\u0119tej Moniki<\/a>. \u015awi\u0119ta Monika, matka Augustyna, jest niezwyk\u0142ym wzorem wiary. <\/p>\n\n<p class=\"\">Odm\u00f3w t\u0119 prost\u0105 modlitw\u0119 za pontyfikat papie\u017ca Leona XIV:<\/p>\n\n<p class=\"\"><em>Ojcze Niebieski, Ty powierzy\u0142e\u015b papie\u017cowi Leonowi XIV Ko\u015bci\u00f3\u0142 Chrystusa. B\u0142ogos\u0142aw mu, chro\u0144 go, zachowaj jego serce mi\u0119kkie po\u015br\u00f3d stres\u00f3w i wyzwa\u0144, przed kt\u00f3rymi niew\u0105tpliwie stanie, aby by\u0142 otwarty na Ducha \u015awi\u0119tego prowadz\u0105cego go &#8211; i nas wszystkich &#8211; ku przysz\u0142o\u015bci Ko\u015bcio\u0142a, przysz\u0142o\u015bci, w kt\u00f3rej b\u0119dziemy kocha\u0107 g\u0142\u0119biej i traktowa\u0107 otaczaj\u0105cych nas ludzi z wi\u0119ksz\u0105 mi\u0142o\u015bci\u0105, w duchu Augustyna. Modlimy si\u0119 w imi\u0119 Jezusa.   Amen.<\/em><\/p>\n\n<h2 class=\"wp-block-heading\" id=\"h-pray-for-the-new-pope-on-hallow\">M\u00f3dl si\u0119 za nowego papie\u017ca w Halloween<\/h2>\n\n<p class=\"\">Do\u0142\u0105cz do tysi\u0119cy katolik\u00f3w na ca\u0142ym \u015bwiecie modl\u0105cych si\u0119 za nowego papie\u017ca w \u015bwi\u0119to Halloween.<\/p>\n","protected":false},"excerpt":{"rendered":"<p>8 maja 2025 r. Ko\u015bci\u00f3\u0142 katolicki wybra\u0142 nowego papie\u017ca i po raz pierwszy w historii na Stolicy Piotrowej zasiad\u0142 Amerykanin. Kardyna\u0142 Robert Francis Prevost zosta\u0142 wybrany na papie\u017ca spo\u015br\u00f3d swoich braci kardyna\u0142\u00f3w, obejmuj\u0105c urz\u0105d nowego papie\u017ca Leona XIV. Poznaj nowego papie\u017ca i dowiedz si\u0119, jak mo\u017cesz modli\u0107 si\u0119 za niego i z nim. Papie\u017c Leon &hellip; <a href=\"https:\/\/hallow.com\/pl\/blog\/papiez-leon-xiv-kardynal-robert-francis-prevost\/\">Continued<\/a><\/p>\n","protected":false},"author":32,"featured_media":83757,"comment_status":"closed","ping_status":"closed","sticky":false,"template":"","format":"standard","meta":{"_acf_changed":false,"_et_pb_use_builder":"off","_et_pb_old_content":"","_et_gb_content_width":"","inline_featured_image":false,"footnotes":""},"categories":[143],"tags":[],"class_list":["post-83839","post","type-post","status-publish","format-standard","has-post-thumbnail","hentry","category-zycie-modlitewne"],"acf":[],"yoast_head":"<!-- This site is optimized with the Yoast SEO Premium plugin v24.3 (Yoast SEO v25.6) - https:\/\/yoast.com\/wordpress\/plugins\/seo\/ -->\n<title>Papie\u017c Leon XIV (by\u0142y kardyna\u0142 Robert Francis Prevost): Poznaj nowego papie\u017ca &#8211; Hallow<\/title>\n<meta name=\"description\" content=\"Habemus papam! Mamy nowego papie\u017ca! Poznaj papie\u017ca Leona XIV, by\u0142ego kardyna\u0142a Roberta Francisa Prevosta, pierwszego ameryka\u0144skiego papie\u017ca.\" \/>\n<meta name=\"robots\" content=\"index, follow, max-snippet:-1, max-image-preview:large, max-video-preview:-1\" \/>\n<link rel=\"canonical\" href=\"https:\/\/hallow.com\/pl\/blog\/papiez-leon-xiv-kardynal-robert-francis-prevost\/\" \/>\n<meta property=\"og:locale\" content=\"pl_PL\" \/>\n<meta property=\"og:type\" content=\"article\" \/>\n<meta property=\"og:title\" content=\"Papie\u017c Leon XIV (by\u0142y kardyna\u0142 Robert Francis Prevost): Poznaj nowego papie\u017ca\" \/>\n<meta property=\"og:description\" content=\"Habemus papam! Mamy nowego papie\u017ca! Poznaj papie\u017ca Leona XIV, by\u0142ego kardyna\u0142a Roberta Francisa Prevosta, pierwszego ameryka\u0144skiego papie\u017ca.\" \/>\n<meta property=\"og:url\" content=\"https:\/\/hallow.com\/pl\/blog\/papiez-leon-xiv-kardynal-robert-francis-prevost\/\" \/>\n<meta property=\"og:site_name\" content=\"Hallow\" \/>\n<meta property=\"article:publisher\" content=\"https:\/\/facebook.com\/hallowapp\" \/>\n<meta property=\"article:published_time\" content=\"2025-05-08T23:40:11+00:00\" \/>\n<meta property=\"article:modified_time\" content=\"2025-05-09T18:30:36+00:00\" \/>\n<meta property=\"og:image\" content=\"https:\/\/hallow.com\/wp-content\/uploads\/2025\/05\/5.8.25-screeb-4.png\" \/>\n\t<meta property=\"og:image:width\" content=\"1245\" \/>\n\t<meta property=\"og:image:height\" content=\"788\" \/>\n\t<meta property=\"og:image:type\" content=\"image\/png\" \/>\n<meta name=\"author\" content=\"Stephen Spiewak\" \/>\n<meta name=\"twitter:card\" content=\"summary_large_image\" \/>\n<meta name=\"twitter:creator\" content=\"@hallowapp\" \/>\n<meta name=\"twitter:site\" content=\"@hallowapp\" \/>\n<script type=\"application\/ld+json\" class=\"yoast-schema-graph\">{\"@context\":\"https:\/\/schema.org\",\"@graph\":[{\"@type\":\"Article\",\"@id\":\"https:\/\/hallow.com\/pl\/blog\/papiez-leon-xiv-kardynal-robert-francis-prevost\/#article\",\"isPartOf\":{\"@id\":\"https:\/\/hallow.com\/pl\/blog\/papiez-leon-xiv-kardynal-robert-francis-prevost\/\"},\"author\":{\"name\":\"Stephen Spiewak\",\"@id\":\"https:\/\/hallow.com\/pl\/#\/schema\/person\/bff513b387a9f89e4d7463f0cd46c242\"},\"headline\":\"Papie\u017c Leon XIV (by\u0142y kardyna\u0142 Robert Francis Prevost): Poznaj nowego papie\u017ca\",\"datePublished\":\"2025-05-08T23:40:11+00:00\",\"dateModified\":\"2025-05-09T18:30:36+00:00\",\"mainEntityOfPage\":{\"@id\":\"https:\/\/hallow.com\/pl\/blog\/papiez-leon-xiv-kardynal-robert-francis-prevost\/\"},\"wordCount\":1319,\"publisher\":{\"@id\":\"https:\/\/hallow.com\/pl\/#organization\"},\"image\":{\"@id\":\"https:\/\/hallow.com\/pl\/blog\/papiez-leon-xiv-kardynal-robert-francis-prevost\/#primaryimage\"},\"thumbnailUrl\":\"https:\/\/hallow.com\/wp-content\/uploads\/2025\/05\/5.8.25-screeb-4.png\",\"articleSection\":[\"\u017bycie modlitewne\"],\"inLanguage\":\"pl-PL\"},{\"@type\":\"WebPage\",\"@id\":\"https:\/\/hallow.com\/pl\/blog\/papiez-leon-xiv-kardynal-robert-francis-prevost\/\",\"url\":\"https:\/\/hallow.com\/pl\/blog\/papiez-leon-xiv-kardynal-robert-francis-prevost\/\",\"name\":\"Papie\u017c Leon XIV (by\u0142y kardyna\u0142 Robert Francis Prevost): Poznaj nowego papie\u017ca &#8211; Hallow\",\"isPartOf\":{\"@id\":\"https:\/\/hallow.com\/pl\/#website\"},\"primaryImageOfPage\":{\"@id\":\"https:\/\/hallow.com\/pl\/blog\/papiez-leon-xiv-kardynal-robert-francis-prevost\/#primaryimage\"},\"image\":{\"@id\":\"https:\/\/hallow.com\/pl\/blog\/papiez-leon-xiv-kardynal-robert-francis-prevost\/#primaryimage\"},\"thumbnailUrl\":\"https:\/\/hallow.com\/wp-content\/uploads\/2025\/05\/5.8.25-screeb-4.png\",\"datePublished\":\"2025-05-08T23:40:11+00:00\",\"dateModified\":\"2025-05-09T18:30:36+00:00\",\"description\":\"Habemus papam! Mamy nowego papie\u017ca! Poznaj papie\u017ca Leona XIV, by\u0142ego kardyna\u0142a Roberta Francisa Prevosta, pierwszego ameryka\u0144skiego papie\u017ca.\",\"breadcrumb\":{\"@id\":\"https:\/\/hallow.com\/pl\/blog\/papiez-leon-xiv-kardynal-robert-francis-prevost\/#breadcrumb\"},\"inLanguage\":\"pl-PL\",\"potentialAction\":[{\"@type\":\"ReadAction\",\"target\":[\"https:\/\/hallow.com\/pl\/blog\/papiez-leon-xiv-kardynal-robert-francis-prevost\/\"]}]},{\"@type\":\"ImageObject\",\"inLanguage\":\"pl-PL\",\"@id\":\"https:\/\/hallow.com\/pl\/blog\/papiez-leon-xiv-kardynal-robert-francis-prevost\/#primaryimage\",\"url\":\"https:\/\/hallow.com\/wp-content\/uploads\/2025\/05\/5.8.25-screeb-4.png\",\"contentUrl\":\"https:\/\/hallow.com\/wp-content\/uploads\/2025\/05\/5.8.25-screeb-4.png\",\"width\":1245,\"height\":788,\"caption\":\"Pope Leo XIV makes his first address as Pope.\"},{\"@type\":\"BreadcrumbList\",\"@id\":\"https:\/\/hallow.com\/pl\/blog\/papiez-leon-xiv-kardynal-robert-francis-prevost\/#breadcrumb\",\"itemListElement\":[{\"@type\":\"ListItem\",\"position\":1,\"name\":\"Home\",\"item\":\"https:\/\/hallow.com\/pl\/\"},{\"@type\":\"ListItem\",\"position\":2,\"name\":\"Papie\u017c Leon XIV (by\u0142y kardyna\u0142 Robert Francis Prevost): Poznaj nowego papie\u017ca\"}]},{\"@type\":\"WebSite\",\"@id\":\"https:\/\/hallow.com\/pl\/#website\",\"url\":\"https:\/\/hallow.com\/pl\/\",\"name\":\"Hallow\",\"description\":\"Catholic Prayer and Meditation App\",\"publisher\":{\"@id\":\"https:\/\/hallow.com\/pl\/#organization\"},\"potentialAction\":[{\"@type\":\"SearchAction\",\"target\":{\"@type\":\"EntryPoint\",\"urlTemplate\":\"https:\/\/hallow.com\/pl\/?s={search_term_string}\"},\"query-input\":{\"@type\":\"PropertyValueSpecification\",\"valueRequired\":true,\"valueName\":\"search_term_string\"}}],\"inLanguage\":\"pl-PL\"},{\"@type\":\"Organization\",\"@id\":\"https:\/\/hallow.com\/pl\/#organization\",\"name\":\"Hallow\",\"url\":\"https:\/\/hallow.com\/pl\/\",\"logo\":{\"@type\":\"ImageObject\",\"inLanguage\":\"pl-PL\",\"@id\":\"https:\/\/hallow.com\/pl\/#\/schema\/logo\/image\/\",\"url\":\"https:\/\/hallow.com\/wp-content\/uploads\/2019\/04\/Purple-Logo.png\",\"contentUrl\":\"https:\/\/hallow.com\/wp-content\/uploads\/2019\/04\/Purple-Logo.png\",\"width\":1470,\"height\":292,\"caption\":\"Hallow\"},\"image\":{\"@id\":\"https:\/\/hallow.com\/pl\/#\/schema\/logo\/image\/\"},\"sameAs\":[\"https:\/\/facebook.com\/hallowapp\",\"https:\/\/x.com\/hallowapp\",\"https:\/\/instagram.com\/hallowapp\"]},{\"@type\":\"Person\",\"@id\":\"https:\/\/hallow.com\/pl\/#\/schema\/person\/bff513b387a9f89e4d7463f0cd46c242\",\"name\":\"Stephen Spiewak\"}]}<\/script>\n<!-- \/ Yoast SEO Premium plugin. -->","yoast_head_json":{"title":"Papie\u017c Leon XIV (by\u0142y kardyna\u0142 Robert Francis Prevost): Poznaj nowego papie\u017ca &#8211; Hallow","description":"Habemus papam! Mamy nowego papie\u017ca! Poznaj papie\u017ca Leona XIV, by\u0142ego kardyna\u0142a Roberta Francisa Prevosta, pierwszego ameryka\u0144skiego papie\u017ca.","robots":{"index":"index","follow":"follow","max-snippet":"max-snippet:-1","max-image-preview":"max-image-preview:large","max-video-preview":"max-video-preview:-1"},"canonical":"https:\/\/hallow.com\/pl\/blog\/papiez-leon-xiv-kardynal-robert-francis-prevost\/","og_locale":"pl_PL","og_type":"article","og_title":"Papie\u017c Leon XIV (by\u0142y kardyna\u0142 Robert Francis Prevost): Poznaj nowego papie\u017ca","og_description":"Habemus papam! Mamy nowego papie\u017ca! Poznaj papie\u017ca Leona XIV, by\u0142ego kardyna\u0142a Roberta Francisa Prevosta, pierwszego ameryka\u0144skiego papie\u017ca.","og_url":"https:\/\/hallow.com\/pl\/blog\/papiez-leon-xiv-kardynal-robert-francis-prevost\/","og_site_name":"Hallow","article_publisher":"https:\/\/facebook.com\/hallowapp","article_published_time":"2025-05-08T23:40:11+00:00","article_modified_time":"2025-05-09T18:30:36+00:00","og_image":[{"width":1245,"height":788,"url":"https:\/\/hallow.com\/wp-content\/uploads\/2025\/05\/5.8.25-screeb-4.png","type":"image\/png"}],"author":"Stephen Spiewak","twitter_card":"summary_large_image","twitter_creator":"@hallowapp","twitter_site":"@hallowapp","schema":{"@context":"https:\/\/schema.org","@graph":[{"@type":"Article","@id":"https:\/\/hallow.com\/pl\/blog\/papiez-leon-xiv-kardynal-robert-francis-prevost\/#article","isPartOf":{"@id":"https:\/\/hallow.com\/pl\/blog\/papiez-leon-xiv-kardynal-robert-francis-prevost\/"},"author":{"name":"Stephen Spiewak","@id":"https:\/\/hallow.com\/pl\/#\/schema\/person\/bff513b387a9f89e4d7463f0cd46c242"},"headline":"Papie\u017c Leon XIV (by\u0142y kardyna\u0142 Robert Francis Prevost): Poznaj nowego papie\u017ca","datePublished":"2025-05-08T23:40:11+00:00","dateModified":"2025-05-09T18:30:36+00:00","mainEntityOfPage":{"@id":"https:\/\/hallow.com\/pl\/blog\/papiez-leon-xiv-kardynal-robert-francis-prevost\/"},"wordCount":1319,"publisher":{"@id":"https:\/\/hallow.com\/pl\/#organization"},"image":{"@id":"https:\/\/hallow.com\/pl\/blog\/papiez-leon-xiv-kardynal-robert-francis-prevost\/#primaryimage"},"thumbnailUrl":"https:\/\/hallow.com\/wp-content\/uploads\/2025\/05\/5.8.25-screeb-4.png","articleSection":["\u017bycie modlitewne"],"inLanguage":"pl-PL"},{"@type":"WebPage","@id":"https:\/\/hallow.com\/pl\/blog\/papiez-leon-xiv-kardynal-robert-francis-prevost\/","url":"https:\/\/hallow.com\/pl\/blog\/papiez-leon-xiv-kardynal-robert-francis-prevost\/","name":"Papie\u017c Leon XIV (by\u0142y kardyna\u0142 Robert Francis Prevost): Poznaj nowego papie\u017ca &#8211; Hallow","isPartOf":{"@id":"https:\/\/hallow.com\/pl\/#website"},"primaryImageOfPage":{"@id":"https:\/\/hallow.com\/pl\/blog\/papiez-leon-xiv-kardynal-robert-francis-prevost\/#primaryimage"},"image":{"@id":"https:\/\/hallow.com\/pl\/blog\/papiez-leon-xiv-kardynal-robert-francis-prevost\/#primaryimage"},"thumbnailUrl":"https:\/\/hallow.com\/wp-content\/uploads\/2025\/05\/5.8.25-screeb-4.png","datePublished":"2025-05-08T23:40:11+00:00","dateModified":"2025-05-09T18:30:36+00:00","description":"Habemus papam! Mamy nowego papie\u017ca! Poznaj papie\u017ca Leona XIV, by\u0142ego kardyna\u0142a Roberta Francisa Prevosta, pierwszego ameryka\u0144skiego papie\u017ca.","breadcrumb":{"@id":"https:\/\/hallow.com\/pl\/blog\/papiez-leon-xiv-kardynal-robert-francis-prevost\/#breadcrumb"},"inLanguage":"pl-PL","potentialAction":[{"@type":"ReadAction","target":["https:\/\/hallow.com\/pl\/blog\/papiez-leon-xiv-kardynal-robert-francis-prevost\/"]}]},{"@type":"ImageObject","inLanguage":"pl-PL","@id":"https:\/\/hallow.com\/pl\/blog\/papiez-leon-xiv-kardynal-robert-francis-prevost\/#primaryimage","url":"https:\/\/hallow.com\/wp-content\/uploads\/2025\/05\/5.8.25-screeb-4.png","contentUrl":"https:\/\/hallow.com\/wp-content\/uploads\/2025\/05\/5.8.25-screeb-4.png","width":1245,"height":788,"caption":"Pope Leo XIV makes his first address as Pope."},{"@type":"BreadcrumbList","@id":"https:\/\/hallow.com\/pl\/blog\/papiez-leon-xiv-kardynal-robert-francis-prevost\/#breadcrumb","itemListElement":[{"@type":"ListItem","position":1,"name":"Home","item":"https:\/\/hallow.com\/pl\/"},{"@type":"ListItem","position":2,"name":"Papie\u017c Leon XIV (by\u0142y kardyna\u0142 Robert Francis Prevost): Poznaj nowego papie\u017ca"}]},{"@type":"WebSite","@id":"https:\/\/hallow.com\/pl\/#website","url":"https:\/\/hallow.com\/pl\/","name":"Hallow","description":"Catholic Prayer and Meditation App","publisher":{"@id":"https:\/\/hallow.com\/pl\/#organization"},"potentialAction":[{"@type":"SearchAction","target":{"@type":"EntryPoint","urlTemplate":"https:\/\/hallow.com\/pl\/?s={search_term_string}"},"query-input":{"@type":"PropertyValueSpecification","valueRequired":true,"valueName":"search_term_string"}}],"inLanguage":"pl-PL"},{"@type":"Organization","@id":"https:\/\/hallow.com\/pl\/#organization","name":"Hallow","url":"https:\/\/hallow.com\/pl\/","logo":{"@type":"ImageObject","inLanguage":"pl-PL","@id":"https:\/\/hallow.com\/pl\/#\/schema\/logo\/image\/","url":"https:\/\/hallow.com\/wp-content\/uploads\/2019\/04\/Purple-Logo.png","contentUrl":"https:\/\/hallow.com\/wp-content\/uploads\/2019\/04\/Purple-Logo.png","width":1470,"height":292,"caption":"Hallow"},"image":{"@id":"https:\/\/hallow.com\/pl\/#\/schema\/logo\/image\/"},"sameAs":["https:\/\/facebook.com\/hallowapp","https:\/\/x.com\/hallowapp","https:\/\/instagram.com\/hallowapp"]},{"@type":"Person","@id":"https:\/\/hallow.com\/pl\/#\/schema\/person\/bff513b387a9f89e4d7463f0cd46c242","name":"Stephen Spiewak"}]}},"_links":{"self":[{"href":"https:\/\/hallow.com\/pl\/wp-json\/wp\/v2\/posts\/83839"}],"collection":[{"href":"https:\/\/hallow.com\/pl\/wp-json\/wp\/v2\/posts"}],"about":[{"href":"https:\/\/hallow.com\/pl\/wp-json\/wp\/v2\/types\/post"}],"author":[{"embeddable":true,"href":"https:\/\/hallow.com\/pl\/wp-json\/wp\/v2\/users\/32"}],"replies":[{"embeddable":true,"href":"https:\/\/hallow.com\/pl\/wp-json\/wp\/v2\/comments?post=83839"}],"version-history":[{"count":1,"href":"https:\/\/hallow.com\/pl\/wp-json\/wp\/v2\/posts\/83839\/revisions"}],"predecessor-version":[{"id":83840,"href":"https:\/\/hallow.com\/pl\/wp-json\/wp\/v2\/posts\/83839\/revisions\/83840"}],"wp:featuredmedia":[{"embeddable":true,"href":"https:\/\/hallow.com\/pl\/wp-json\/wp\/v2\/media\/83757"}],"wp:attachment":[{"href":"https:\/\/hallow.com\/pl\/wp-json\/wp\/v2\/media?parent=83839"}],"wp:term":[{"taxonomy":"category","embeddable":true,"href":"https:\/\/hallow.com\/pl\/wp-json\/wp\/v2\/categories?post=83839"},{"taxonomy":"post_tag","embeddable":true,"href":"https:\/\/hallow.com\/pl\/wp-json\/wp\/v2\/tags?post=83839"}],"curies":[{"name":"wp","href":"https:\/\/api.w.org\/{rel}","templated":true}]}}