{"id":53253,"date":"2024-01-12T19:40:19","date_gmt":"2024-01-12T19:40:19","guid":{"rendered":"https:\/\/hallow.com\/?p=53253"},"modified":"2026-03-25T22:19:22","modified_gmt":"2026-03-25T22:19:22","slug":"vigilia-pascal","status":"publish","type":"post","link":"https:\/\/hallow.com\/pt-br\/blog\/vigilia-pascal\/","title":{"rendered":"Vig\u00edlia Pascal 2026: Guia para a missa cat\u00f3lica da Vig\u00edlia Pascal, leituras e muito mais"},"content":{"rendered":"\n<p class=\"\">Guia da Vig\u00edlia Pascal 2026: \u00cdndice<\/p>\n\n\n\n<ul class=\"wp-block-list\">\n<li><a href=\"#intro\">Introdu\u00e7\u00e3o<\/a><\/li>\n\n\n\n<li><a href=\"#biblical-roots\">Ra\u00edzes b\u00edblicas<\/a><\/li>\n\n\n\n<li><a href=\"#maxima-redemptionis\">O Papa Pio XII e a Maxima Redemptionis<\/a><\/li>\n\n\n\n<li><a href=\"#service-of-light\">In\u00edcio da vig\u00edlia: Servi\u00e7o de Luz<\/a><\/li>\n\n\n\n<li><a href=\"#exsultet\">O Exsultet <\/a><\/li>\n\n\n\n<li><a href=\"#readings\">Leituras da Vig\u00edlia Pascal: Liturgia da Palavra<\/a><\/li>\n\n\n\n<li><a href=\"#baptism\">Liturgia do batismo<\/a><\/li>\n\n\n\n<li><a href=\"#eucharist\">Liturgia da Eucaristia <\/a><\/li>\n\n\n\n<li><a href=\"#faq\">Perguntas<\/a> <a href=\"#eucharist\">mais<\/a> <a href=\"#eucharist\">frequentes<\/a> <\/li>\n<\/ul>\n\n\n\n<p id=\"intro\" class=\"\">O Missal Romano toma emprestada uma cita\u00e7\u00e3o de <a href=\"https:\/\/hallow.com\/pt-br\/saints\/agostinho-de-hipona\/\">Santo Agostinho<\/a> quando se refere \u00e0 Vig\u00edlia Pascal como &#8220;a <a href=\"https:\/\/www.usccb.org\/prayer-and-worship\/liturgical-year-and-calendar\/triduum\/roman-missal-and-the-easter-vigil\">m\u00e3e de todas as vig\u00edlias sagradas<\/a>&#8220;.<\/p>\n\n\n\n<p class=\"\">Qualquer pessoa que tenha participado dessa linda e \u00fanica liturgia <a href=\"https:\/\/hallow.com\/blog\/holy-week-schedule\/\">da Semana Santa<\/a> dificilmente discordaria.<\/p>\n\n\n\n<p class=\"\">A Vig\u00edlia de P\u00e1scoa \u00e9 a cerim\u00f4nia mais longa do ano, por um bom motivo. Est\u00e1 repleto de escrituras poderosas e belas tradi\u00e7\u00f5es lit\u00fargicas.<\/p>\n\n\n\n<p class=\"\">\u00c9 tamb\u00e9m quando a Igreja cresce, pois a Vig\u00edlia Pascal \u00e9 a noite em que os catec\u00famenos podem receber o sacramento cat\u00f3lico do batismo, da confirma\u00e7\u00e3o e da comunh\u00e3o na mesma noite.<\/p>\n\n\n\n<p class=\"\">A Vig\u00edlia Pascal \u00e9 uma missa \u00fanica, mais diferente de uma liturgia dominical regular do que qualquer outra missa do ano. <\/p>\n\n\n\n<p class=\"\">Hallow analisa a moderna Vig\u00edlia de P\u00e1scoa, come\u00e7ando por suas ra\u00edzes, que s\u00e3o mais antigas do que voc\u00ea imagina.<\/p>\n\n\n\n<div class=\"wp-block-buttons is-content-justification-center is-layout-flex wp-container-core-buttons-is-layout-1 wp-block-buttons-is-layout-flex\">\n<div class=\"wp-block-button\"><a class=\"wp-block-button__link wp-element-button\" href=\"https:\/\/hallow.app.link\/eastervigil\">\ud83d\ude4f Experimente o Hallow de gra\u00e7a! \ud83d\ude4f<\/a><\/div>\n<\/div>\n\n\n\n<h2 class=\"wp-block-heading\" id=\"biblical-roots\">Ra\u00edzes b\u00edblicas da Vig\u00edlia Pascal<\/h2>\n\n\n\n<p class=\"\">Assim como em toda a Semana Santa, entendemos a Vig\u00edlia Pascal primeiramente pela B\u00edblia, que nos fala dos \u00faltimos dias, da morte e da ressurrei\u00e7\u00e3o de Jesus.<\/p>\n\n\n\n<p class=\"\">Mas a Vig\u00edlia Pascal celebra a hist\u00f3ria da salva\u00e7\u00e3o que se desenrola ao longo da hist\u00f3ria, e a liturgia \u00e9 inspirada tanto no Antigo quanto no Novo Testamento.<\/p>\n\n\n\n<p class=\"\">&#8220;De acordo com a tradi\u00e7\u00e3o mais antiga, esta \u00e9 a noite de vig\u00edlia para o Senhor (\u00cax 12:42), na qual, seguindo a orienta\u00e7\u00e3o do Evangelho (Lc 12:35-37), os fi\u00e9is, carregando l\u00e2mpadas acesas em suas m\u00e3os, devem ser como aqueles que procuram o Senhor quando ele retorna, para que, em sua vinda, ele possa encontr\u00e1-los acordados e sent\u00e1-los \u00e0 sua mesa.&#8221; Missal Romano<\/p>\n\n\n\n<h2 class=\"wp-block-heading\" id=\"maxima-redemptionis\">O Papa Pio XII e a Maxima Redemptionis<\/h2>\n\n\n\n<p class=\"\">No entanto, a Vig\u00edlia Pascal que Santo Agostinho conheceu e vivenciou \u00e9 provavelmente muito diferente da celebra\u00e7\u00e3o do S\u00e1bado Santo que ocorre em todo o mundo no s\u00e9culo 21.<\/p>\n\n\n\n<p class=\"\">Durante a Idade M\u00e9dia, as liturgias da Semana Santa aconteciam em hor\u00e1rios diferentes dos que estamos acostumados. Eles geralmente come\u00e7avam pela manh\u00e3, quando o significado de uma vig\u00edlia noturna ficava comprometido, e em um momento em que menos pessoas podiam participar dessas celebra\u00e7\u00f5es.<\/p>\n\n\n\n<p class=\"\">Na d\u00e9cada de 1950, o Papa Pio XII mudou a observ\u00e2ncia da Semana Santa para incentivar <a href=\"https:\/\/catholiccourier.com\/articles\/1950s-holy-week-changes-promoted-greater-lay-involvement\/\">uma maior participa\u00e7\u00e3o dos leigos<\/a>.<\/p>\n\n\n\n<p class=\"\">Seu documento papal de 1955, <a href=\"https:\/\/www.vatican.va\/roman_curia\/congregations\/ccdds\/documents\/rc_con_ccdds_doc_19551116_maxima-redemptionis_la.html\">Maxima Redemptionis<\/a>, solidificou as mudan\u00e7as na Semana Santa que s\u00e3o mais familiares hoje em dia.<\/p>\n\n\n\n<p class=\"\">Um dos elementos mais not\u00e1veis da Vig\u00edlia de P\u00e1scoa ocorre fora da igreja.<\/p>\n\n\n\n<h2 class=\"wp-block-heading\" id=\"service-of-light\">A Vig\u00edlia come\u00e7a: Local de adora\u00e7\u00e3o da Vig\u00edlia Pascal + Servi\u00e7o de Luz<\/h2>\n\n\n\n<p class=\"\">Na <a href=\"https:\/\/hallow.com\/pt-br\/?p=53245\">Sexta-Feira Santa<\/a>, o altar est\u00e1 vazio; a igreja \u00e9 pouco decorada. As cruzes e est\u00e1tuas s\u00e3o cobertas. No dia seguinte, no S\u00e1bado Santo, n\u00e3o h\u00e1 missa matinal antes da Vig\u00edlia Pascal. A igreja permanece vazia, silenciosa e escura antes da celebra\u00e7\u00e3o da ressurrei\u00e7\u00e3o de Cristo.<\/p>\n\n\n\n<p class=\"\">Durante todo o dia, aguardamos a ressurrei\u00e7\u00e3o iminente de Cristo, descansando com Ele na escurid\u00e3o. Como <a href=\"https:\/\/mobile.twitter.com\/Pontifex\/status\/1639941513928126464\">disse<\/a> recentemente o Papa Francisco, <\/p>\n\n\n\n<p class=\"\">&#8220;H\u00e1 momentos em que a vida parece ser um t\u00famulo selado: tudo est\u00e1 escuro, e ao nosso redor vemos apenas tristeza e desespero&#8230; Jesus nos diz que nesses momentos n\u00e3o estamos sozinhos. Justamente nesses momentos, Ele est\u00e1 mais perto do que nunca para nos devolver a vida.&#8221;<\/p>\n\n\n\n<p class=\"\">A Vig\u00edlia da P\u00e1scoa naquela noite marca o primeiro sinal da luz e da ressurrei\u00e7\u00e3o de Cristo.<\/p>\n\n\n\n<p class=\"\">Depois que os fi\u00e9is entram na igreja, o culto da Vig\u00edlia de P\u00e1scoa come\u00e7a ao p\u00f4r do sol com um convite do padre para caminhar do lado de fora da igreja escura para come\u00e7ar o Servi\u00e7o de Luz.<\/p>\n\n\n\n<p class=\"\">Um fogo queima, dissipando a escurid\u00e3o da noite, enquanto o sacerdote pega o C\u00edrio Pascal, entalha uma cruz e outros s\u00edmbolos nele e acende a vela. Com o incenso aceso, o sacerdote passa a luz da vela para as velas menores seguradas por todos os presentes.<\/p>\n\n\n\n<p class=\"\">Quando todos entram, a luz de Cristo ilumina o escuro espa\u00e7o de adora\u00e7\u00e3o. Ela serve como um s\u00edmbolo poderoso, pois Cristo \u00e9 a Luz do Mundo. Assim como a luz de Cristo entra na igreja, ela tamb\u00e9m pode entrar em nosso cora\u00e7\u00e3o. <\/p>\n\n\n\n<p class=\"\"><a href=\"https:\/\/www.catholicnewsagency.com\/news\/15662\/holy-father-explains-symbols-of-the-easter-vigil-light-water-and-the-alleluia\">Como disse o Papa Bento XVI<\/a>: &#8220;Come\u00e7ando com a ressurrei\u00e7\u00e3o, a luz de Deus se espalha pelo mundo e pela hist\u00f3ria&#8230; Somente essa Luz &#8211; Jesus Cristo &#8211; \u00e9 a verdadeira luz, algo mais do que o fen\u00f4meno f\u00edsico da luz&#8230;&#8221;<\/p>\n\n\n\n<p class=\"\">\u00c9 um s\u00edmbolo que talvez as pessoas da Idade M\u00e9dia estivessem mais preparadas para apreciar do que n\u00f3s, j\u00e1 que a luz e a eletricidade s\u00e3o normalmente abundantes para n\u00f3s.<\/p>\n\n\n\n<h2 class=\"wp-block-heading\" id=\"exsultet\">O Exsultet <\/h2>\n\n\n\n<p class=\"\">Quando a prociss\u00e3o termina e a vela se acomoda em seu lugar de descanso, come\u00e7a o<a href=\"https:\/\/www.usccb.org\/prayer-and-worship\/liturgical-year-and-calendar\/easter\/commentary-on-easter-proclamation-exsultet\"> Exsultet<\/a>, tamb\u00e9m conhecido como Proclama\u00e7\u00e3o da P\u00e1scoa. \u00c9 um hino lindo e rico que celebra a noite verdadeiramente santa com palavras como as que se seguem:<\/p>\n\n\n\n<figure class=\"wp-block-pullquote\"><blockquote><p><em>Esta \u00e9 a noite<\/em><br><em>do qual est\u00e1 escrito:<\/em><br><em>A noite ser\u00e1 t\u00e3o brilhante quanto o dia,<\/em><br><em>deslumbrante \u00e9 a noite para mim, e cheia de alegria.<\/em><br><em>O poder santificador dessa noite<\/em><br><em>afasta a iniquidade, lava as falhas,<\/em><br><em>restaura a inoc\u00eancia dos ca\u00eddos e a alegria dos que est\u00e3o de luto,<\/em><br><em>elimina o \u00f3dio, promove a conc\u00f3rdia e derruba os poderosos.<\/em><br><em>Nesta sua noite de gra\u00e7a, \u00f3 Santo Pai,<\/em><br><em>aceite esta vela, uma oferta solene,<\/em><br><em>o trabalho das abelhas e das m\u00e3os de seus servos,<\/em><br><em>um sacrif\u00edcio noturno de louvor,<\/em><br><em>esse presente de sua sant\u00edssima Igreja.<\/em><\/p><\/blockquote><\/figure>\n\n\n\n<p class=\"\">O Exsultet d\u00e1 uma amostra da Escritura e do canto \u00fanicos que ocorrem durante a Vig\u00edlia.<\/p>\n\n\n\n<h2 class=\"wp-block-heading\" id=\"readings\">As leituras e os salmos da Vig\u00edlia Pascal<\/h2>\n\n\n\n<p class=\"\">Nas leituras da Vig\u00edlia Pascal, contamos a hist\u00f3ria do mundo desde a cria\u00e7\u00e3o de Deus at\u00e9 a ressurrei\u00e7\u00e3o de Jesus.<\/p>\n\n\n\n<p class=\"\">Um salmo acompanha cada leitura. Ap\u00f3s o salmo, a congrega\u00e7\u00e3o se levanta quando o sacerdote diz: &#8220;Oremos&#8230;&#8221; e faz uma ora\u00e7\u00e3o espec\u00edfica relacionada \u00e0 leitura e ao salmo. Depois do &#8220;Am\u00e9m&#8221;, todos se sentam e a pr\u00f3xima leitura come\u00e7a.<\/p>\n\n\n\n<ul class=\"wp-block-list\">\n<li>1. <strong>G\u00eanesis 1:2-2<\/strong>(A hist\u00f3ria da cria\u00e7\u00e3o)\n<ul class=\"wp-block-list\">\n<li>Salmo responsorial: Salmo 104: Senhor, envia teu Esp\u00edrito e renova a face da terra.<\/li>\n<\/ul>\n<\/li>\n\n\n\n<li>2. <strong>G\u00eanesis 22:1-18<\/strong> (Deus p\u00f5e Abra\u00e3o \u00e0 prova)\n<ul class=\"wp-block-list\">\n<li>Salmo responsorial: Salmo 16: Tu \u00e9s a minha heran\u00e7a, Senhor.<\/li>\n<\/ul>\n<\/li>\n\n\n\n<li>3. <strong>\u00caxodo 14:15-15:1 (<\/strong>O triunfo de Mois\u00e9s sobre os eg\u00edpcios)\n<ul class=\"wp-block-list\">\n<li>Salmo responsorial: \u00caxodo 15: Cantemos ao Senhor; ele se cobriu de gl\u00f3ria.<\/li>\n<\/ul>\n<\/li>\n\n\n\n<li>4.<strong> Isa\u00edas 54:5-14<\/strong> (A Nova Si\u00e3o)\n<ul class=\"wp-block-list\">\n<li>Salmo responsorial: Salmo 30: Eu te louvarei, Senhor, porque me resgataste.<\/li>\n<\/ul>\n<\/li>\n\n\n\n<li>5. <strong>Isa\u00edas 55:1-11<\/strong> (Um convite \u00e0 gra\u00e7a)\n<ul class=\"wp-block-list\">\n<li>Salmo responsorial: Salmo 12: Voc\u00eas tirar\u00e3o \u00e1gua com alegria das fontes da salva\u00e7\u00e3o.<\/li>\n<\/ul>\n<\/li>\n\n\n\n<li>6.<strong> Baruque 3:9-15, 32C4:4 <\/strong>(Em louvor \u00e0 sabedoria)\n<ul class=\"wp-block-list\">\n<li>Salmo responsorial: Salmo 19: Senhor, V\u00f3s tendes as palavras da vida eterna<\/li>\n<\/ul>\n<\/li>\n\n\n\n<li>7.<strong> Ezequiel 36:16-17a, 18-28<\/strong> (A renova\u00e7\u00e3o de Israel)\n<ul class=\"wp-block-list\">\n<li>Salmo responsorial: Salmo 42: Como a cor\u00e7a que anseia pelas \u00e1guas, minha alma anseia por ti, meu Deus.<\/li>\n\n\n\n<li>(&#8220;Gloria in excelsis&#8221; \u00e9 cantado)<\/li>\n<\/ul>\n<\/li>\n\n\n\n<li>8. <strong>Ep\u00edstola: Romanos 6:3-11<\/strong> (Se j\u00e1 morremos com Cristo, cremos que tamb\u00e9m viveremos com Ele).\n<ul class=\"wp-block-list\">\n<li>(Aleluia conduzida pelo sacerdote)<\/li>\n<\/ul>\n<\/li>\n\n\n\n<li>9. <strong>Evangelho: Marcos 16:1-7<\/strong> (A ressurrei\u00e7\u00e3o de Jesus)<\/li>\n<\/ul>\n\n\n\n<p class=\"\">Ap\u00f3s a s\u00e9tima e \u00faltima leitura do Antigo Testamento, o sacerdote conduz o &#8220;Gloria in excelsis&#8221;, geralmente acompanhado pelo toque dos sinos. O &#8220;Gloria&#8221; n\u00e3o \u00e9 cantado durante a Quaresma, mas retorna na Quinta-feira Santa e novamente na Vig\u00edlia Pascal.<\/p>\n\n\n\n<p class=\"\">Antes da nona e \u00faltima leitura, o Evangelho, o sacerdote entoa &#8220;Aleluia&#8221; tr\u00eas vezes, cada vez mais alto, a primeira vez que se canta Aleluia durante a Quaresma.<\/p>\n\n\n\n<p class=\"\">Os celebrantes podem reduzir o n\u00famero de leituras, com algumas limita\u00e7\u00f5es, com base nas necessidades de sua par\u00f3quia espec\u00edfica.<\/p>\n\n\n\n<p class=\"\">A Liturgia da Palavra termina com uma homilia, que geralmente \u00e9 breve, dada a extens\u00e3o das leituras.<\/p>\n\n\n\n<h2 class=\"wp-block-heading\" id=\"baptism\">Liturgia batismal<\/h2>\n\n\n\n<p class=\"\">Um dos aspectos mais especiais da Vig\u00edlia Pascal \u00e9 a Liturgia do Batismo, que segue a Liturgia da Palavra.<\/p>\n\n\n\n<p class=\"\">Os catec\u00famenos adultos que est\u00e3o se preparando para serem recebidos na Igreja recebem o sacramento do batismo nesse momento. Esse processo \u00e9 conhecido como &#8220;RCIA&#8221; &#8211; o Rito de Inicia\u00e7\u00e3o Crist\u00e3 para Adultos.<\/p>\n\n\n\n<p class=\"\">Mesmo que a par\u00f3quia n\u00e3o tenha catec\u00famenos, a pia batismal ainda recebe uma b\u00ean\u00e7\u00e3o e todos os participantes renovam seus votos batismais.<\/p>\n\n\n\n<p class=\"\">Enquanto as pessoas que est\u00e3o sendo batizadas se dirigem \u00e0 pia batismal, acompanhadas de seus padrinhos ou madrinhas, o cantor conduz a Ladainha dos Santos, invocando a intercess\u00e3o de v\u00e1rios &#8220;homens e mulheres santos&#8221; ao longo do tempo.<\/p>\n\n\n\n<p class=\"\">Os rec\u00e9m-batizados recebem um manto branco &#8211; um s\u00edmbolo de purifica\u00e7\u00e3o do pecado, <a href=\"https:\/\/www.usccb.org\/beliefs-and-teachings\/who-we-teach\/christian-initiation-of-adults\">de acordo com a USCCB<\/a>&#8211; e uma vela branca, acesa a partir do c\u00edrio pascal. Em seguida, eles recebem o sacramento da Confirma\u00e7\u00e3o e s\u00e3o ungidos com o \u00f3leo do Sagrado Crisma (que \u00e9 apresentado durante a Quinta-feira Santa).<\/p>\n\n\n\n<h2 class=\"wp-block-heading\" id=\"eucharist\">Liturgia da Eucaristia<\/h2>\n\n\n\n<p class=\"\">Nesse ponto, a Vig\u00edlia Pascal prossegue basicamente como uma liturgia normal de domingo. <\/p>\n\n\n\n<p class=\"\">Se houver adultos rec\u00e9m-batizados, eles podem levar os presentes adiante durante o ofert\u00f3rio. O padre tamb\u00e9m pode oferecer uma mensagem especial para eles e seus padrinhos, enquanto se preparam para receber <a href=\"https:\/\/hallow.com\/blog\/eucharist-holy-communion-adoration-prayer\/\">a Santa Comunh\u00e3o<\/a> pela primeira vez.<\/p>\n\n\n\n<p class=\"\">Ap\u00f3s a comunh\u00e3o, o sacerdote oferece uma b\u00ean\u00e7\u00e3o final e uma despedida que inclui um &#8220;Aleluia&#8221; final antes do t\u00e9rmino da missa.<\/p>\n\n\n\n<p class=\"\">Um hino comemorativo como &#8220;Jesus Christ is Risen Today&#8221; encerra a adora\u00e7\u00e3o cheia de alegria. Embora a liturgia termine tarde da noite, as igrejas geralmente realizam reuni\u00f5es com comida e bebida para comemorar.<\/p>\n\n\n\n<p class=\"\">N\u00e3o \u00e9 uma liturgia curta, mas vale muito a pena. Com rituais, palavras, m\u00fasicas e inicia\u00e7\u00f5es poderosas, a Vig\u00edlia Pascal \u00e9 talvez a celebra\u00e7\u00e3o mais vibrante de nossa f\u00e9.<\/p>\n\n\n\n<div class=\"wp-block-buttons is-content-justification-center is-layout-flex wp-container-core-buttons-is-layout-2 wp-block-buttons-is-layout-flex\">\n<div class=\"wp-block-button\"><a class=\"wp-block-button__link wp-element-button\" href=\"hallow.app.link\/eastervigil\">\u27a1\ufe0f Pray With Hallow! Baixar o Hallow<\/a><\/div>\n<\/div>\n\n\n\n<h2 class=\"wp-block-heading\" id=\"faq\">Perguntas frequentes sobre a Vig\u00edlia de P\u00e1scoa<\/h2>\n\n\n\n<div class=\"schema-faq wp-block-yoast-faq-block\"><div class=\"schema-faq-section\" id=\"faq-question-1680130186434\"><strong class=\"schema-faq-question\"><strong>Qual \u00e9 a dura\u00e7\u00e3o da vig\u00edlia Pascal?<\/strong><\/strong> <p class=\"schema-faq-answer\">Isso depende de uma s\u00e9rie de fatores, como o fato de certas partes da missa serem faladas ou cantadas, quantas leituras s\u00e3o usadas e se h\u00e1 algum batismo. Geralmente, a dura\u00e7\u00e3o \u00e9 de 2,5 a 3 horas.<\/p> <\/div> <div class=\"schema-faq-section\" id=\"faq-question-1680130196688\"><strong class=\"schema-faq-question\"><strong>A Vig\u00edlia da P\u00e1scoa \u00e9 um Dia Santo de Preceito?<\/strong><\/strong> <p class=\"schema-faq-answer\">A Vig\u00edlia Pascal n\u00e3o \u00e9 um <a href=\"https:\/\/hallow.com\/pt-br\/blog\/dias-santos-de-obrigacao-dias-santos-catolicos\/\">Dia Santo de Obriga\u00e7\u00e3o<\/a> cat\u00f3lico.<\/p> <\/div> <div class=\"schema-faq-section\" id=\"faq-question-1680130228840\"><strong class=\"schema-faq-question\"><strong>A Vig\u00edlia Pascal cumpre a obriga\u00e7\u00e3o do domingo?<\/strong><\/strong> <p class=\"schema-faq-answer\">Sim, assistir \u00e0 Vig\u00edlia Pascal cumpre a obriga\u00e7\u00e3o de assistir \u00e0 missa no domingo (de P\u00e1scoa).<\/p> <\/div> <div class=\"schema-faq-section\" id=\"faq-question-1680130239548\"><strong class=\"schema-faq-question\"><strong>Qual \u00e9 o traje da Missa da Vig\u00edlia da P\u00e1scoa?<\/strong><\/strong> <p class=\"schema-faq-answer\">N\u00e3o h\u00e1 um c\u00f3digo de vestimenta espec\u00edfico para a Vig\u00edlia de P\u00e1scoa, e nenhuma recomenda\u00e7\u00e3o de traje poderia se adequar a todas as igrejas em todas as culturas. Como se trata de uma liturgia longa, certifique-se de que sua roupa seja confort\u00e1vel.<\/p> <\/div> <div class=\"schema-faq-section\" id=\"faq-question-1680130247728\"><strong class=\"schema-faq-question\"><strong>O que acontece na Vig\u00edlia Pascal?<\/strong><\/strong> <p class=\"schema-faq-answer\">H\u00e1 escurid\u00e3o, fogo, \u00e1gua (Batismo), \u00f3leo (Confirma\u00e7\u00e3o) e muito mais. \u00c9 uma liturgia repleta de simbolismos poderosos.<\/p> <\/div> <div class=\"schema-faq-section\" id=\"faq-question-1680130297479\"><strong class=\"schema-faq-question\"><strong>Quando come\u00e7a a Vig\u00edlia Pascal?<\/strong><\/strong> <p class=\"schema-faq-answer\">O hor\u00e1rio exato varia, mas a Vig\u00edlia de P\u00e1scoa sempre come\u00e7a ap\u00f3s o anoitecer.<\/p> <\/div> <div class=\"schema-faq-section\" id=\"faq-question-1680130360710\"><strong class=\"schema-faq-question\"><strong>Quais s\u00e3o as quatro partes da Vig\u00edlia Pascal? <\/strong><\/strong> <p class=\"schema-faq-answer\">O Celebra\u00e7\u00e3o da Luz, a Celebra\u00e7\u00e3o da Palavra, a Liturgia do Batismo e a Liturgia da Eucaristia.<\/p> <\/div> <\/div>\n\n\n\n<h2 class=\"wp-block-heading\">Mais recursos para a Semana Santa<\/h2>\n\n\n\n<ul class=\"wp-block-list\">\n<li><a href=\"https:\/\/hallow.com\/pt-br\/quaresma\/\">O guia completo para a Quaresma<\/a><\/li>\n\n\n\n<li><a href=\"https:\/\/hallow.com\/pt-br\/blog\/domingo-de-ramos\/\">Domingo de Ramos<\/a><\/li>\n\n\n\n<li><a href=\"https:\/\/hallow.com\/pt-br\/?p=53251\">Quinta-feira Santa<\/a><\/li>\n\n\n\n<li><a href=\"https:\/\/hallow.com\/pt-br\/?p=53245\">Sexta-feira Santa<\/a><\/li>\n\n\n\n<li><a href=\"https:\/\/hallow.com\/pt-br\/pascoa\/\">O guia completo para a P\u00e1scoa<\/a><\/li>\n\n\n\n<li><a href=\"https:\/\/hallow.com\/pt-br\/blog\/quando-e-a-quaresma\/\">Quaresma de 2026<\/a><\/li>\n<\/ul>\n","protected":false},"excerpt":{"rendered":"<p>Guia da Vig\u00edlia Pascal 2026: \u00cdndice O Missal Romano toma emprestada uma cita\u00e7\u00e3o de Santo Agostinho quando se refere \u00e0 Vig\u00edlia Pascal como &#8220;a m\u00e3e de todas as vig\u00edlias sagradas&#8220;. Qualquer pessoa que tenha participado dessa linda e \u00fanica liturgia da Semana Santa dificilmente discordaria. A Vig\u00edlia de P\u00e1scoa \u00e9 a cerim\u00f4nia mais longa do &hellip; <a href=\"https:\/\/hallow.com\/pt-br\/blog\/vigilia-pascal\/\">Continued<\/a><\/p>\n","protected":false},"author":24,"featured_media":32846,"comment_status":"closed","ping_status":"closed","sticky":false,"template":"","format":"standard","meta":{"_acf_changed":false,"_et_pb_use_builder":"off","_et_pb_old_content":"","_et_gb_content_width":"","inline_featured_image":false,"footnotes":""},"categories":[132,174],"tags":[],"class_list":["post-53253","post","type-post","status-publish","format-standard","has-post-thumbnail","hentry","category-nao-categorizado","category-vida-de-oracao"],"acf":[],"yoast_head":"<!-- This site is optimized with the Yoast SEO Premium plugin v24.3 (Yoast SEO v25.6) - https:\/\/yoast.com\/wordpress\/plugins\/seo\/ -->\n<title>Vig\u00edlia Pascal 2026: Guia para a missa cat\u00f3lica da Vig\u00edlia Pascal, leituras e muito mais &#8211; Hallow<\/title>\n<meta name=\"description\" content=\"Guia do Hallow para a Vig\u00edlia Pascal, que talvez seja a missa mais importante de todo o ano lit\u00fargico.\" \/>\n<meta name=\"robots\" content=\"index, follow, max-snippet:-1, max-image-preview:large, max-video-preview:-1\" \/>\n<link rel=\"canonical\" href=\"https:\/\/hallow.com\/pt-br\/blog\/vigilia-pascal\/\" \/>\n<meta property=\"og:locale\" content=\"pt_BR\" \/>\n<meta property=\"og:type\" content=\"article\" \/>\n<meta property=\"og:title\" content=\"Vig\u00edlia Pascal 2026: Guia para a missa cat\u00f3lica da Vig\u00edlia Pascal, leituras e muito mais\" \/>\n<meta property=\"og:description\" content=\"Guia do Hallow para a Vig\u00edlia Pascal, que talvez seja a missa mais importante de todo o ano lit\u00fargico.\" \/>\n<meta property=\"og:url\" content=\"https:\/\/hallow.com\/pt-br\/blog\/vigilia-pascal\/\" \/>\n<meta property=\"og:site_name\" content=\"Hallow\" \/>\n<meta property=\"article:publisher\" content=\"https:\/\/facebook.com\/hallowapp\" \/>\n<meta property=\"article:published_time\" content=\"2024-01-12T19:40:19+00:00\" \/>\n<meta property=\"article:modified_time\" content=\"2026-03-25T22:19:22+00:00\" \/>\n<meta property=\"og:image\" content=\"https:\/\/hallow.com\/wp-content\/uploads\/2023\/04\/Easter-Vigil-XL-1-1-1-1024x512.png\" \/>\n\t<meta property=\"og:image:width\" content=\"1024\" \/>\n\t<meta property=\"og:image:height\" content=\"512\" \/>\n\t<meta property=\"og:image:type\" content=\"image\/png\" \/>\n<meta name=\"author\" content=\"Hallow\" \/>\n<meta name=\"twitter:card\" content=\"summary_large_image\" \/>\n<meta name=\"twitter:creator\" content=\"@hallowapp\" \/>\n<meta name=\"twitter:site\" content=\"@hallowapp\" \/>\n<script type=\"application\/ld+json\" class=\"yoast-schema-graph\">{\"@context\":\"https:\/\/schema.org\",\"@graph\":[{\"@type\":\"Article\",\"@id\":\"https:\/\/hallow.com\/pt-br\/blog\/vigilia-pascal\/#article\",\"isPartOf\":{\"@id\":\"https:\/\/hallow.com\/pt-br\/blog\/vigilia-pascal\/\"},\"author\":{\"name\":\"Hallow\",\"@id\":\"https:\/\/hallow.com\/pt-br\/#\/schema\/person\/93e1cadb5e4b684f6a1c10ecf46cfe2f\"},\"headline\":\"Vig\u00edlia Pascal 2026: Guia para a missa cat\u00f3lica da Vig\u00edlia Pascal, leituras e muito mais\",\"datePublished\":\"2024-01-12T19:40:19+00:00\",\"dateModified\":\"2026-03-25T22:19:22+00:00\",\"mainEntityOfPage\":{\"@id\":\"https:\/\/hallow.com\/pt-br\/blog\/vigilia-pascal\/\"},\"wordCount\":2034,\"publisher\":{\"@id\":\"https:\/\/hallow.com\/pt-br\/#organization\"},\"image\":{\"@id\":\"https:\/\/hallow.com\/pt-br\/blog\/vigilia-pascal\/#primaryimage\"},\"thumbnailUrl\":\"https:\/\/hallow.com\/wp-content\/uploads\/2023\/04\/Easter-Vigil-XL-1-1-1.png\",\"articleSection\":[\"N\u00e3o categorizado\",\"Vida de ora\u00e7\u00e3o\"],\"inLanguage\":\"pt-BR\"},{\"@type\":[\"WebPage\",\"FAQPage\"],\"@id\":\"https:\/\/hallow.com\/pt-br\/blog\/vigilia-pascal\/\",\"url\":\"https:\/\/hallow.com\/pt-br\/blog\/vigilia-pascal\/\",\"name\":\"Vig\u00edlia Pascal 2026: Guia para a missa cat\u00f3lica da Vig\u00edlia Pascal, leituras e muito mais &#8211; Hallow\",\"isPartOf\":{\"@id\":\"https:\/\/hallow.com\/pt-br\/#website\"},\"primaryImageOfPage\":{\"@id\":\"https:\/\/hallow.com\/pt-br\/blog\/vigilia-pascal\/#primaryimage\"},\"image\":{\"@id\":\"https:\/\/hallow.com\/pt-br\/blog\/vigilia-pascal\/#primaryimage\"},\"thumbnailUrl\":\"https:\/\/hallow.com\/wp-content\/uploads\/2023\/04\/Easter-Vigil-XL-1-1-1.png\",\"datePublished\":\"2024-01-12T19:40:19+00:00\",\"dateModified\":\"2026-03-25T22:19:22+00:00\",\"description\":\"Guia do Hallow para a Vig\u00edlia Pascal, que talvez seja a missa mais importante de todo o ano lit\u00fargico.\",\"breadcrumb\":{\"@id\":\"https:\/\/hallow.com\/pt-br\/blog\/vigilia-pascal\/#breadcrumb\"},\"mainEntity\":[{\"@id\":\"https:\/\/hallow.com\/pt-br\/blog\/vigilia-pascal\/#faq-question-1680130186434\"},{\"@id\":\"https:\/\/hallow.com\/pt-br\/blog\/vigilia-pascal\/#faq-question-1680130196688\"},{\"@id\":\"https:\/\/hallow.com\/pt-br\/blog\/vigilia-pascal\/#faq-question-1680130228840\"},{\"@id\":\"https:\/\/hallow.com\/pt-br\/blog\/vigilia-pascal\/#faq-question-1680130239548\"},{\"@id\":\"https:\/\/hallow.com\/pt-br\/blog\/vigilia-pascal\/#faq-question-1680130247728\"},{\"@id\":\"https:\/\/hallow.com\/pt-br\/blog\/vigilia-pascal\/#faq-question-1680130297479\"},{\"@id\":\"https:\/\/hallow.com\/pt-br\/blog\/vigilia-pascal\/#faq-question-1680130360710\"}],\"inLanguage\":\"pt-BR\",\"potentialAction\":[{\"@type\":\"ReadAction\",\"target\":[\"https:\/\/hallow.com\/pt-br\/blog\/vigilia-pascal\/\"]}]},{\"@type\":\"ImageObject\",\"inLanguage\":\"pt-BR\",\"@id\":\"https:\/\/hallow.com\/pt-br\/blog\/vigilia-pascal\/#primaryimage\",\"url\":\"https:\/\/hallow.com\/wp-content\/uploads\/2023\/04\/Easter-Vigil-XL-1-1-1.png\",\"contentUrl\":\"https:\/\/hallow.com\/wp-content\/uploads\/2023\/04\/Easter-Vigil-XL-1-1-1.png\",\"width\":4991,\"height\":2496,\"caption\":\"Paschal Candle\"},{\"@type\":\"BreadcrumbList\",\"@id\":\"https:\/\/hallow.com\/pt-br\/blog\/vigilia-pascal\/#breadcrumb\",\"itemListElement\":[{\"@type\":\"ListItem\",\"position\":1,\"name\":\"Home\",\"item\":\"https:\/\/hallow.com\/pt-br\/\"},{\"@type\":\"ListItem\",\"position\":2,\"name\":\"Vig\u00edlia Pascal 2026: Guia para a missa cat\u00f3lica da Vig\u00edlia Pascal, leituras e muito mais\"}]},{\"@type\":\"WebSite\",\"@id\":\"https:\/\/hallow.com\/pt-br\/#website\",\"url\":\"https:\/\/hallow.com\/pt-br\/\",\"name\":\"Hallow\",\"description\":\"Catholic Prayer and Meditation App\",\"publisher\":{\"@id\":\"https:\/\/hallow.com\/pt-br\/#organization\"},\"potentialAction\":[{\"@type\":\"SearchAction\",\"target\":{\"@type\":\"EntryPoint\",\"urlTemplate\":\"https:\/\/hallow.com\/pt-br\/?s={search_term_string}\"},\"query-input\":{\"@type\":\"PropertyValueSpecification\",\"valueRequired\":true,\"valueName\":\"search_term_string\"}}],\"inLanguage\":\"pt-BR\"},{\"@type\":\"Organization\",\"@id\":\"https:\/\/hallow.com\/pt-br\/#organization\",\"name\":\"Hallow\",\"url\":\"https:\/\/hallow.com\/pt-br\/\",\"logo\":{\"@type\":\"ImageObject\",\"inLanguage\":\"pt-BR\",\"@id\":\"https:\/\/hallow.com\/pt-br\/#\/schema\/logo\/image\/\",\"url\":\"https:\/\/hallow.com\/wp-content\/uploads\/2019\/04\/Purple-Logo.png\",\"contentUrl\":\"https:\/\/hallow.com\/wp-content\/uploads\/2019\/04\/Purple-Logo.png\",\"width\":1470,\"height\":292,\"caption\":\"Hallow\"},\"image\":{\"@id\":\"https:\/\/hallow.com\/pt-br\/#\/schema\/logo\/image\/\"},\"sameAs\":[\"https:\/\/facebook.com\/hallowapp\",\"https:\/\/x.com\/hallowapp\",\"https:\/\/instagram.com\/hallowapp\"]},{\"@type\":\"Person\",\"@id\":\"https:\/\/hallow.com\/pt-br\/#\/schema\/person\/93e1cadb5e4b684f6a1c10ecf46cfe2f\",\"name\":\"Hallow\"},{\"@type\":\"Question\",\"@id\":\"https:\/\/hallow.com\/pt-br\/blog\/vigilia-pascal\/#faq-question-1680130186434\",\"position\":1,\"url\":\"https:\/\/hallow.com\/pt-br\/blog\/vigilia-pascal\/#faq-question-1680130186434\",\"name\":\"How long is the Easter vigil?\",\"answerCount\":1,\"acceptedAnswer\":{\"@type\":\"Answer\",\"text\":\"This depends on a number of factors, such as whether certain portions of the Mass are spoken or sung, how many readings are used and if there are any baptisms. It usually runs 2.5 to 3 hours.\",\"inLanguage\":\"pt-BR\"},\"inLanguage\":\"pt-BR\"},{\"@type\":\"Question\",\"@id\":\"https:\/\/hallow.com\/pt-br\/blog\/vigilia-pascal\/#faq-question-1680130196688\",\"position\":2,\"url\":\"https:\/\/hallow.com\/pt-br\/blog\/vigilia-pascal\/#faq-question-1680130196688\",\"name\":\"Is Easter Vigil a Holy Day of Obligation?\",\"answerCount\":1,\"acceptedAnswer\":{\"@type\":\"Answer\",\"text\":\"The Easter Vigil is not a Catholic <a href=\\\"https:\/\/hallow.com\/blog\/holy-days-of-obligation\/\\\">Holy Day of Obligation<\/a>.\",\"inLanguage\":\"pt-BR\"},\"inLanguage\":\"pt-BR\"},{\"@type\":\"Question\",\"@id\":\"https:\/\/hallow.com\/pt-br\/blog\/vigilia-pascal\/#faq-question-1680130228840\",\"position\":3,\"url\":\"https:\/\/hallow.com\/pt-br\/blog\/vigilia-pascal\/#faq-question-1680130228840\",\"name\":\"Does the Easter Vigil fulfill Sunday obligation?\",\"answerCount\":1,\"acceptedAnswer\":{\"@type\":\"Answer\",\"text\":\"Yes, attending the Easter Vigil fulfills one\u2019s obligation to attend Mass on (Easter) Sunday.\",\"inLanguage\":\"pt-BR\"},\"inLanguage\":\"pt-BR\"},{\"@type\":\"Question\",\"@id\":\"https:\/\/hallow.com\/pt-br\/blog\/vigilia-pascal\/#faq-question-1680130239548\",\"position\":4,\"url\":\"https:\/\/hallow.com\/pt-br\/blog\/vigilia-pascal\/#faq-question-1680130239548\",\"name\":\"What is Easter Vigil Mass attire?\",\"answerCount\":1,\"acceptedAnswer\":{\"@type\":\"Answer\",\"text\":\"There\u2019s no specific dress code for the Easter Vigil, and no outfit recommendation could possibly accommodate all churches in all cultures. Since it\u2019s a long liturgy, make sure your outfit is comfortable.\",\"inLanguage\":\"pt-BR\"},\"inLanguage\":\"pt-BR\"},{\"@type\":\"Question\",\"@id\":\"https:\/\/hallow.com\/pt-br\/blog\/vigilia-pascal\/#faq-question-1680130247728\",\"position\":5,\"url\":\"https:\/\/hallow.com\/pt-br\/blog\/vigilia-pascal\/#faq-question-1680130247728\",\"name\":\"What happens at the Easter Vigil?\",\"answerCount\":1,\"acceptedAnswer\":{\"@type\":\"Answer\",\"text\":\"There\u2019s darkness, fire, water (Baptism), oil (Confirmation) and more. It\u2019s a liturgy filled with powerful symbolism.\",\"inLanguage\":\"pt-BR\"},\"inLanguage\":\"pt-BR\"},{\"@type\":\"Question\",\"@id\":\"https:\/\/hallow.com\/pt-br\/blog\/vigilia-pascal\/#faq-question-1680130297479\",\"position\":6,\"url\":\"https:\/\/hallow.com\/pt-br\/blog\/vigilia-pascal\/#faq-question-1680130297479\",\"name\":\"When does the Easter Vigil begin?\",\"answerCount\":1,\"acceptedAnswer\":{\"@type\":\"Answer\",\"text\":\"The exact time varies, but the Easter Vigil always begins after dusk.\",\"inLanguage\":\"pt-BR\"},\"inLanguage\":\"pt-BR\"},{\"@type\":\"Question\",\"@id\":\"https:\/\/hallow.com\/pt-br\/blog\/vigilia-pascal\/#faq-question-1680130360710\",\"position\":7,\"url\":\"https:\/\/hallow.com\/pt-br\/blog\/vigilia-pascal\/#faq-question-1680130360710\",\"name\":\"What are the four parts of the Easter Vigil?\u00a0\",\"answerCount\":1,\"acceptedAnswer\":{\"@type\":\"Answer\",\"text\":\"The Service of Light, the Liturgy of the Word, the Liturgy of Baptism, and the Liturgy of the Eucharist.\",\"inLanguage\":\"pt-BR\"},\"inLanguage\":\"pt-BR\"}]}<\/script>\n<!-- \/ Yoast SEO Premium plugin. -->","yoast_head_json":{"title":"Vig\u00edlia Pascal 2026: Guia para a missa cat\u00f3lica da Vig\u00edlia Pascal, leituras e muito mais &#8211; Hallow","description":"Guia do Hallow para a Vig\u00edlia Pascal, que talvez seja a missa mais importante de todo o ano lit\u00fargico.","robots":{"index":"index","follow":"follow","max-snippet":"max-snippet:-1","max-image-preview":"max-image-preview:large","max-video-preview":"max-video-preview:-1"},"canonical":"https:\/\/hallow.com\/pt-br\/blog\/vigilia-pascal\/","og_locale":"pt_BR","og_type":"article","og_title":"Vig\u00edlia Pascal 2026: Guia para a missa cat\u00f3lica da Vig\u00edlia Pascal, leituras e muito mais","og_description":"Guia do Hallow para a Vig\u00edlia Pascal, que talvez seja a missa mais importante de todo o ano lit\u00fargico.","og_url":"https:\/\/hallow.com\/pt-br\/blog\/vigilia-pascal\/","og_site_name":"Hallow","article_publisher":"https:\/\/facebook.com\/hallowapp","article_published_time":"2024-01-12T19:40:19+00:00","article_modified_time":"2026-03-25T22:19:22+00:00","og_image":[{"width":1024,"height":512,"url":"https:\/\/hallow.com\/wp-content\/uploads\/2023\/04\/Easter-Vigil-XL-1-1-1-1024x512.png","type":"image\/png"}],"author":"Hallow","twitter_card":"summary_large_image","twitter_creator":"@hallowapp","twitter_site":"@hallowapp","schema":{"@context":"https:\/\/schema.org","@graph":[{"@type":"Article","@id":"https:\/\/hallow.com\/pt-br\/blog\/vigilia-pascal\/#article","isPartOf":{"@id":"https:\/\/hallow.com\/pt-br\/blog\/vigilia-pascal\/"},"author":{"name":"Hallow","@id":"https:\/\/hallow.com\/pt-br\/#\/schema\/person\/93e1cadb5e4b684f6a1c10ecf46cfe2f"},"headline":"Vig\u00edlia Pascal 2026: Guia para a missa cat\u00f3lica da Vig\u00edlia Pascal, leituras e muito mais","datePublished":"2024-01-12T19:40:19+00:00","dateModified":"2026-03-25T22:19:22+00:00","mainEntityOfPage":{"@id":"https:\/\/hallow.com\/pt-br\/blog\/vigilia-pascal\/"},"wordCount":2034,"publisher":{"@id":"https:\/\/hallow.com\/pt-br\/#organization"},"image":{"@id":"https:\/\/hallow.com\/pt-br\/blog\/vigilia-pascal\/#primaryimage"},"thumbnailUrl":"https:\/\/hallow.com\/wp-content\/uploads\/2023\/04\/Easter-Vigil-XL-1-1-1.png","articleSection":["N\u00e3o categorizado","Vida de ora\u00e7\u00e3o"],"inLanguage":"pt-BR"},{"@type":["WebPage","FAQPage"],"@id":"https:\/\/hallow.com\/pt-br\/blog\/vigilia-pascal\/","url":"https:\/\/hallow.com\/pt-br\/blog\/vigilia-pascal\/","name":"Vig\u00edlia Pascal 2026: Guia para a missa cat\u00f3lica da Vig\u00edlia Pascal, leituras e muito mais &#8211; Hallow","isPartOf":{"@id":"https:\/\/hallow.com\/pt-br\/#website"},"primaryImageOfPage":{"@id":"https:\/\/hallow.com\/pt-br\/blog\/vigilia-pascal\/#primaryimage"},"image":{"@id":"https:\/\/hallow.com\/pt-br\/blog\/vigilia-pascal\/#primaryimage"},"thumbnailUrl":"https:\/\/hallow.com\/wp-content\/uploads\/2023\/04\/Easter-Vigil-XL-1-1-1.png","datePublished":"2024-01-12T19:40:19+00:00","dateModified":"2026-03-25T22:19:22+00:00","description":"Guia do Hallow para a Vig\u00edlia Pascal, que talvez seja a missa mais importante de todo o ano lit\u00fargico.","breadcrumb":{"@id":"https:\/\/hallow.com\/pt-br\/blog\/vigilia-pascal\/#breadcrumb"},"mainEntity":[{"@id":"https:\/\/hallow.com\/pt-br\/blog\/vigilia-pascal\/#faq-question-1680130186434"},{"@id":"https:\/\/hallow.com\/pt-br\/blog\/vigilia-pascal\/#faq-question-1680130196688"},{"@id":"https:\/\/hallow.com\/pt-br\/blog\/vigilia-pascal\/#faq-question-1680130228840"},{"@id":"https:\/\/hallow.com\/pt-br\/blog\/vigilia-pascal\/#faq-question-1680130239548"},{"@id":"https:\/\/hallow.com\/pt-br\/blog\/vigilia-pascal\/#faq-question-1680130247728"},{"@id":"https:\/\/hallow.com\/pt-br\/blog\/vigilia-pascal\/#faq-question-1680130297479"},{"@id":"https:\/\/hallow.com\/pt-br\/blog\/vigilia-pascal\/#faq-question-1680130360710"}],"inLanguage":"pt-BR","potentialAction":[{"@type":"ReadAction","target":["https:\/\/hallow.com\/pt-br\/blog\/vigilia-pascal\/"]}]},{"@type":"ImageObject","inLanguage":"pt-BR","@id":"https:\/\/hallow.com\/pt-br\/blog\/vigilia-pascal\/#primaryimage","url":"https:\/\/hallow.com\/wp-content\/uploads\/2023\/04\/Easter-Vigil-XL-1-1-1.png","contentUrl":"https:\/\/hallow.com\/wp-content\/uploads\/2023\/04\/Easter-Vigil-XL-1-1-1.png","width":4991,"height":2496,"caption":"Paschal Candle"},{"@type":"BreadcrumbList","@id":"https:\/\/hallow.com\/pt-br\/blog\/vigilia-pascal\/#breadcrumb","itemListElement":[{"@type":"ListItem","position":1,"name":"Home","item":"https:\/\/hallow.com\/pt-br\/"},{"@type":"ListItem","position":2,"name":"Vig\u00edlia Pascal 2026: Guia para a missa cat\u00f3lica da Vig\u00edlia Pascal, leituras e muito mais"}]},{"@type":"WebSite","@id":"https:\/\/hallow.com\/pt-br\/#website","url":"https:\/\/hallow.com\/pt-br\/","name":"Hallow","description":"Catholic Prayer and Meditation App","publisher":{"@id":"https:\/\/hallow.com\/pt-br\/#organization"},"potentialAction":[{"@type":"SearchAction","target":{"@type":"EntryPoint","urlTemplate":"https:\/\/hallow.com\/pt-br\/?s={search_term_string}"},"query-input":{"@type":"PropertyValueSpecification","valueRequired":true,"valueName":"search_term_string"}}],"inLanguage":"pt-BR"},{"@type":"Organization","@id":"https:\/\/hallow.com\/pt-br\/#organization","name":"Hallow","url":"https:\/\/hallow.com\/pt-br\/","logo":{"@type":"ImageObject","inLanguage":"pt-BR","@id":"https:\/\/hallow.com\/pt-br\/#\/schema\/logo\/image\/","url":"https:\/\/hallow.com\/wp-content\/uploads\/2019\/04\/Purple-Logo.png","contentUrl":"https:\/\/hallow.com\/wp-content\/uploads\/2019\/04\/Purple-Logo.png","width":1470,"height":292,"caption":"Hallow"},"image":{"@id":"https:\/\/hallow.com\/pt-br\/#\/schema\/logo\/image\/"},"sameAs":["https:\/\/facebook.com\/hallowapp","https:\/\/x.com\/hallowapp","https:\/\/instagram.com\/hallowapp"]},{"@type":"Person","@id":"https:\/\/hallow.com\/pt-br\/#\/schema\/person\/93e1cadb5e4b684f6a1c10ecf46cfe2f","name":"Hallow"},{"@type":"Question","@id":"https:\/\/hallow.com\/pt-br\/blog\/vigilia-pascal\/#faq-question-1680130186434","position":1,"url":"https:\/\/hallow.com\/pt-br\/blog\/vigilia-pascal\/#faq-question-1680130186434","name":"How long is the Easter vigil?","answerCount":1,"acceptedAnswer":{"@type":"Answer","text":"This depends on a number of factors, such as whether certain portions of the Mass are spoken or sung, how many readings are used and if there are any baptisms. It usually runs 2.5 to 3 hours.","inLanguage":"pt-BR"},"inLanguage":"pt-BR"},{"@type":"Question","@id":"https:\/\/hallow.com\/pt-br\/blog\/vigilia-pascal\/#faq-question-1680130196688","position":2,"url":"https:\/\/hallow.com\/pt-br\/blog\/vigilia-pascal\/#faq-question-1680130196688","name":"Is Easter Vigil a Holy Day of Obligation?","answerCount":1,"acceptedAnswer":{"@type":"Answer","text":"The Easter Vigil is not a Catholic <a href=\"https:\/\/hallow.com\/blog\/holy-days-of-obligation\/\">Holy Day of Obligation<\/a>.","inLanguage":"pt-BR"},"inLanguage":"pt-BR"},{"@type":"Question","@id":"https:\/\/hallow.com\/pt-br\/blog\/vigilia-pascal\/#faq-question-1680130228840","position":3,"url":"https:\/\/hallow.com\/pt-br\/blog\/vigilia-pascal\/#faq-question-1680130228840","name":"Does the Easter Vigil fulfill Sunday obligation?","answerCount":1,"acceptedAnswer":{"@type":"Answer","text":"Yes, attending the Easter Vigil fulfills one\u2019s obligation to attend Mass on (Easter) Sunday.","inLanguage":"pt-BR"},"inLanguage":"pt-BR"},{"@type":"Question","@id":"https:\/\/hallow.com\/pt-br\/blog\/vigilia-pascal\/#faq-question-1680130239548","position":4,"url":"https:\/\/hallow.com\/pt-br\/blog\/vigilia-pascal\/#faq-question-1680130239548","name":"What is Easter Vigil Mass attire?","answerCount":1,"acceptedAnswer":{"@type":"Answer","text":"There\u2019s no specific dress code for the Easter Vigil, and no outfit recommendation could possibly accommodate all churches in all cultures. Since it\u2019s a long liturgy, make sure your outfit is comfortable.","inLanguage":"pt-BR"},"inLanguage":"pt-BR"},{"@type":"Question","@id":"https:\/\/hallow.com\/pt-br\/blog\/vigilia-pascal\/#faq-question-1680130247728","position":5,"url":"https:\/\/hallow.com\/pt-br\/blog\/vigilia-pascal\/#faq-question-1680130247728","name":"What happens at the Easter Vigil?","answerCount":1,"acceptedAnswer":{"@type":"Answer","text":"There\u2019s darkness, fire, water (Baptism), oil (Confirmation) and more. It\u2019s a liturgy filled with powerful symbolism.","inLanguage":"pt-BR"},"inLanguage":"pt-BR"},{"@type":"Question","@id":"https:\/\/hallow.com\/pt-br\/blog\/vigilia-pascal\/#faq-question-1680130297479","position":6,"url":"https:\/\/hallow.com\/pt-br\/blog\/vigilia-pascal\/#faq-question-1680130297479","name":"When does the Easter Vigil begin?","answerCount":1,"acceptedAnswer":{"@type":"Answer","text":"The exact time varies, but the Easter Vigil always begins after dusk.","inLanguage":"pt-BR"},"inLanguage":"pt-BR"},{"@type":"Question","@id":"https:\/\/hallow.com\/pt-br\/blog\/vigilia-pascal\/#faq-question-1680130360710","position":7,"url":"https:\/\/hallow.com\/pt-br\/blog\/vigilia-pascal\/#faq-question-1680130360710","name":"What are the four parts of the Easter Vigil?\u00a0","answerCount":1,"acceptedAnswer":{"@type":"Answer","text":"The Service of Light, the Liturgy of the Word, the Liturgy of Baptism, and the Liturgy of the Eucharist.","inLanguage":"pt-BR"},"inLanguage":"pt-BR"}]}},"_links":{"self":[{"href":"https:\/\/hallow.com\/pt-br\/wp-json\/wp\/v2\/posts\/53253"}],"collection":[{"href":"https:\/\/hallow.com\/pt-br\/wp-json\/wp\/v2\/posts"}],"about":[{"href":"https:\/\/hallow.com\/pt-br\/wp-json\/wp\/v2\/types\/post"}],"author":[{"embeddable":true,"href":"https:\/\/hallow.com\/pt-br\/wp-json\/wp\/v2\/users\/24"}],"replies":[{"embeddable":true,"href":"https:\/\/hallow.com\/pt-br\/wp-json\/wp\/v2\/comments?post=53253"}],"version-history":[{"count":3,"href":"https:\/\/hallow.com\/pt-br\/wp-json\/wp\/v2\/posts\/53253\/revisions"}],"predecessor-version":[{"id":110021,"href":"https:\/\/hallow.com\/pt-br\/wp-json\/wp\/v2\/posts\/53253\/revisions\/110021"}],"wp:featuredmedia":[{"embeddable":true,"href":"https:\/\/hallow.com\/pt-br\/wp-json\/wp\/v2\/media\/32846"}],"wp:attachment":[{"href":"https:\/\/hallow.com\/pt-br\/wp-json\/wp\/v2\/media?parent=53253"}],"wp:term":[{"taxonomy":"category","embeddable":true,"href":"https:\/\/hallow.com\/pt-br\/wp-json\/wp\/v2\/categories?post=53253"},{"taxonomy":"post_tag","embeddable":true,"href":"https:\/\/hallow.com\/pt-br\/wp-json\/wp\/v2\/tags?post=53253"}],"curies":[{"name":"wp","href":"https:\/\/api.w.org\/{rel}","templated":true}]}}