{"id":58300,"date":"2023-08-11T22:07:09","date_gmt":"2023-08-11T22:07:09","guid":{"rendered":"https:\/\/hallow.com\/?p=58300"},"modified":"2024-06-04T20:53:32","modified_gmt":"2024-06-04T20:53:32","slug":"festa-da-assuncao","status":"publish","type":"post","link":"https:\/\/hallow.com\/pt-br\/blog\/festa-da-assuncao\/","title":{"rendered":"Festa da Assun\u00e7\u00e3o: Hist\u00f3ria, celebra\u00e7\u00f5es, leituras de missa e ora\u00e7\u00f5es"},"content":{"rendered":"\n<p class=\"\"><strong>Festa da Assun\u00e7\u00e3o: \u00cdndice<\/strong><\/p>\n\n<ul class=\"wp-block-list\">\n<li>Introdu\u00e7\u00e3o<\/li>\n\n\n\n<li><a href=\"#definition\">O que \u00e9 a Assun\u00e7\u00e3o?<\/a><\/li>\n\n\n\n<li><a href=\"#bible\">Assun\u00e7\u00e3o na B\u00edblia<\/a><\/li>\n\n\n\n<li><a href=\"#history\">Hist\u00f3ria da Assun\u00e7\u00e3o<\/a><\/li>\n\n\n\n<li><a href=\"#mass-readings\">Leituras da missa<\/a><\/li>\n\n\n\n<li><a href=\"#celebrations\">Celebra\u00e7\u00f5es<\/a><\/li>\n\n\n\n<li><a href=\"#prayers\">Ora\u00e7\u00f5es<\/a><\/li>\n<\/ul>\n\n<p class=\"\"><\/p>\n\n<p class=\"\">Maria ocupa um lugar de destaque no calend\u00e1rio lit\u00fargico da Igreja, desde o in\u00edcio do ano (1\u00ba de janeiro &#8211; Solenidade<a href=\"https:\/\/hallow.com\/blog\/solemnity-of-mary-mother-of-god\/\">de Maria, M\u00e3e de Deus<\/a>) at\u00e9 dezembro (8\u00aa &#8211; Solenidade da <a href=\"https:\/\/hallow.com\/blog\/feast-of-the-immaculate-conception-church-teaching-prayers\/\">Imaculada Concei\u00e7\u00e3o<\/a>).<\/p>\n\n<p class=\"\">\u00c0 medida que as p\u00e1ginas do calend\u00e1rio se voltam para o \u00faltimo ter\u00e7o do ano, Maria novamente desempenha um papel vital na vida lit\u00fargica da Igreja por meio da Festa da Assun\u00e7\u00e3o.<\/p>\n\n<p class=\"\">O dogma formal da Assun\u00e7\u00e3o tem menos de 100 anos, mas sua tradi\u00e7\u00e3o remonta \u00e0 \u00e9poca de Jesus.<\/p>\n\n<p class=\"\">Saiba mais sobre por que a Festa da Assun\u00e7\u00e3o \u00e9 importante tanto para a Igreja universal quanto para sua vida de ora\u00e7\u00e3o pessoal.<\/p>\n\n<h2 class=\"wp-block-heading\" id=\"definition\">O que \u00e9 a Assun\u00e7\u00e3o?<\/h2>\n\n<p class=\"\">A Assun\u00e7\u00e3o refere-se a Maria, &#8220;livre da mancha do pecado original&#8221;, sendo assumida (levada) para o c\u00e9u, em corpo e alma, no final de sua vida. A Solenidade da Assun\u00e7\u00e3o da Bem-Aventurada Virgem Maria, em 15 de agosto de cada ano, celebra esse ensinamento da Igreja.<\/p>\n\n<h2 class=\"wp-block-heading\" id=\"bible\">A Assun\u00e7\u00e3o na B\u00edblia<\/h2>\n\n<p class=\"\">Embora n\u00e3o haja nenhuma men\u00e7\u00e3o expl\u00edcita na B\u00edblia sobre o fim da vida de Maria, h\u00e1 muitas refer\u00eancias ao seu lugar especial na Encarna\u00e7\u00e3o e na hist\u00f3ria da salva\u00e7\u00e3o.<\/p>\n\n<p class=\"\">O Novo Testamento nos diz que Maria \u00e9 a &#8220;favorecida&#8221;<a href=\"https:\/\/www.biblegateway.com\/passage\/?search=Luke+1%3A26-28&amp;version=NABRE\">(Lucas 1:28<\/a>), que outras tradu\u00e7\u00f5es descrevem como &#8220;cheia de gra\u00e7a&#8221;. Mais tarde, em Lucas, ficamos sabendo que Maria \u00e9 a &#8220;mais aben\u00e7oada&#8221; entre as mulheres.<\/p>\n\n<p class=\"\"><a href=\"https:\/\/www.biblegateway.com\/passage\/?search=Isaiah+66&amp;version=NABRE\">Isa\u00edas 66, 7-8<\/a> previu seu papel especial na Igreja, n\u00e3o apenas dando \u00e0 luz Jesus, mas fazendo isso sem as tradicionais dores de parto que existiam na humanidade desde Eva:<\/p>\n\n<p class=\"\">Antes de entrar em trabalho de parto, ela d\u00e1 \u00e0 luz; antes que lhe sobrevenham as dores, ela d\u00e1 \u00e0 luz um filho do c\u00e9u. Quem j\u00e1 ouviu falar de algo assim, ou quem j\u00e1 viu algo parecido? Voc\u00ea pode criar uma terra em um dia ou uma na\u00e7\u00e3o em um \u00fanico momento?<\/p>\n\n<p class=\"\">O fato de Maria ser muito aben\u00e7oada, cheia de gra\u00e7a e sem dores de parto abre caminho para a maneira sem precedentes pela qual a Assun\u00e7\u00e3o deixa claro que Maria deixou a Terra.<\/p>\n\n<div class=\"wp-block-buttons is-content-justification-center is-layout-flex wp-container-core-buttons-is-layout-1 wp-block-buttons-is-layout-flex\">\n<div class=\"wp-block-button\"><a class=\"wp-block-button__link wp-element-button\" href=\"https:\/\/hallow.app.link\/assumption\">Fa\u00e7a o download do Hallow e reze agora!<\/a><\/div>\n<\/div>\n\n<h2 class=\"wp-block-heading\" id=\"history\">Hist\u00f3ria da Assun\u00e7\u00e3o<\/h2>\n\n<p class=\"\">Como a Assun\u00e7\u00e3o n\u00e3o \u00e9 mencionada explicitamente na B\u00edblia, \u00e9 importante que voc\u00ea reconhe\u00e7a a import\u00e2ncia tanto das escrituras, quanto da tradi\u00e7\u00e3o na Igreja Cat\u00f3lica.<\/p>\n\n<p class=\"\">O Catecismo <a href=\"https:\/\/www.usccb.org\/sites\/default\/files\/flipbooks\/catechism\/\">nos diz<\/a>: &#8220;A Sagrada Tradi\u00e7\u00e3o e a Sagrada Escritura, portanto, est\u00e3o intimamente ligadas e se comunicam uma com a outra. Pois ambas, fluindo da mesma fonte divina, se unem de alguma forma para formar uma coisa s\u00f3 e se mover em dire\u00e7\u00e3o ao mesmo objetivo.&#8221;<\/p>\n\n<p class=\"\">O padre Clifford Stevens <a href=\"https:\/\/www.ewtn.com\/catholicism\/library\/assumption-of-mary-a-belief-since-apostolic-times-934\">ressalta<\/a> que a cren\u00e7a de que Maria foi levada para o c\u00e9u remonta &#8220;aos ap\u00f3stolos&#8221;, j\u00e1 que n\u00e3o h\u00e1 evid\u00eancias de rel\u00edquias de Maria, e seu t\u00famulo estava vazio.<\/p>\n\n<p class=\"\">Em 1\u00ba de novembro de 1950, o Papa Pio XII definiu o dogma da Assun\u00e7\u00e3o em &#8220;<a href=\"https:\/\/www.vatican.va\/content\/pius-xii\/en\/apost_constitutions\/documents\/hf_p-xii_apc_19501101_munificentissimus-deus.html\">Munificentissimus Deus<\/a>&#8220;:<\/p>\n\n<blockquote class=\"wp-block-quote is-layout-flow wp-block-quote-is-layout-flow\">\n<p class=\"\"><em>Assim, a venerada M\u00e3e de Deus, desde toda a eternidade unida de forma oculta a Jesus Cristo em um \u00fanico e mesmo decreto de predestina\u00e7\u00e3o, imaculada em sua concep\u00e7\u00e3o, virgem perfeit\u00edssima em sua maternidade divina, nobre companheira do divino Redentor que conquistou o triunfo completo sobre o pecado e suas consequ\u00eancias, finalmente obteve, como supremo ponto culminante de seus privil\u00e9gios, que fosse preservada livre da corrup\u00e7\u00e3o do t\u00famulo e que, como seu pr\u00f3prio Filho, tendo vencido a morte, pudesse ser levada em corpo e alma para a gl\u00f3ria do c\u00e9u, onde, como Rainha, senta-se em esplendor \u00e0 direita de seu Filho, o imortal Rei dos S\u00e9culos.<\/em><\/p>\n<cite>Papa Pio XII &#8211; Munificentissimus Deus<\/cite><\/blockquote>\n\n<p class=\"\"><\/p>\n\n<h2 class=\"wp-block-heading\" id=\"mass-readings\">Festa da Assun\u00e7\u00e3o &#8211; Leituras da missa<\/h2>\n\n<p class=\"\">As leituras da missa para a Assun\u00e7\u00e3o s\u00e3o consistentes todos os anos, independentemente do ano lit\u00fargico (A, B ou C).<\/p>\n\n<p class=\"\">A primeira leitura \u00e9 uma se\u00e7\u00e3o do Apocalipse que <a href=\"https:\/\/www.catholic.com\/magazine\/online-edition\/is-mary-the-woman-in-revelation-12\">muitas pessoas acreditam<\/a> se referir a Maria.<\/p>\n\n<p class=\"\"><em>&#8220;Ela deu \u00e0 luz um filho, uma crian\u00e7a do sexo masculino, destinado a governar todas as na\u00e7\u00f5es com uma vara de ferro.&#8221;<\/em><\/p>\n\n<p class=\"\">O salmo responsorial tamb\u00e9m \u00e9 de inspira\u00e7\u00e3o mariana: &#8220;A rainha est\u00e1 \u00e0 sua direita, vestida de ouro&#8221;.<\/p>\n\n<p class=\"\">Ap\u00f3s uma leitura da primeira carta de S\u00e3o Paulo aos Cor\u00edntios (1 Cor 15:20-27), a passagem do Evangelho \u00e9 de Lucas (1:39-46), que inclui o Magnificat de Maria. <\/p>\n\n<p class=\"\">A liturgia provavelmente apresentar\u00e1 hinos com temas marianos, como<\/p>\n\n<ul class=\"wp-block-list\">\n<li>Salve Regina (Salve, Rainha Santa)<\/li>\n\n\n\n<li>Ave Maria<\/li>\n\n\n\n<li>Magnificat<\/li>\n<\/ul>\n\n<h2 class=\"wp-block-heading\" id=\"celebrations\">Celebra\u00e7\u00f5es da Festa da Assun\u00e7\u00e3o<\/h2>\n\n<p class=\"\">A Assun\u00e7\u00e3o \u00e9 um <a href=\"https:\/\/hallow.com\/pt-br\/blog\/dias-santos-de-obrigacao-dias-santos-catolicos\/\">Dia Santo de Preceito<\/a>. A Festa da Assun\u00e7\u00e3o \u00e9 tecnicamente uma solenidade: a Solenidade da Assun\u00e7\u00e3o da Bem-Aventurada Virgem Maria.<\/p>\n\n<p class=\"\">Ela ocorre em 15 de agosto de cada ano e \u00e9 comemorada por comunidades do mundo todo.<\/p>\n\n<p class=\"\">As prociss\u00f5es s\u00e3o uma das formas mais comuns de as par\u00f3quias celebrarem a Assun\u00e7\u00e3o. Igrejas de todo o mundo levar\u00e3o uma imagem de Maria e a conduzir\u00e3o pelas ruas pr\u00f3ximas as igrejas.<\/p>\n\n<p class=\"\">Assistir \u00e0 missa, que \u00e9 uma obriga\u00e7\u00e3o, permitir\u00e1 que voc\u00ea desfrute de outra caracter\u00edstica marcante da celebra\u00e7\u00e3o da Assun\u00e7\u00e3o.<\/p>\n\n<p class=\"\">Outra forma popular de celebrar a Assun\u00e7\u00e3o \u00e9 plantar um jardim de Maria &#8211; um local onde s\u00e3o plantadas flores em homenagem a Nossa Senhora.<\/p>\n\n<h2 class=\"wp-block-heading\" id=\"h-prayers-for-the-feast-of-the-assumption\">Ora\u00e7\u00f5es para a Festa da Assun\u00e7\u00e3o<\/h2>\n\n<p class=\"\">A Assun\u00e7\u00e3o representa uma tremenda oportunidade para voc\u00ea se aproximar de Deus por meio da intercess\u00e3o e do exemplo de Maria.<\/p>\n\n<p class=\"\">\u00c9 tamb\u00e9m um \u00f3timo momento para recalibrar sua vida de ora\u00e7\u00e3o antes do que \u00e9, para muitos, um per\u00edodo de transi\u00e7\u00e3o: as esta\u00e7\u00f5es come\u00e7am a mudar, as f\u00e9rias come\u00e7am e terminam, os anos escolares come\u00e7am.<\/p>\n\n<p class=\"\">As ora\u00e7\u00f5es para a Festa da Assun\u00e7\u00e3o podem ser t\u00e3o simples quanto a <a href=\"https:\/\/hallow.com\/pt-br\/blog\/como-rezar-a-ave-maria\/\">Ave Maria<\/a> ou o <a href=\"https:\/\/hallow.com\/pt-br\/blog\/como-rezar-o-terco-guia-da-oracao-do-rosario\/\">Ros\u00e1rio<\/a>. A Assun\u00e7\u00e3o, como outros dias de festa mariana, \u00e9 um dia popular para voc\u00ea come\u00e7ar uma novena, como a <a href=\"https:\/\/hallow.com\/pt-br\/blog\/como-rezar-a-novena-do-rosario-de-54-dias\/\">Novena de 54 dias<\/a>.<\/p>\n\n<p class=\"\">Essa ora\u00e7\u00e3o do Papa Paulo VI tamb\u00e9m \u00e9 uma bela homenagem a Maria na festa da Assun\u00e7\u00e3o: <\/p>\n\n<blockquote class=\"wp-block-quote is-layout-flow wp-block-quote-is-layout-flow\">\n<p class=\"\"><em>\u00d3 Maria Imaculada, Assunta aos c\u00e9us, voc\u00ea que \u00e9 a mais aben\u00e7oada na vis\u00e3o de Deus: de Deus Pai que a exaltou entre todas as criaturas, de Deus Filho que quis que voc\u00ea o gerasse como seu Filho e que fosse sua M\u00e3e, de Deus Esp\u00edrito Santo que realizou a concep\u00e7\u00e3o humana do Salvador em voc\u00ea. \u00d3 Maria, pur\u00edssima \u00d3 Maria, doce e bela \u00d3 Maria, mulher forte e atenciosa \u00d3 Maria, pobre e triste \u00d3 Maria, virgem e m\u00e3e mulher muito humana como Eva, mais do que Eva. Voc\u00ea est\u00e1 perto de Deus por sua gra\u00e7a e por seus privil\u00e9gios em seus mist\u00e9rios, em sua miss\u00e3o, em sua gl\u00f3ria. \u00d3 Maria, assumida na gl\u00f3ria de Cristo na perfei\u00e7\u00e3o completa e transfigurada de nossa natureza humana. \u00d3 Maria, porta do c\u00e9u, espelho da luz divina, arca da alian\u00e7a entre Deus e a humanidade, deixe nossas almas voarem atr\u00e1s de voc\u00ea, deixe-as voar por seu caminho radiante, transportadas pela esperan\u00e7a de que o mundo n\u00e3o cont\u00e9m a bem-aventuran\u00e7a eterna. Conforte-nos do c\u00e9u, \u00f3 M\u00e3e misericordiosa, e guie-nos pelos seus caminhos de pureza e esperan\u00e7a at\u00e9 o dia do aben\u00e7oado encontro com voc\u00ea e com seu divino Filho, nosso Salvador, Jesus. Am\u00e9m!<\/em><\/p>\n<cite>S\u00e3o Paulo VI<\/cite><\/blockquote>\n\n<p class=\"\">Voc\u00ea tamb\u00e9m pode tentar estas ora\u00e7\u00f5es curtas:<\/p>\n\n<p class=\"\">&#8220;M\u00e3e celestial, cheia da gra\u00e7a de Deus, ore por n\u00f3s hoje e todos os dias, para que nos esforcemos para sermos confiantes, pacientes e fi\u00e9is, como voc\u00ea foi, para que um dia possamos nos juntar a voc\u00ea e a todos os santos no c\u00e9u. Em nome de Jesus, oramos por voc\u00ea. Am\u00e9m.&#8221;<\/p>\n\n<p class=\"\">&#8220;Imaculada Maria, assumida no c\u00e9u, ensine-nos a confiar no plano de Deus como voc\u00ea fez. N\u00e3o nos deixe temer obst\u00e1culos ou incertezas. Inspire-nos e ore por n\u00f3s hoje, ao celebrarmos sua Assun\u00e7\u00e3o. Am\u00e9m.&#8221;<\/p>\n\n<p class=\"\">Com o Hallow, voc\u00ea pode rezar na Festa da Assun\u00e7\u00e3o e todos os dias.<\/p>\n\n<div class=\"wp-block-buttons is-content-justification-center is-layout-flex wp-container-core-buttons-is-layout-2 wp-block-buttons-is-layout-flex\">\n<div class=\"wp-block-button\"><a class=\"wp-block-button__link wp-element-button\" href=\"https:\/\/hallow.app.link\/assumption\">Experimente o Hallow gratuitamente<\/a><\/div>\n<\/div>\n\n<h2 class=\"wp-block-heading\" id=\"h-more-prayer-resources\">Mais ora\u00e7\u00f5es<\/h2>\n\n<ul class=\"wp-block-list\">\n<li><a href=\"https:\/\/hallow.com\/pt-br\/saints\/maria-madalena\/\">Ora\u00e7\u00e3o de Maria Madalena<\/a><\/li>\n\n\n\n<li><a href=\"https:\/\/hallow.com\/blog\/how-to-pray-novenas\/\">Como rezar uma novena<\/a><\/li>\n\n\n\n<li><a href=\"https:\/\/hallow.com\/blog\/ora&#xE7;&#xF5;es-da-manha\/\">Ora\u00e7\u00e3o da manh\u00e3<\/a><\/li>\n\n\n\n<li><a href=\"https:\/\/hallow.com\/blog\/daily-prayer-prayers-for-today\/\">Ora\u00e7\u00e3o di\u00e1ria<\/a><\/li>\n\n\n\n<li><a href=\"https:\/\/hallow.com\/blog\/prayers-for-healing\/\">Ora\u00e7\u00f5es para a cura<\/a><\/li>\n<\/ul>\n","protected":false},"excerpt":{"rendered":"<p>Festa da Assun\u00e7\u00e3o: \u00cdndice Maria ocupa um lugar de destaque no calend\u00e1rio lit\u00fargico da Igreja, desde o in\u00edcio do ano (1\u00ba de janeiro &#8211; Solenidadede Maria, M\u00e3e de Deus) at\u00e9 dezembro (8\u00aa &#8211; Solenidade da Imaculada Concei\u00e7\u00e3o). \u00c0 medida que as p\u00e1ginas do calend\u00e1rio se voltam para o \u00faltimo ter\u00e7o do ano, Maria novamente desempenha &hellip; <a href=\"https:\/\/hallow.com\/pt-br\/blog\/festa-da-assuncao\/\">Continued<\/a><\/p>\n","protected":false},"author":32,"featured_media":33927,"comment_status":"closed","ping_status":"closed","sticky":false,"template":"","format":"standard","meta":{"_acf_changed":false,"_et_pb_use_builder":"off","_et_pb_old_content":"","_et_gb_content_width":"","inline_featured_image":false,"footnotes":""},"categories":[174],"tags":[],"class_list":["post-58300","post","type-post","status-publish","format-standard","has-post-thumbnail","hentry","category-vida-de-oracao"],"acf":[],"yoast_head":"<!-- This site is optimized with the Yoast SEO Premium plugin v24.3 (Yoast SEO v25.6) - https:\/\/yoast.com\/wordpress\/plugins\/seo\/ -->\n<title>Festa da Assun\u00e7\u00e3o: Hist\u00f3ria, leituras da missa, ora\u00e7\u00f5es e muito mais<\/title>\n<meta name=\"description\" content=\"A Festa da Assun\u00e7\u00e3o \u00e9 uma solenidade - e uma solenidade muito importante! Saiba por que esse \u00e9 um dia de ora\u00e7\u00e3o t\u00e3o importante.\" \/>\n<meta name=\"robots\" content=\"index, follow, max-snippet:-1, max-image-preview:large, max-video-preview:-1\" \/>\n<link rel=\"canonical\" href=\"https:\/\/hallow.com\/pt-br\/blog\/festa-da-assuncao\/\" \/>\n<meta property=\"og:locale\" content=\"pt_BR\" \/>\n<meta property=\"og:type\" content=\"article\" \/>\n<meta property=\"og:title\" content=\"Festa da Assun\u00e7\u00e3o: Hist\u00f3ria, celebra\u00e7\u00f5es, leituras de missa e ora\u00e7\u00f5es\" \/>\n<meta property=\"og:description\" content=\"A Festa da Assun\u00e7\u00e3o \u00e9 uma solenidade - e uma solenidade muito importante! Saiba por que esse \u00e9 um dia de ora\u00e7\u00e3o t\u00e3o importante.\" \/>\n<meta property=\"og:url\" content=\"https:\/\/hallow.com\/pt-br\/blog\/festa-da-assuncao\/\" \/>\n<meta property=\"og:site_name\" content=\"Hallow\" \/>\n<meta property=\"article:publisher\" content=\"https:\/\/facebook.com\/hallowapp\" \/>\n<meta property=\"article:published_time\" content=\"2023-08-11T22:07:09+00:00\" \/>\n<meta property=\"article:modified_time\" content=\"2024-06-04T20:53:32+00:00\" \/>\n<meta property=\"og:image\" content=\"https:\/\/hallow.com\/wp-content\/uploads\/2023\/05\/SP-May-Month-of-Mary_M.png\" \/>\n\t<meta property=\"og:image:width\" content=\"628\" \/>\n\t<meta property=\"og:image:height\" content=\"440\" \/>\n\t<meta property=\"og:image:type\" content=\"image\/png\" \/>\n<meta name=\"author\" content=\"Stephen Spiewak\" \/>\n<meta name=\"twitter:card\" content=\"summary_large_image\" \/>\n<meta name=\"twitter:creator\" content=\"@hallowapp\" \/>\n<meta name=\"twitter:site\" content=\"@hallowapp\" \/>\n<script type=\"application\/ld+json\" class=\"yoast-schema-graph\">{\"@context\":\"https:\/\/schema.org\",\"@graph\":[{\"@type\":\"Article\",\"@id\":\"https:\/\/hallow.com\/pt-br\/blog\/festa-da-assuncao\/#article\",\"isPartOf\":{\"@id\":\"https:\/\/hallow.com\/pt-br\/blog\/festa-da-assuncao\/\"},\"author\":{\"name\":\"Stephen Spiewak\",\"@id\":\"https:\/\/hallow.com\/pt-br\/#\/schema\/person\/bff513b387a9f89e4d7463f0cd46c242\"},\"headline\":\"Festa da Assun\u00e7\u00e3o: Hist\u00f3ria, celebra\u00e7\u00f5es, leituras de missa e ora\u00e7\u00f5es\",\"datePublished\":\"2023-08-11T22:07:09+00:00\",\"dateModified\":\"2024-06-04T20:53:32+00:00\",\"mainEntityOfPage\":{\"@id\":\"https:\/\/hallow.com\/pt-br\/blog\/festa-da-assuncao\/\"},\"wordCount\":1455,\"publisher\":{\"@id\":\"https:\/\/hallow.com\/pt-br\/#organization\"},\"image\":{\"@id\":\"https:\/\/hallow.com\/pt-br\/blog\/festa-da-assuncao\/#primaryimage\"},\"thumbnailUrl\":\"https:\/\/hallow.com\/wp-content\/uploads\/2023\/05\/SP-May-Month-of-Mary_M.png\",\"articleSection\":[\"Vida de ora\u00e7\u00e3o\"],\"inLanguage\":\"pt-BR\"},{\"@type\":\"WebPage\",\"@id\":\"https:\/\/hallow.com\/pt-br\/blog\/festa-da-assuncao\/\",\"url\":\"https:\/\/hallow.com\/pt-br\/blog\/festa-da-assuncao\/\",\"name\":\"Festa da Assun\u00e7\u00e3o: Hist\u00f3ria, leituras da missa, ora\u00e7\u00f5es e muito mais\",\"isPartOf\":{\"@id\":\"https:\/\/hallow.com\/pt-br\/#website\"},\"primaryImageOfPage\":{\"@id\":\"https:\/\/hallow.com\/pt-br\/blog\/festa-da-assuncao\/#primaryimage\"},\"image\":{\"@id\":\"https:\/\/hallow.com\/pt-br\/blog\/festa-da-assuncao\/#primaryimage\"},\"thumbnailUrl\":\"https:\/\/hallow.com\/wp-content\/uploads\/2023\/05\/SP-May-Month-of-Mary_M.png\",\"datePublished\":\"2023-08-11T22:07:09+00:00\",\"dateModified\":\"2024-06-04T20:53:32+00:00\",\"description\":\"A Festa da Assun\u00e7\u00e3o \u00e9 uma solenidade - e uma solenidade muito importante! Saiba por que esse \u00e9 um dia de ora\u00e7\u00e3o t\u00e3o importante.\",\"breadcrumb\":{\"@id\":\"https:\/\/hallow.com\/pt-br\/blog\/festa-da-assuncao\/#breadcrumb\"},\"inLanguage\":\"pt-BR\",\"potentialAction\":[{\"@type\":\"ReadAction\",\"target\":[\"https:\/\/hallow.com\/pt-br\/blog\/festa-da-assuncao\/\"]}]},{\"@type\":\"ImageObject\",\"inLanguage\":\"pt-BR\",\"@id\":\"https:\/\/hallow.com\/pt-br\/blog\/festa-da-assuncao\/#primaryimage\",\"url\":\"https:\/\/hallow.com\/wp-content\/uploads\/2023\/05\/SP-May-Month-of-Mary_M.png\",\"contentUrl\":\"https:\/\/hallow.com\/wp-content\/uploads\/2023\/05\/SP-May-Month-of-Mary_M.png\",\"width\":628,\"height\":440},{\"@type\":\"BreadcrumbList\",\"@id\":\"https:\/\/hallow.com\/pt-br\/blog\/festa-da-assuncao\/#breadcrumb\",\"itemListElement\":[{\"@type\":\"ListItem\",\"position\":1,\"name\":\"Home\",\"item\":\"https:\/\/hallow.com\/pt-br\/\"},{\"@type\":\"ListItem\",\"position\":2,\"name\":\"Festa da Assun\u00e7\u00e3o: Hist\u00f3ria, celebra\u00e7\u00f5es, leituras de missa e ora\u00e7\u00f5es\"}]},{\"@type\":\"WebSite\",\"@id\":\"https:\/\/hallow.com\/pt-br\/#website\",\"url\":\"https:\/\/hallow.com\/pt-br\/\",\"name\":\"Hallow\",\"description\":\"Catholic Prayer and Meditation App\",\"publisher\":{\"@id\":\"https:\/\/hallow.com\/pt-br\/#organization\"},\"potentialAction\":[{\"@type\":\"SearchAction\",\"target\":{\"@type\":\"EntryPoint\",\"urlTemplate\":\"https:\/\/hallow.com\/pt-br\/?s={search_term_string}\"},\"query-input\":{\"@type\":\"PropertyValueSpecification\",\"valueRequired\":true,\"valueName\":\"search_term_string\"}}],\"inLanguage\":\"pt-BR\"},{\"@type\":\"Organization\",\"@id\":\"https:\/\/hallow.com\/pt-br\/#organization\",\"name\":\"Hallow\",\"url\":\"https:\/\/hallow.com\/pt-br\/\",\"logo\":{\"@type\":\"ImageObject\",\"inLanguage\":\"pt-BR\",\"@id\":\"https:\/\/hallow.com\/pt-br\/#\/schema\/logo\/image\/\",\"url\":\"https:\/\/hallow.com\/wp-content\/uploads\/2019\/04\/Purple-Logo.png\",\"contentUrl\":\"https:\/\/hallow.com\/wp-content\/uploads\/2019\/04\/Purple-Logo.png\",\"width\":1470,\"height\":292,\"caption\":\"Hallow\"},\"image\":{\"@id\":\"https:\/\/hallow.com\/pt-br\/#\/schema\/logo\/image\/\"},\"sameAs\":[\"https:\/\/facebook.com\/hallowapp\",\"https:\/\/x.com\/hallowapp\",\"https:\/\/instagram.com\/hallowapp\"]},{\"@type\":\"Person\",\"@id\":\"https:\/\/hallow.com\/pt-br\/#\/schema\/person\/bff513b387a9f89e4d7463f0cd46c242\",\"name\":\"Stephen Spiewak\"}]}<\/script>\n<!-- \/ Yoast SEO Premium plugin. -->","yoast_head_json":{"title":"Festa da Assun\u00e7\u00e3o: Hist\u00f3ria, leituras da missa, ora\u00e7\u00f5es e muito mais","description":"A Festa da Assun\u00e7\u00e3o \u00e9 uma solenidade - e uma solenidade muito importante! Saiba por que esse \u00e9 um dia de ora\u00e7\u00e3o t\u00e3o importante.","robots":{"index":"index","follow":"follow","max-snippet":"max-snippet:-1","max-image-preview":"max-image-preview:large","max-video-preview":"max-video-preview:-1"},"canonical":"https:\/\/hallow.com\/pt-br\/blog\/festa-da-assuncao\/","og_locale":"pt_BR","og_type":"article","og_title":"Festa da Assun\u00e7\u00e3o: Hist\u00f3ria, celebra\u00e7\u00f5es, leituras de missa e ora\u00e7\u00f5es","og_description":"A Festa da Assun\u00e7\u00e3o \u00e9 uma solenidade - e uma solenidade muito importante! Saiba por que esse \u00e9 um dia de ora\u00e7\u00e3o t\u00e3o importante.","og_url":"https:\/\/hallow.com\/pt-br\/blog\/festa-da-assuncao\/","og_site_name":"Hallow","article_publisher":"https:\/\/facebook.com\/hallowapp","article_published_time":"2023-08-11T22:07:09+00:00","article_modified_time":"2024-06-04T20:53:32+00:00","og_image":[{"width":628,"height":440,"url":"https:\/\/hallow.com\/wp-content\/uploads\/2023\/05\/SP-May-Month-of-Mary_M.png","type":"image\/png"}],"author":"Stephen Spiewak","twitter_card":"summary_large_image","twitter_creator":"@hallowapp","twitter_site":"@hallowapp","schema":{"@context":"https:\/\/schema.org","@graph":[{"@type":"Article","@id":"https:\/\/hallow.com\/pt-br\/blog\/festa-da-assuncao\/#article","isPartOf":{"@id":"https:\/\/hallow.com\/pt-br\/blog\/festa-da-assuncao\/"},"author":{"name":"Stephen Spiewak","@id":"https:\/\/hallow.com\/pt-br\/#\/schema\/person\/bff513b387a9f89e4d7463f0cd46c242"},"headline":"Festa da Assun\u00e7\u00e3o: Hist\u00f3ria, celebra\u00e7\u00f5es, leituras de missa e ora\u00e7\u00f5es","datePublished":"2023-08-11T22:07:09+00:00","dateModified":"2024-06-04T20:53:32+00:00","mainEntityOfPage":{"@id":"https:\/\/hallow.com\/pt-br\/blog\/festa-da-assuncao\/"},"wordCount":1455,"publisher":{"@id":"https:\/\/hallow.com\/pt-br\/#organization"},"image":{"@id":"https:\/\/hallow.com\/pt-br\/blog\/festa-da-assuncao\/#primaryimage"},"thumbnailUrl":"https:\/\/hallow.com\/wp-content\/uploads\/2023\/05\/SP-May-Month-of-Mary_M.png","articleSection":["Vida de ora\u00e7\u00e3o"],"inLanguage":"pt-BR"},{"@type":"WebPage","@id":"https:\/\/hallow.com\/pt-br\/blog\/festa-da-assuncao\/","url":"https:\/\/hallow.com\/pt-br\/blog\/festa-da-assuncao\/","name":"Festa da Assun\u00e7\u00e3o: Hist\u00f3ria, leituras da missa, ora\u00e7\u00f5es e muito mais","isPartOf":{"@id":"https:\/\/hallow.com\/pt-br\/#website"},"primaryImageOfPage":{"@id":"https:\/\/hallow.com\/pt-br\/blog\/festa-da-assuncao\/#primaryimage"},"image":{"@id":"https:\/\/hallow.com\/pt-br\/blog\/festa-da-assuncao\/#primaryimage"},"thumbnailUrl":"https:\/\/hallow.com\/wp-content\/uploads\/2023\/05\/SP-May-Month-of-Mary_M.png","datePublished":"2023-08-11T22:07:09+00:00","dateModified":"2024-06-04T20:53:32+00:00","description":"A Festa da Assun\u00e7\u00e3o \u00e9 uma solenidade - e uma solenidade muito importante! Saiba por que esse \u00e9 um dia de ora\u00e7\u00e3o t\u00e3o importante.","breadcrumb":{"@id":"https:\/\/hallow.com\/pt-br\/blog\/festa-da-assuncao\/#breadcrumb"},"inLanguage":"pt-BR","potentialAction":[{"@type":"ReadAction","target":["https:\/\/hallow.com\/pt-br\/blog\/festa-da-assuncao\/"]}]},{"@type":"ImageObject","inLanguage":"pt-BR","@id":"https:\/\/hallow.com\/pt-br\/blog\/festa-da-assuncao\/#primaryimage","url":"https:\/\/hallow.com\/wp-content\/uploads\/2023\/05\/SP-May-Month-of-Mary_M.png","contentUrl":"https:\/\/hallow.com\/wp-content\/uploads\/2023\/05\/SP-May-Month-of-Mary_M.png","width":628,"height":440},{"@type":"BreadcrumbList","@id":"https:\/\/hallow.com\/pt-br\/blog\/festa-da-assuncao\/#breadcrumb","itemListElement":[{"@type":"ListItem","position":1,"name":"Home","item":"https:\/\/hallow.com\/pt-br\/"},{"@type":"ListItem","position":2,"name":"Festa da Assun\u00e7\u00e3o: Hist\u00f3ria, celebra\u00e7\u00f5es, leituras de missa e ora\u00e7\u00f5es"}]},{"@type":"WebSite","@id":"https:\/\/hallow.com\/pt-br\/#website","url":"https:\/\/hallow.com\/pt-br\/","name":"Hallow","description":"Catholic Prayer and Meditation App","publisher":{"@id":"https:\/\/hallow.com\/pt-br\/#organization"},"potentialAction":[{"@type":"SearchAction","target":{"@type":"EntryPoint","urlTemplate":"https:\/\/hallow.com\/pt-br\/?s={search_term_string}"},"query-input":{"@type":"PropertyValueSpecification","valueRequired":true,"valueName":"search_term_string"}}],"inLanguage":"pt-BR"},{"@type":"Organization","@id":"https:\/\/hallow.com\/pt-br\/#organization","name":"Hallow","url":"https:\/\/hallow.com\/pt-br\/","logo":{"@type":"ImageObject","inLanguage":"pt-BR","@id":"https:\/\/hallow.com\/pt-br\/#\/schema\/logo\/image\/","url":"https:\/\/hallow.com\/wp-content\/uploads\/2019\/04\/Purple-Logo.png","contentUrl":"https:\/\/hallow.com\/wp-content\/uploads\/2019\/04\/Purple-Logo.png","width":1470,"height":292,"caption":"Hallow"},"image":{"@id":"https:\/\/hallow.com\/pt-br\/#\/schema\/logo\/image\/"},"sameAs":["https:\/\/facebook.com\/hallowapp","https:\/\/x.com\/hallowapp","https:\/\/instagram.com\/hallowapp"]},{"@type":"Person","@id":"https:\/\/hallow.com\/pt-br\/#\/schema\/person\/bff513b387a9f89e4d7463f0cd46c242","name":"Stephen Spiewak"}]}},"_links":{"self":[{"href":"https:\/\/hallow.com\/pt-br\/wp-json\/wp\/v2\/posts\/58300"}],"collection":[{"href":"https:\/\/hallow.com\/pt-br\/wp-json\/wp\/v2\/posts"}],"about":[{"href":"https:\/\/hallow.com\/pt-br\/wp-json\/wp\/v2\/types\/post"}],"author":[{"embeddable":true,"href":"https:\/\/hallow.com\/pt-br\/wp-json\/wp\/v2\/users\/32"}],"replies":[{"embeddable":true,"href":"https:\/\/hallow.com\/pt-br\/wp-json\/wp\/v2\/comments?post=58300"}],"version-history":[{"count":5,"href":"https:\/\/hallow.com\/pt-br\/wp-json\/wp\/v2\/posts\/58300\/revisions"}],"predecessor-version":[{"id":60214,"href":"https:\/\/hallow.com\/pt-br\/wp-json\/wp\/v2\/posts\/58300\/revisions\/60214"}],"wp:featuredmedia":[{"embeddable":true,"href":"https:\/\/hallow.com\/pt-br\/wp-json\/wp\/v2\/media\/33927"}],"wp:attachment":[{"href":"https:\/\/hallow.com\/pt-br\/wp-json\/wp\/v2\/media?parent=58300"}],"wp:term":[{"taxonomy":"category","embeddable":true,"href":"https:\/\/hallow.com\/pt-br\/wp-json\/wp\/v2\/categories?post=58300"},{"taxonomy":"post_tag","embeddable":true,"href":"https:\/\/hallow.com\/pt-br\/wp-json\/wp\/v2\/tags?post=58300"}],"curies":[{"name":"wp","href":"https:\/\/api.w.org\/{rel}","templated":true}]}}