{"id":67854,"date":"2023-11-01T22:46:34","date_gmt":"2023-11-01T22:46:34","guid":{"rendered":"https:\/\/hallow.com\/?p=67854"},"modified":"2024-10-10T20:38:34","modified_gmt":"2024-10-10T20:38:34","slug":"oracoes-para-os-mortos","status":"publish","type":"post","link":"https:\/\/hallow.com\/pt-br\/blog\/oracoes-para-os-mortos\/","title":{"rendered":"Ora\u00e7\u00f5es para os mortos: ora\u00e7\u00f5es cat\u00f3licas para lembrar os falecidos"},"content":{"rendered":"\n<p class=\"\"><strong>Ora\u00e7\u00f5es para os mortos \u00cdndice:<\/strong><\/p>\n\n\n\n<ul class=\"wp-block-list\">\n<li>Vis\u00e3o geral<\/li>\n\n\n\n<li><a href=\"#why\"><\/a><a href=\"#why\">Por que rezar pelas almas?<\/a><\/li>\n\n\n\n<li><a href=\"#how-to\"><\/a><a href=\"#how-to\">Como rezar pelos mortos<\/a><\/li>\n\n\n\n<li><a href=\"#bible-verses\"><\/a><a href=\"#bible-verses\">Vers\u00edculos da B\u00edblia para ajudar voc\u00ea a rezar pelos mortos<\/a><\/li>\n\n\n\n<li><a href=\"#related-prayers\">Ora\u00e7\u00f5es relacionadas<\/a><\/li>\n<\/ul>\n\n\n\n<blockquote class=\"wp-block-quote is-layout-flow wp-block-quote-is-layout-flow\">\n<p class=\"\">&#8220;Todos os que morrem na gra\u00e7a e na amizade de Deus, mas ainda imperfeitamente purificados, t\u00eam, de fato, a certeza de sua salva\u00e7\u00e3o eterna; mas, ap\u00f3s a morte, eles passam por uma purifica\u00e7\u00e3o, de modo a alcan\u00e7ar a santidade necess\u00e1ria para entrar na alegria do c\u00e9u.&#8221;  <\/p>\n<cite>Catecismo da Igreja Cat\u00f3lica 1030<\/cite><\/blockquote>\n\n\n\n<h2 class=\"wp-block-heading\" id=\"h-visao-geral\"><strong>Vis\u00e3o geral<\/strong><\/h2>\n\n\n\n<p class=\"\">Rezar pelas almas de nossos entes queridos \u00e9 uma maneira bonita e importante de demonstrar nosso amor e apoio a eles, mesmo depois de terem falecido. A Igreja acredita que a morte n\u00e3o \u00e9 o fim, mas sim uma transi\u00e7\u00e3o para a vida eterna. Nossas ora\u00e7\u00f5es podem ajudar a purificar as almas daqueles que est\u00e3o no purgat\u00f3rio, para que possam entrar mais rapidamente no C\u00e9u.  <\/p>\n\n\n\n<p class=\"\">No Dia de Todas as Almas, celebramos, honramos e oramos por todos os que j\u00e1 morreram.\nEmbora seja importante orar pelas almas todos os dias, o dia 2 de novembro \u00e9 um dia particularmente especial para ora\u00e7\u00f5es pelos mortos. <\/p>\n\n\n\n<p class=\"\"><\/p>\n\n\n\n<h2 class=\"wp-block-heading\" id=\"why\"><strong>Por que rezar pelas almas de nossos entes queridos?<\/strong><\/h2>\n\n\n\n<p class=\"\">Antes de mais nada, devemos rezar pela alma de nossos entes queridos para demonstrar nosso amor e apoio a eles, mesmo depois de terem falecido. Nossas ora\u00e7\u00f5es podem ajudar a confort\u00e1-los e fortalecer suas almas no caminho para o c\u00e9u. <\/p>\n\n\n\n<p class=\"\">Em segundo lugar, nossas ora\u00e7\u00f5es podem ajudar a purificar as almas daqueles que est\u00e3o no <a href=\"https:\/\/prayforsouls.org\/library\/documents\/what-the-catechism-of-the-catholic-church-teaches\">purgat\u00f3rio<\/a>.\nO purgat\u00f3rio \u00e9 um lugar de purifica\u00e7\u00e3o tempor\u00e1ria onde as almas v\u00e3o para serem limpas de seus pecados remanescentes antes de entrarem <a href=\"http:\/\/www.scborromeo.org\/ccc\/p123a12.htm\">no C\u00e9u<\/a>.\nNossas ora\u00e7\u00f5es podem ajudar a encurtar o tempo no Purgat\u00f3rio e aproxim\u00e1-las da <a href=\"https:\/\/www.sfcatholic.org\/bishopsbulletin\/why-do-we-pray-for-the-souls-in-purgatory\/\">vida<\/a> eterna.  <\/p>\n\n\n\n<p class=\"\">Por fim, rezar pelas almas de nossos entes queridos \u00e9 uma maneira de crescer em nossa pr\u00f3pria f\u00e9. Quando oramos pelos outros, somos lembrados de nossa pr\u00f3pria mortalidade e da import\u00e2ncia de viver uma vida boa e virtuosa.  <\/p>\n\n\n\n<p class=\"\">O Catecismo da Igreja Cat\u00f3lica menciona a comunh\u00e3o de todos os fi\u00e9is de Cristo, incluindo os que vivem na Terra, os mortos que est\u00e3o sendo purificados no purgat\u00f3rio e os aben\u00e7oados no c\u00e9u (CCC 962).\nIsso tamb\u00e9m \u00e9 conhecido como <a href=\"https:\/\/www.archstl.org\/pray-church-militant-suffering-and-triumphant-5180#:~:text=Traditionally%2C%20these%20three%20states%20have,Church%20Expectant)%20and%20Church%20Triumphant.\">Igreja Militante<\/a>, Igreja Penitente e Igreja Triunfante.   <\/p>\n\n\n\n<h2 class=\"wp-block-heading\" id=\"how-to\"><strong>Como rezar pelas almas dos mortos<\/strong><\/h2>\n\n\n\n<p class=\"lent-embed\">N\u00e3o h\u00e1 uma maneira certa ou errada de orar pelas almas de nossos entes queridos, desde que voc\u00ea ore com sinceridade e de cora\u00e7\u00e3o.\nPodemos fazer qualquer ora\u00e7\u00e3o espec\u00edfica por nossos entes queridos, incluindo o <a href=\"https:\/\/hallow.com\/blog\/como-rezar-o-rosario\/\">Ros\u00e1rio<\/a>, o <a href=\"https:\/\/hallow.com\/pt-br\/blog\/como-rezar-o-terco-da-divina-misericordia\/\">Ter\u00e7o da Divina Miseric\u00f3rdia<\/a>, novenas e, especialmente, a Santa Missa.   <\/p>\n\n\n\n<p class=\"\">O Papa Francisco nos lembra do poder de oferecer uma missa para um ente querido falecido.<\/p>\n\n\n\n<p class=\"\">&#8220;A tradi\u00e7\u00e3o da Igreja sempre incentivou a ora\u00e7\u00e3o pelos mortos, em particular oferecendo a celebra\u00e7\u00e3o da Eucaristia por eles: \u00e9 a melhor ajuda espiritual que podemos dar \u00e0s suas almas, particularmente \u00e0s mais abandonadas&#8221;, <a href=\"https:\/\/www.ncronline.org\/blogs\/francis-chronicles\/pope-s-quotes-remember-dead\">disse ele<\/a>.<\/p>\n\n\n\n<p class=\"\">Voc\u00ea n\u00e3o precisa organizar formalmente uma <a href=\"https:\/\/www.usccb.org\/prayer-and-worship\/the-mass\/general-instruction-of-the-roman-missal\/girm-chapter-8\">oferta de missa<\/a> para orar por algu\u00e9m que morreu.\nVoc\u00ea s\u00f3 precisa de ora\u00e7\u00f5es e inten\u00e7\u00f5es simples, conversando com Deus.\nAlgumas boas inten\u00e7\u00f5es podem ser para que os entes queridos falecidos sejam perdoados de seus pecados, sejam curados de quaisquer feridas espirituais e recebam a gra\u00e7a de entrar no c\u00e9u.  <\/p>\n\n\n\n<p class=\"\">Algumas ora\u00e7\u00f5es simples que voc\u00ea pode fazer s\u00e3o:<\/p>\n\n\n\n<p class=\"\"><strong>Ora\u00e7\u00e3o do descanso eterno<\/strong><\/p>\n\n\n\n<p class=\"\"><em>Concede-lhes, Senhor, o descanso eterno,<\/em><\/p>\n\n\n\n<p class=\"\"><em>e que a luz perp\u00e9tua brilhe sobre eles.<\/em><\/p>\n\n\n\n<p class=\"\"><em>Que eles descansem em paz. Am\u00e9m.<\/em><\/p>\n\n\n\n<p class=\"\"><a href=\"https:\/\/www.vaticannews.va\/en\/prayers\/eternal-rest.html\">(Fonte<\/a>)<\/p>\n\n\n\n<p class=\"\"><strong>Ora\u00e7\u00e3o para nossos fi\u00e9is falecidos<\/strong><\/p>\n\n\n\n<p class=\"\"><em>Senhor, concedei-lhes o descanso eterno e que a luz perp\u00e9tua brilhe sobre eles.\nQue suas almas e as almas de todos os fi\u00e9is defuntos, pela miseric\u00f3rdia de Deus, descansem em paz.  Am\u00e9m.<\/em><\/p>\n\n\n\n<p class=\"\"><em>Como a semente enterrada na terra, voc\u00ea produziu a colheita da vida eterna para n\u00f3s; fa\u00e7a com que estejamos sempre mortos para o pecado e vivos para Deus. Am\u00e9m.<\/em><\/p>\n\n\n\n<p class=\"\"><a href=\"https:\/\/gateofheaven.org\/2021\/06\/prayer-for-our-faithful-departed-buried-may-2021\/\">(Fonte<\/a>)<\/p>\n\n\n\n<p class=\"\"><strong>Ora\u00e7\u00e3o de Santa Gertrudes<\/strong><\/p>\n\n\n\n<p class=\"\"><em>Pai Eterno, ofere\u00e7o-Te o Precios\u00edssimo Sangue de Teu Divino Filho, Jesus, em uni\u00e3o com as missas rezadas hoje em todo o mundo, por todas as Almas Santas do Purgat\u00f3rio, pelos pecadores de todos os lugares, pelos pecadores da Igreja universal, por aqueles que est\u00e3o em minha pr\u00f3pria casa e em minha fam\u00edlia. Am\u00e9m.<\/em><\/p>\n\n\n\n<p class=\"\"><a href=\"http:\/\/midletonparish.ie\/prayer-of-st-gertrude-for-all-the-holy-souls-in-purgatory-2\/#:~:text=Eternal%20Father%2C%20I%20offer%20Thee,Amen.\">(Fonte<\/a>)<\/p>\n\n\n\n<p class=\"\"><\/p>\n\n\n\n<div class=\"wp-block-buttons is-content-justification-center is-layout-flex wp-container-core-buttons-is-layout-1 wp-block-buttons-is-layout-flex\">\n<div class=\"wp-block-button\"><a class=\"wp-block-button__link wp-element-button\" href=\"https:\/\/hallow.app.link\/prayersforthedead\">Encontre paz por meio da ora\u00e7\u00e3o.\nExperimente o Hallow. <\/a><\/div>\n<\/div>\n\n\n\n<h2 class=\"wp-block-heading\" id=\"bible-verses\"><strong>Vers\u00edculos b\u00edblicos para ajudar voc\u00ea a orar pelos mortos<\/strong><\/h2>\n\n\n\n<p class=\"\">Quando pensamos nas pessoas que j\u00e1 faleceram, as Escrituras podem ajudar a nos unir ao ente querido falecido e nos trazer a paz de Deus.  <\/p>\n\n\n\n<p class=\"\">Aqui est\u00e3o algumas passagens b\u00edblicas que ajudar\u00e3o a elevar os entes queridos falecidos a Deus e, ao mesmo tempo, proporcionar\u00e3o conforto \u00e0queles que choram a aus\u00eancia deles aqui na Terra.<\/p>\n\n\n\n<p class=\"\"><strong>Salmo 91,1-7:<\/strong><\/p>\n\n\n\n<p class=\"\">Voc\u00ea que habita no abrigo do Alt\u00edssimo,<\/p>\n\n\n\n<p class=\"\">  que permanecem \u00e0 sombra do Todo-Poderoso,<\/p>\n\n\n\n<p class=\"\">  Diga ao Senhor: &#8220;Meu ref\u00fagio e fortaleza,<\/p>\n\n\n\n<p class=\"\">  meu Deus, em quem confio&#8221;.<\/p>\n\n\n\n<p class=\"\">  Ele resgatar\u00e1 voc\u00ea do la\u00e7o do passarinheiro,<\/p>\n\n\n\n<p class=\"\">  da praga destruidora,<\/p>\n\n\n\n<p class=\"\">  Ele proteger\u00e1 voc\u00ea com seus pinh\u00f5es,<\/p>\n\n\n\n<p class=\"\">  e sob suas asas voc\u00ea pode se refugiar;<\/p>\n\n\n\n<p class=\"\">  Sua fidelidade \u00e9 um escudo protetor.<\/p>\n\n\n\n<p class=\"\">  Voc\u00ea n\u00e3o temer\u00e1 o terror da noite<\/p>\n\n\n\n<p class=\"\">  nem a flecha que voa durante o dia,<\/p>\n\n\n\n<p class=\"\">  Nem a peste que vagueia na escurid\u00e3o,<\/p>\n\n\n\n<p class=\"\">  nem a praga que assola ao meio-dia.<\/p>\n\n\n\n<p class=\"\"><strong>  Embora mil caiam ao seu lado,<\/strong><\/p>\n\n\n\n<p class=\"\"><strong>  dez mil \u00e0 sua direita,<\/strong><\/p>\n\n\n\n<p class=\"\"><strong>  perto de voc\u00ea, ela n\u00e3o chegar\u00e1.<\/strong><\/p>\n\n\n\n<p class=\"\"><strong>1 Tessalonicenses 13-18:<\/strong><\/p>\n\n\n\n<p class=\"\">Irm\u00e3os, n\u00e3o queremos que voc\u00eas n\u00e3o saibam a respeito dos que j\u00e1 dormiram, para que n\u00e3o se entriste\u00e7am como os demais, que n\u00e3o t\u00eam esperan\u00e7a.\nPorque, se cremos que Jesus morreu e ressuscitou, assim tamb\u00e9m Deus, por meio de Jesus, trar\u00e1 com ele os que dormem.\nDe fato, n\u00f3s lhes dizemos isto, segundo a palavra do Senhor, que n\u00f3s, os que ficarmos vivos at\u00e9 a vinda do Senhor, certamente n\u00e3o precederemos os que dormem.    <\/p>\n\n\n\n<p class=\"\"><strong>Pois o pr\u00f3prio Senhor, com uma palavra de ordem, com a voz de um arcanjo e com a trombeta de Deus, descer\u00e1 do c\u00e9u, e os mortos em Cristo ressuscitar\u00e3o primeiro.<\/strong>  Ent\u00e3o n\u00f3s, os que ficarmos vivos, seremos arrebatados juntamente com eles nas nuvens, para encontrar o Senhor nos ares.\nAssim, estaremos sempre com o Senhor.\nPortanto, consolem-se uns aos outros com estas palavras.  <\/p>\n\n\n\n<p class=\"\"><strong>Isa\u00edas 41: 10<\/strong><\/p>\n\n\n\n<p class=\"\">N\u00e3o tenha medo: estou com voc\u00ea;<\/p>\n\n\n\n<p class=\"\">  N\u00e3o fiquem ansiosos: eu sou o Deus de voc\u00eas.<\/p>\n\n\n\n<p class=\"\"><strong>Eu fortalecerei voc\u00ea, ajudarei voc\u00ea,<\/strong><\/p>\n\n\n\n<p class=\"\"><strong>  Eu sustentarei voc\u00ea com a minha m\u00e3o direita vitoriosa.<\/strong><\/p>\n\n\n\n<p class=\"\">Orar pelas almas de nossos entes queridos \u00e9 uma maneira bonita e importante de ajudar suas almas, bem como de crescer em nossa pr\u00f3pria f\u00e9 e de nos aproximarmos de Deus.\nSe voc\u00ea perdeu um ente querido, n\u00f3s o incentivamos a orar por ele regularmente.\nSuas ora\u00e7\u00f5es far\u00e3o a diferen\u00e7a.  <\/p>\n\n\n\n<h2 class=\"wp-block-heading\" id=\"related-prayers\"><strong>Ora\u00e7\u00f5es relacionadas:<\/strong><\/h2>\n\n\n\n<ul class=\"wp-block-list\">\n<li><a href=\"https:\/\/hallow.com\/pt-br\/blog\/oracoes-para-cirurgias-e-recuperacoes\/\">Ora\u00e7\u00f5es para cirurgias e recupera\u00f5es<\/a><\/li>\n\n\n\n<li><a href=\"https:\/\/hallow.com\/blog\/prayers-for-hope\/\">Ora\u00e7\u00f5es para a esperan\u00e7a<\/a><\/li>\n\n\n\n<li><a href=\"https:\/\/hallow.com\/pt-br\/blog\/oracoes-do-dia-de-todos-os-santos\/\">Dia de Todos os Santos<\/a><\/li>\n\n\n\n<li><a href=\"https:\/\/hallow.com\/pt-br\/blog\/oracoes-do-dia-de-finados-para-2024\/\"><\/a><a href=\"https:\/\/hallow.com\/pt-br\/blog\/oracoes-do-dia-de-finados-para-2024\/\">Dia de Todas as Almas<\/a><\/li>\n\n\n\n<li><a href=\"https:\/\/hallow.com\/scripture\/bible-verses-for-funerals\/\"><\/a><a href=\"https:\/\/hallow.com\/scripture\/bible-verses-for-funerals\/\">Vers\u00edculos b\u00edblicos para funerais<\/a><\/li>\n\n\n\n<li><a href=\"https:\/\/hallow.com\/scripture\/bible-verses-for-loss\/\"><\/a><a href=\"https:\/\/hallow.com\/scripture\/bible-verses-for-loss\/\">Vers\u00edculos b\u00edblicos para perdas<\/a><\/li>\n\n\n\n<li><a href=\"https:\/\/hallow.com\/scripture\/bible-verses-for-mourning\/\"><\/a><a href=\"https:\/\/hallow.com\/scripture\/bible-verses-for-mourning\/\">Vers\u00edculos b\u00edblicos para o luto<\/a><\/li>\n<\/ul>\n\n\n\n<p class=\"\"><\/p>\n\n\n\n<div class=\"wp-block-buttons is-content-justification-center is-layout-flex wp-container-core-buttons-is-layout-2 wp-block-buttons-is-layout-flex\">\n<div class=\"wp-block-button\"><a class=\"wp-block-button__link wp-element-button\" href=\"https:\/\/hallow.app.link\/prayersforthedead\">Reze com o Hallow!<\/a><\/div>\n<\/div>\n","protected":false},"excerpt":{"rendered":"<p>Ora\u00e7\u00f5es para os mortos \u00cdndice: &#8220;Todos os que morrem na gra\u00e7a e na amizade de Deus, mas ainda imperfeitamente purificados, t\u00eam, de fato, a certeza de sua salva\u00e7\u00e3o eterna; mas, ap\u00f3s a morte, eles passam por uma purifica\u00e7\u00e3o, de modo a alcan\u00e7ar a santidade necess\u00e1ria para entrar na alegria do c\u00e9u.&#8221; Catecismo da Igreja Cat\u00f3lica &hellip; <a href=\"https:\/\/hallow.com\/pt-br\/blog\/oracoes-para-os-mortos\/\">Continued<\/a><\/p>\n","protected":false},"author":54,"featured_media":32846,"comment_status":"closed","ping_status":"closed","sticky":false,"template":"","format":"standard","meta":{"_acf_changed":false,"_et_pb_use_builder":"off","_et_pb_old_content":"","_et_gb_content_width":"","inline_featured_image":false,"footnotes":""},"categories":[174],"tags":[],"class_list":["post-67854","post","type-post","status-publish","format-standard","has-post-thumbnail","hentry","category-vida-de-oracao"],"acf":[],"yoast_head":"<!-- This site is optimized with the Yoast SEO Premium plugin v24.3 (Yoast SEO v25.6) - https:\/\/yoast.com\/wordpress\/plugins\/seo\/ -->\n<title>Ora\u00e7\u00f5es para os mortos: ora\u00e7\u00f5es cat\u00f3licas para lembrar os falecidos &#8211; Hallow<\/title>\n<meta name=\"description\" content=\"Lembre-se em ora\u00e7\u00e3o de seus entes queridos falecidos com essas ora\u00e7\u00f5es simples e vers\u00edculos da B\u00edblia para aqueles que n\u00e3o est\u00e3o mais conosco.\" \/>\n<meta name=\"robots\" content=\"index, follow, max-snippet:-1, max-image-preview:large, max-video-preview:-1\" \/>\n<link rel=\"canonical\" href=\"https:\/\/hallow.com\/pt-br\/blog\/oracoes-para-os-mortos\/\" \/>\n<meta property=\"og:locale\" content=\"pt_BR\" \/>\n<meta property=\"og:type\" content=\"article\" \/>\n<meta property=\"og:title\" content=\"Ora\u00e7\u00f5es para os mortos: ora\u00e7\u00f5es cat\u00f3licas para lembrar os falecidos\" \/>\n<meta property=\"og:description\" content=\"Lembre-se em ora\u00e7\u00e3o de seus entes queridos falecidos com essas ora\u00e7\u00f5es simples e vers\u00edculos da B\u00edblia para aqueles que n\u00e3o est\u00e3o mais conosco.\" \/>\n<meta property=\"og:url\" content=\"https:\/\/hallow.com\/pt-br\/blog\/oracoes-para-os-mortos\/\" \/>\n<meta property=\"og:site_name\" content=\"Hallow\" \/>\n<meta property=\"article:publisher\" content=\"https:\/\/facebook.com\/hallowapp\" \/>\n<meta property=\"article:published_time\" content=\"2023-11-01T22:46:34+00:00\" \/>\n<meta property=\"article:modified_time\" content=\"2024-10-10T20:38:34+00:00\" \/>\n<meta property=\"og:image\" content=\"https:\/\/hallow.com\/wp-content\/uploads\/2023\/04\/Easter-Vigil-XL-1-1-1-1024x512.png\" \/>\n\t<meta property=\"og:image:width\" content=\"1024\" \/>\n\t<meta property=\"og:image:height\" content=\"512\" \/>\n\t<meta property=\"og:image:type\" content=\"image\/png\" \/>\n<meta name=\"author\" content=\"Brianna Madrigal\" \/>\n<meta name=\"twitter:card\" content=\"summary_large_image\" \/>\n<meta name=\"twitter:creator\" content=\"@hallowapp\" \/>\n<meta name=\"twitter:site\" content=\"@hallowapp\" \/>\n<script type=\"application\/ld+json\" class=\"yoast-schema-graph\">{\"@context\":\"https:\/\/schema.org\",\"@graph\":[{\"@type\":\"Article\",\"@id\":\"https:\/\/hallow.com\/pt-br\/blog\/oracoes-para-os-mortos\/#article\",\"isPartOf\":{\"@id\":\"https:\/\/hallow.com\/pt-br\/blog\/oracoes-para-os-mortos\/\"},\"author\":{\"name\":\"Brianna Madrigal\",\"@id\":\"https:\/\/hallow.com\/pt-br\/#\/schema\/person\/b345c129008b305a9260bcc7b754aab6\"},\"headline\":\"Ora\u00e7\u00f5es para os mortos: ora\u00e7\u00f5es cat\u00f3licas para lembrar os falecidos\",\"datePublished\":\"2023-11-01T22:46:34+00:00\",\"dateModified\":\"2024-10-10T20:38:34+00:00\",\"mainEntityOfPage\":{\"@id\":\"https:\/\/hallow.com\/pt-br\/blog\/oracoes-para-os-mortos\/\"},\"wordCount\":1266,\"publisher\":{\"@id\":\"https:\/\/hallow.com\/pt-br\/#organization\"},\"image\":{\"@id\":\"https:\/\/hallow.com\/pt-br\/blog\/oracoes-para-os-mortos\/#primaryimage\"},\"thumbnailUrl\":\"https:\/\/hallow.com\/wp-content\/uploads\/2023\/04\/Easter-Vigil-XL-1-1-1.png\",\"articleSection\":[\"Vida de ora\u00e7\u00e3o\"],\"inLanguage\":\"pt-BR\"},{\"@type\":\"WebPage\",\"@id\":\"https:\/\/hallow.com\/pt-br\/blog\/oracoes-para-os-mortos\/\",\"url\":\"https:\/\/hallow.com\/pt-br\/blog\/oracoes-para-os-mortos\/\",\"name\":\"Ora\u00e7\u00f5es para os mortos: ora\u00e7\u00f5es cat\u00f3licas para lembrar os falecidos &#8211; Hallow\",\"isPartOf\":{\"@id\":\"https:\/\/hallow.com\/pt-br\/#website\"},\"primaryImageOfPage\":{\"@id\":\"https:\/\/hallow.com\/pt-br\/blog\/oracoes-para-os-mortos\/#primaryimage\"},\"image\":{\"@id\":\"https:\/\/hallow.com\/pt-br\/blog\/oracoes-para-os-mortos\/#primaryimage\"},\"thumbnailUrl\":\"https:\/\/hallow.com\/wp-content\/uploads\/2023\/04\/Easter-Vigil-XL-1-1-1.png\",\"datePublished\":\"2023-11-01T22:46:34+00:00\",\"dateModified\":\"2024-10-10T20:38:34+00:00\",\"description\":\"Lembre-se em ora\u00e7\u00e3o de seus entes queridos falecidos com essas ora\u00e7\u00f5es simples e vers\u00edculos da B\u00edblia para aqueles que n\u00e3o est\u00e3o mais conosco.\",\"breadcrumb\":{\"@id\":\"https:\/\/hallow.com\/pt-br\/blog\/oracoes-para-os-mortos\/#breadcrumb\"},\"inLanguage\":\"pt-BR\",\"potentialAction\":[{\"@type\":\"ReadAction\",\"target\":[\"https:\/\/hallow.com\/pt-br\/blog\/oracoes-para-os-mortos\/\"]}]},{\"@type\":\"ImageObject\",\"inLanguage\":\"pt-BR\",\"@id\":\"https:\/\/hallow.com\/pt-br\/blog\/oracoes-para-os-mortos\/#primaryimage\",\"url\":\"https:\/\/hallow.com\/wp-content\/uploads\/2023\/04\/Easter-Vigil-XL-1-1-1.png\",\"contentUrl\":\"https:\/\/hallow.com\/wp-content\/uploads\/2023\/04\/Easter-Vigil-XL-1-1-1.png\",\"width\":4991,\"height\":2496,\"caption\":\"Paschal Candle\"},{\"@type\":\"BreadcrumbList\",\"@id\":\"https:\/\/hallow.com\/pt-br\/blog\/oracoes-para-os-mortos\/#breadcrumb\",\"itemListElement\":[{\"@type\":\"ListItem\",\"position\":1,\"name\":\"Home\",\"item\":\"https:\/\/hallow.com\/pt-br\/\"},{\"@type\":\"ListItem\",\"position\":2,\"name\":\"Ora\u00e7\u00f5es para os mortos: ora\u00e7\u00f5es cat\u00f3licas para lembrar os falecidos\"}]},{\"@type\":\"WebSite\",\"@id\":\"https:\/\/hallow.com\/pt-br\/#website\",\"url\":\"https:\/\/hallow.com\/pt-br\/\",\"name\":\"Hallow\",\"description\":\"Catholic Prayer and Meditation App\",\"publisher\":{\"@id\":\"https:\/\/hallow.com\/pt-br\/#organization\"},\"potentialAction\":[{\"@type\":\"SearchAction\",\"target\":{\"@type\":\"EntryPoint\",\"urlTemplate\":\"https:\/\/hallow.com\/pt-br\/?s={search_term_string}\"},\"query-input\":{\"@type\":\"PropertyValueSpecification\",\"valueRequired\":true,\"valueName\":\"search_term_string\"}}],\"inLanguage\":\"pt-BR\"},{\"@type\":\"Organization\",\"@id\":\"https:\/\/hallow.com\/pt-br\/#organization\",\"name\":\"Hallow\",\"url\":\"https:\/\/hallow.com\/pt-br\/\",\"logo\":{\"@type\":\"ImageObject\",\"inLanguage\":\"pt-BR\",\"@id\":\"https:\/\/hallow.com\/pt-br\/#\/schema\/logo\/image\/\",\"url\":\"https:\/\/hallow.com\/wp-content\/uploads\/2019\/04\/Purple-Logo.png\",\"contentUrl\":\"https:\/\/hallow.com\/wp-content\/uploads\/2019\/04\/Purple-Logo.png\",\"width\":1470,\"height\":292,\"caption\":\"Hallow\"},\"image\":{\"@id\":\"https:\/\/hallow.com\/pt-br\/#\/schema\/logo\/image\/\"},\"sameAs\":[\"https:\/\/facebook.com\/hallowapp\",\"https:\/\/x.com\/hallowapp\",\"https:\/\/instagram.com\/hallowapp\"]},{\"@type\":\"Person\",\"@id\":\"https:\/\/hallow.com\/pt-br\/#\/schema\/person\/b345c129008b305a9260bcc7b754aab6\",\"name\":\"Brianna Madrigal\"}]}<\/script>\n<!-- \/ Yoast SEO Premium plugin. -->","yoast_head_json":{"title":"Ora\u00e7\u00f5es para os mortos: ora\u00e7\u00f5es cat\u00f3licas para lembrar os falecidos &#8211; Hallow","description":"Lembre-se em ora\u00e7\u00e3o de seus entes queridos falecidos com essas ora\u00e7\u00f5es simples e vers\u00edculos da B\u00edblia para aqueles que n\u00e3o est\u00e3o mais conosco.","robots":{"index":"index","follow":"follow","max-snippet":"max-snippet:-1","max-image-preview":"max-image-preview:large","max-video-preview":"max-video-preview:-1"},"canonical":"https:\/\/hallow.com\/pt-br\/blog\/oracoes-para-os-mortos\/","og_locale":"pt_BR","og_type":"article","og_title":"Ora\u00e7\u00f5es para os mortos: ora\u00e7\u00f5es cat\u00f3licas para lembrar os falecidos","og_description":"Lembre-se em ora\u00e7\u00e3o de seus entes queridos falecidos com essas ora\u00e7\u00f5es simples e vers\u00edculos da B\u00edblia para aqueles que n\u00e3o est\u00e3o mais conosco.","og_url":"https:\/\/hallow.com\/pt-br\/blog\/oracoes-para-os-mortos\/","og_site_name":"Hallow","article_publisher":"https:\/\/facebook.com\/hallowapp","article_published_time":"2023-11-01T22:46:34+00:00","article_modified_time":"2024-10-10T20:38:34+00:00","og_image":[{"width":1024,"height":512,"url":"https:\/\/hallow.com\/wp-content\/uploads\/2023\/04\/Easter-Vigil-XL-1-1-1-1024x512.png","type":"image\/png"}],"author":"Brianna Madrigal","twitter_card":"summary_large_image","twitter_creator":"@hallowapp","twitter_site":"@hallowapp","schema":{"@context":"https:\/\/schema.org","@graph":[{"@type":"Article","@id":"https:\/\/hallow.com\/pt-br\/blog\/oracoes-para-os-mortos\/#article","isPartOf":{"@id":"https:\/\/hallow.com\/pt-br\/blog\/oracoes-para-os-mortos\/"},"author":{"name":"Brianna Madrigal","@id":"https:\/\/hallow.com\/pt-br\/#\/schema\/person\/b345c129008b305a9260bcc7b754aab6"},"headline":"Ora\u00e7\u00f5es para os mortos: ora\u00e7\u00f5es cat\u00f3licas para lembrar os falecidos","datePublished":"2023-11-01T22:46:34+00:00","dateModified":"2024-10-10T20:38:34+00:00","mainEntityOfPage":{"@id":"https:\/\/hallow.com\/pt-br\/blog\/oracoes-para-os-mortos\/"},"wordCount":1266,"publisher":{"@id":"https:\/\/hallow.com\/pt-br\/#organization"},"image":{"@id":"https:\/\/hallow.com\/pt-br\/blog\/oracoes-para-os-mortos\/#primaryimage"},"thumbnailUrl":"https:\/\/hallow.com\/wp-content\/uploads\/2023\/04\/Easter-Vigil-XL-1-1-1.png","articleSection":["Vida de ora\u00e7\u00e3o"],"inLanguage":"pt-BR"},{"@type":"WebPage","@id":"https:\/\/hallow.com\/pt-br\/blog\/oracoes-para-os-mortos\/","url":"https:\/\/hallow.com\/pt-br\/blog\/oracoes-para-os-mortos\/","name":"Ora\u00e7\u00f5es para os mortos: ora\u00e7\u00f5es cat\u00f3licas para lembrar os falecidos &#8211; Hallow","isPartOf":{"@id":"https:\/\/hallow.com\/pt-br\/#website"},"primaryImageOfPage":{"@id":"https:\/\/hallow.com\/pt-br\/blog\/oracoes-para-os-mortos\/#primaryimage"},"image":{"@id":"https:\/\/hallow.com\/pt-br\/blog\/oracoes-para-os-mortos\/#primaryimage"},"thumbnailUrl":"https:\/\/hallow.com\/wp-content\/uploads\/2023\/04\/Easter-Vigil-XL-1-1-1.png","datePublished":"2023-11-01T22:46:34+00:00","dateModified":"2024-10-10T20:38:34+00:00","description":"Lembre-se em ora\u00e7\u00e3o de seus entes queridos falecidos com essas ora\u00e7\u00f5es simples e vers\u00edculos da B\u00edblia para aqueles que n\u00e3o est\u00e3o mais conosco.","breadcrumb":{"@id":"https:\/\/hallow.com\/pt-br\/blog\/oracoes-para-os-mortos\/#breadcrumb"},"inLanguage":"pt-BR","potentialAction":[{"@type":"ReadAction","target":["https:\/\/hallow.com\/pt-br\/blog\/oracoes-para-os-mortos\/"]}]},{"@type":"ImageObject","inLanguage":"pt-BR","@id":"https:\/\/hallow.com\/pt-br\/blog\/oracoes-para-os-mortos\/#primaryimage","url":"https:\/\/hallow.com\/wp-content\/uploads\/2023\/04\/Easter-Vigil-XL-1-1-1.png","contentUrl":"https:\/\/hallow.com\/wp-content\/uploads\/2023\/04\/Easter-Vigil-XL-1-1-1.png","width":4991,"height":2496,"caption":"Paschal Candle"},{"@type":"BreadcrumbList","@id":"https:\/\/hallow.com\/pt-br\/blog\/oracoes-para-os-mortos\/#breadcrumb","itemListElement":[{"@type":"ListItem","position":1,"name":"Home","item":"https:\/\/hallow.com\/pt-br\/"},{"@type":"ListItem","position":2,"name":"Ora\u00e7\u00f5es para os mortos: ora\u00e7\u00f5es cat\u00f3licas para lembrar os falecidos"}]},{"@type":"WebSite","@id":"https:\/\/hallow.com\/pt-br\/#website","url":"https:\/\/hallow.com\/pt-br\/","name":"Hallow","description":"Catholic Prayer and Meditation App","publisher":{"@id":"https:\/\/hallow.com\/pt-br\/#organization"},"potentialAction":[{"@type":"SearchAction","target":{"@type":"EntryPoint","urlTemplate":"https:\/\/hallow.com\/pt-br\/?s={search_term_string}"},"query-input":{"@type":"PropertyValueSpecification","valueRequired":true,"valueName":"search_term_string"}}],"inLanguage":"pt-BR"},{"@type":"Organization","@id":"https:\/\/hallow.com\/pt-br\/#organization","name":"Hallow","url":"https:\/\/hallow.com\/pt-br\/","logo":{"@type":"ImageObject","inLanguage":"pt-BR","@id":"https:\/\/hallow.com\/pt-br\/#\/schema\/logo\/image\/","url":"https:\/\/hallow.com\/wp-content\/uploads\/2019\/04\/Purple-Logo.png","contentUrl":"https:\/\/hallow.com\/wp-content\/uploads\/2019\/04\/Purple-Logo.png","width":1470,"height":292,"caption":"Hallow"},"image":{"@id":"https:\/\/hallow.com\/pt-br\/#\/schema\/logo\/image\/"},"sameAs":["https:\/\/facebook.com\/hallowapp","https:\/\/x.com\/hallowapp","https:\/\/instagram.com\/hallowapp"]},{"@type":"Person","@id":"https:\/\/hallow.com\/pt-br\/#\/schema\/person\/b345c129008b305a9260bcc7b754aab6","name":"Brianna Madrigal"}]}},"_links":{"self":[{"href":"https:\/\/hallow.com\/pt-br\/wp-json\/wp\/v2\/posts\/67854"}],"collection":[{"href":"https:\/\/hallow.com\/pt-br\/wp-json\/wp\/v2\/posts"}],"about":[{"href":"https:\/\/hallow.com\/pt-br\/wp-json\/wp\/v2\/types\/post"}],"author":[{"embeddable":true,"href":"https:\/\/hallow.com\/pt-br\/wp-json\/wp\/v2\/users\/54"}],"replies":[{"embeddable":true,"href":"https:\/\/hallow.com\/pt-br\/wp-json\/wp\/v2\/comments?post=67854"}],"version-history":[{"count":4,"href":"https:\/\/hallow.com\/pt-br\/wp-json\/wp\/v2\/posts\/67854\/revisions"}],"predecessor-version":[{"id":68531,"href":"https:\/\/hallow.com\/pt-br\/wp-json\/wp\/v2\/posts\/67854\/revisions\/68531"}],"wp:featuredmedia":[{"embeddable":true,"href":"https:\/\/hallow.com\/pt-br\/wp-json\/wp\/v2\/media\/32846"}],"wp:attachment":[{"href":"https:\/\/hallow.com\/pt-br\/wp-json\/wp\/v2\/media?parent=67854"}],"wp:term":[{"taxonomy":"category","embeddable":true,"href":"https:\/\/hallow.com\/pt-br\/wp-json\/wp\/v2\/categories?post=67854"},{"taxonomy":"post_tag","embeddable":true,"href":"https:\/\/hallow.com\/pt-br\/wp-json\/wp\/v2\/tags?post=67854"}],"curies":[{"name":"wp","href":"https:\/\/api.w.org\/{rel}","templated":true}]}}