{"id":83835,"date":"2025-05-08T23:40:11","date_gmt":"2025-05-08T23:40:11","guid":{"rendered":"https:\/\/hallow.com\/?p=83835"},"modified":"2025-05-09T18:25:15","modified_gmt":"2025-05-09T18:25:15","slug":"papa-leao-xiv-cardeal-robert-francis-prevost","status":"publish","type":"post","link":"https:\/\/hallow.com\/pt-br\/blog\/papa-leao-xiv-cardeal-robert-francis-prevost\/","title":{"rendered":"Papa Le\u00e3o XIV (ex-cardeal Robert Francis Prevost): Conhe\u00e7a o novo papa"},"content":{"rendered":"\n<p class=\"\">Em 8 de maio de 2025, a Igreja Cat\u00f3lica elegeu seu novo papa e, pela primeira vez na hist\u00f3ria, um norte-americano senta-se na cadeira de S\u00e3o Pedro.<\/p>\n\n<p class=\"\">O Cardeal Robert Francis Prevost, O.S.A. foi eleito entre seus irm\u00e3os cardeais para o papado, assumindo o novo Papa Le\u00e3o XIV.<\/p>\n\n<p class=\"\">Conhe\u00e7a o novo pont\u00edfice e saiba como voc\u00ea pode orar por ele e com ele.<\/p>\n\n<h2 class=\"wp-block-heading\" id=\"h-pope-leo-xiv-early-life\">Papa Le\u00e3o XIV: In\u00edcio da vida<\/h2>\n\n<p class=\"\">O Papa Le\u00e3o XIV nasceu Robert Francis Prevost em 14 de setembro de 1955, em Chicago, Illinois, filho de Louis e Millie.<\/p>\n\n<p class=\"\">Seu pai era educador e sua m\u00e3e, bibliotec\u00e1ria. Ele e seus dois irm\u00e3os mais velhos cresceram muito envolvidos em sua par\u00f3quia. <\/p>\n\n<p class=\"\">Desde cedo, ele sentiu um chamado para o sacerd\u00f3cio.<\/p>\n\n<p class=\"\">&#8220;E, mesmo quando era um jovem adolescente, ele sabia o que queria fazer e para onde queria ir&#8221;, <a href=\"https:\/\/chicago.suntimes.com\/religion\/2025\/05\/03\/robert-prevost-pope-francis-conclave-catholic-church-dolton-saint-mary-assumption-parish\">disse um amigo de inf\u00e2ncia<\/a>.<\/p>\n\n<p class=\"\">Ele estudou na St. Augustine Seminary High School, na Filad\u00e9lfia, e depois se formou em Villanova com um bacharelado em ci\u00eancias.  <\/p>\n\n<div class=\"wp-block-buttons is-content-justification-center is-layout-flex wp-container-core-buttons-is-layout-1 wp-block-buttons-is-layout-flex\">\n<div class=\"wp-block-button\"><a class=\"wp-block-button__link wp-element-button\" href=\"https:\/\/hallow.app.link\/OhyD7rKndTb\">Experimente o Hallow gratuitamente<\/a><\/div>\n<\/div>\n\n<h2 class=\"wp-block-heading\" id=\"h-pope-leo-xiv-s-religious-life\">A vida religiosa do Papa Le\u00e3o XIV<\/h2>\n\n<p class=\"\">Em 1977, aos 22 anos, entrou para o noviciado da Ordem de Santo Agostinho (Agostinianos) e fez seus votos em 1981.<\/p>\n\n<p class=\"\">Em pouco tempo, o Papa Le\u00e3o XIV come\u00e7ou o que acabaria sendo uma das principais marcas de seu tempo como padre: o servi\u00e7o ao povo do Peru.<\/p>\n\n<p class=\"\">A partir de 1985, ele trabalhou como mission\u00e1rio em Chulucanas, Peru, uma pequena cidade na parte noroeste do pa\u00eds sul-americano. Alguns anos depois, ele come\u00e7ou um trabalho de uma d\u00e9cada em Trujillo, Peru, uma cidade litor\u00e2nea. <\/p>\n\n<p class=\"\">Sempre obediente \u00e0s designa\u00e7\u00f5es que lhe eram dadas, o ent\u00e3o Robert Francis Prevost retornou a Chicago em 1999 e, dois anos depois, tornou-se o Prior Geral dos Agostinianos, o superior de toda a ordem.<\/p>\n\n<p class=\"\">Em 2015, ele retornou ao Peru depois que o Papa Francisco o nomeou bispo de Chiclayo, uma das maiores cidades do Peru, com mais de um milh\u00e3o de pessoas na diocese. O Papa Francisco visitou o Peru em 2018 e passou um tempo com o Bispo Robert Francis Prevost. Em 2023, o Papa Francisco o chamou a Roma para servir como Prefeito do Dicast\u00e9rio para os Bispos.  <\/p>\n\n<p class=\"\">Agora, ele atua como bispo de Roma, respons\u00e1vel por 1,4 bilh\u00e3o de cat\u00f3licos do mundo.<\/p>\n\n<h2 class=\"wp-block-heading\" id=\"h-pope-leo-xiv-s-spirituality\">A espiritualidade do Papa Le\u00e3o XIV<\/h2>\n\n<p class=\"\">A espiritualidade do Papa Le\u00e3o XIV \u00e9 moldada pelo fato de ele ser agostiniano, seguindo os passos de Santo Agostinho.<\/p>\n\n<p class=\"\">&#8220;N\u00f3s, como agostinianos, novamente como uma ordem mendicante, acho que somos chamados a viver uma vida simples a servi\u00e7o dos outros e, de maneira especial, a alcan\u00e7ar os pobres, os pobres na sociedade de hoje, o que inclui, \u00e9 claro, aqueles que s\u00e3o monetariamente pobres, mas h\u00e1 muitos outros tipos de pobreza no mundo de hoje&#8221;, disse ele em uma entrevista anos atr\u00e1s.<\/p>\n\n<p class=\"\">Ele tamb\u00e9m fala sobre como a experi\u00eancia com Deus deve envolver outras pessoas. Experimentar Deus n\u00e3o \u00e9 uma atividade individual.   <\/p>\n\n<p class=\"\">&#8220;N\u00e3o se trata apenas de mim e de minha experi\u00eancia com Deus. Voc\u00ea pode ouvir as pessoas dizerem: &#8216;Bem, eu tenho uma experi\u00eancia de Deus e n\u00e3o preciso fazer mais nada&#8217;. Bem, ent\u00e3o, essa provavelmente n\u00e3o \u00e9 uma experi\u00eancia aut\u00eantica de Deus, porque, como sabemos pelos Evangelhos, como sabemos pelas cartas apost\u00f3licas, se voc\u00ea ama a Deus, tamb\u00e9m precisa demonstrar isso amando o pr\u00f3ximo, e os dois andam de m\u00e3os dadas&#8221;, <a href=\"https:\/\/www.youtube.com\/watch?v=da-mLQLrTwQ\">disse ele em uma entrevista em 2012<\/a>.<\/p>\n\n<div class=\"wp-block-buttons is-content-justification-center is-layout-flex wp-container-core-buttons-is-layout-2 wp-block-buttons-is-layout-flex\">\n<div class=\"wp-block-button\"><a class=\"wp-block-button__link wp-element-button\" href=\"https:\/\/hallow.app.link\/OhyD7rKndTb\">Experimente o Hallow gratuitamente<\/a><\/div>\n<\/div>\n\n<h2 class=\"wp-block-heading\" id=\"h-pope-leo-the-name\">Papa Le\u00e3o: O nome<\/h2>\n\n<p class=\"\">O antecessor do Papa Le\u00e3o XIV em seu nome foi o Papa Le\u00e3o XIII, papa de 1878 a 1903, um dos papados mais longos da hist\u00f3ria.<\/p>\n\n<p class=\"\">O Papa Le\u00e3o XIII \u00e9 <a href=\"https:\/\/www.osvnews.com\/who-was-pope-leo-xiii-the-father-of-social-doctrine\/\">considerado<\/a> o &#8220;Pai da Doutrina Social&#8221;, moldando o futuro da doutrina social cat\u00f3lica que se seguiu.<\/p>\n\n<p class=\"\">Ele tamb\u00e9m era conhecido como o &#8220;Papa dos Trabalhadores&#8221;, gra\u00e7as \u00e0 sua enc\u00edclica Rerum Novarum, de 1891.<\/p>\n\n<p class=\"\">Ao escolher esse nome, o papa Le\u00e3o XIV poderia estar demonstrando um compromisso com a classe trabalhadora e os pobres, coerente com os carismas agostinianos.<\/p>\n\n<h2 class=\"wp-block-heading\" id=\"h-pope-leo-xiv-quotes\">Cita\u00e7\u00f5es do Papa Le\u00e3o XIV<\/h2>\n\n<p class=\"\">Aqui est\u00e3o algumas cita\u00e7\u00f5es inspiradoras do Papa Le\u00e3o XIV antes de ele se tornar papa:<\/p>\n\n<ul class=\"wp-block-list\">\n<li>&#8220;O bispo n\u00e3o deve ser um pequeno pr\u00edncipe sentado em seu reino. Mas \u00e9 chamado autenticamente para ser humilde, para estar perto das pessoas a quem serve, para caminhar com elas, para sofrer com elas e para procurar maneiras de viver melhor a mensagem do Evangelho no meio de seu povo.&#8221;<\/li>\n<\/ul>\n\n<ul class=\"wp-block-list\">\n<li>&#8220;Muitas vezes nos preocupamos em ensinar a doutrina, a maneira de viver nossa f\u00e9, mas corremos o risco de esquecer que nossa primeira tarefa \u00e9 ensinar o que significa conhecer Jesus Cristo e dar testemunho de nossa proximidade com o Senhor. Isso vem em primeiro lugar: comunicar a beleza da f\u00e9, a beleza e a alegria de conhecer Jesus. Isso significa que n\u00f3s mesmos estamos vivendo e compartilhando essa experi\u00eancia.&#8221;  <\/li>\n<\/ul>\n\n<ul class=\"wp-block-list\">\n<li>&#8220;Todos n\u00f3s podemos ser mission\u00e1rios do Evangelho.&#8221;<\/li>\n<\/ul>\n\n<ul class=\"wp-block-list\">\n<li>&#8220;A coisa fundamental para todo disc\u00edpulo de Cristo \u00e9 a humildade.&#8221;<\/li>\n<\/ul>\n\n<h2 class=\"wp-block-heading\" id=\"h-pope-leo-xiv-addresses-the-world-for-the-first-time\">O Papa Le\u00e3o XIV se dirige ao mundo pela primeira vez<\/h2>\n\n<p class=\"\">Em seu primeiro discurso Urbi et Orbi como sucessor de Pedro, o Papa Le\u00e3o XIV falou sobre o amor e a paz que v\u00eam de Deus.<\/p>\n\n<p class=\"\"><em>Essa \u00e9 a paz do Cristo Ressuscitado, uma paz desarmante, humilde e preservadora. Ela vem de Deus. Deus, que ama a todos n\u00f3s, sem quaisquer limites ou condi\u00e7\u00f5es. Mantenhamos em nossos ouvidos a voz fraca, mas sempre corajosa, do Papa Francisco, que aben\u00e7oou Roma &#8211; o Papa que aben\u00e7oou Roma e o mundo naquele dia, na manh\u00e3 da P\u00e1scoa.   <\/em><\/p>\n\n<p class=\"\"><em>Permita-me continuar com essa mesma b\u00ean\u00e7\u00e3o. Deus nos ama, a todos n\u00f3s, e o mal n\u00e3o prevalecer\u00e1. Estamos todos nas m\u00e3os de Deus. Sem medo, unidos, de m\u00e3os dadas com Deus e entre n\u00f3s, seguiremos em frente. Somos disc\u00edpulos de Cristo, Cristo vai adiante de n\u00f3s e o mundo precisa de Sua luz. A humanidade precisa Dele como uma ponte para chegar a Deus e ao Seu amor. Voc\u00ea nos ajuda a construir pontes com o di\u00e1logo e o encontro para que possamos ser um povo sempre em paz.      <\/em><\/p>\n\n<p class=\"\">Leia seu discurso completo <a href=\"https:\/\/www.vaticannews.va\/en\/pope\/news\/2025-05\/pope-leo-xvi-peace-be-with-you-first-words.html\">aqui<\/a> <\/p>\n\n<div class=\"wp-block-buttons is-content-justification-center is-layout-flex wp-container-core-buttons-is-layout-3 wp-block-buttons-is-layout-flex\">\n<div class=\"wp-block-button\"><a class=\"wp-block-button__link wp-element-button\" href=\"https:\/\/hallow.app.link\/OhyD7rKndTb\">Experimente o Hallow gratuitamente<\/a><\/div>\n<\/div>\n\n<h2 class=\"wp-block-heading\" id=\"h-prayers-for-pope-leo-xiv\">Ora\u00e7\u00f5es para o Papa Le\u00e3o XIV<\/h2>\n\n<p class=\"\">Reze pelo Papa Le\u00e3o XIV, ou reze na tradi\u00e7\u00e3o agostiniana da qual ele prov\u00e9m, com algumas dessas ora\u00e7\u00f5es.<\/p>\n\n<p class=\"\">Esp\u00edrito Santo Ora\u00e7\u00e3o de Santo Agostinho:<\/p>\n\n<p class=\"\"><em>Inspire em mim, \u00f3 Esp\u00edrito Santo, Para que meus pensamentos sejam todos santos. Aja em mim, \u00f3 Esp\u00edrito Santo, Para que meu trabalho tamb\u00e9m seja santo. Atrai meu cora\u00e7\u00e3o, \u00f3 Esp\u00edrito Santo, para que eu ame apenas o que \u00e9 santo. Fortale\u00e7a-me, \u00f3 Esp\u00edrito Santo, para defender tudo o que \u00e9 santo. Guarda-me, pois, \u00f3 Esp\u00edrito Santo, Para que eu seja sempre santo.<\/em><\/p>\n\n<p class=\"\">Reze a <a href=\"https:\/\/hallow.com\/pt-br\/blog\/novena-de-santa-rita-quem-e-santa-rita-de-cassia-padroeira-dos-impossiveis-dificeis-e-sem-esperanca\/\">Novena de Santa Rita<\/a>. Santa Rita era uma freira agostiniana que foi canonizada pelo Papa Le\u00e3o XIII. <\/p>\n\n<p class=\"\">Reze a <a href=\"https:\/\/hallow.com\/pt-br\/blog\/novena-de-santa-monica\/\">Novena de Santa M\u00f4nica<\/a>. Santa M\u00f4nica, m\u00e3e de Agostinho, \u00e9 um modelo not\u00e1vel de f\u00e9. <\/p>\n\n<p class=\"\">Fa\u00e7a esta ora\u00e7\u00e3o simples pelo papado do Papa Le\u00e3o XIV:<\/p>\n\n<p class=\"\"><em>Pai Celestial, voc\u00ea confiou a Igreja de Cristo ao Papa Le\u00e3o XIV. Aben\u00e7oe-o, proteja-o, mantenha seu cora\u00e7\u00e3o suave em meio \u00e0s tens\u00f5es e aos desafios que ele, sem d\u00favida, enfrentar\u00e1, para que ele esteja aberto ao Esp\u00edrito que o guia &#8211; e a todos n\u00f3s &#8211; em dire\u00e7\u00e3o ao futuro da Igreja, um futuro que nos v\u00ea amando mais profundamente e tratando as pessoas ao nosso redor com mais caridade, no esp\u00edrito de Agostinho.  Em nome de Jesus, rezamos. Am\u00e9m.<\/em><\/p>\n\n<h2 class=\"wp-block-heading\" id=\"h-pray-for-the-new-pope-on-hallow\">Reze pelo novo papa no Hallow<\/h2>\n\n<p class=\"\">Junte-se a milhares de cat\u00f3licos em todo o mundo para rezar pelo novo papa no Hallow.<\/p>\n","protected":false},"excerpt":{"rendered":"<p>Em 8 de maio de 2025, a Igreja Cat\u00f3lica elegeu seu novo papa e, pela primeira vez na hist\u00f3ria, um norte-americano senta-se na cadeira de S\u00e3o Pedro. O Cardeal Robert Francis Prevost, O.S.A. foi eleito entre seus irm\u00e3os cardeais para o papado, assumindo o novo Papa Le\u00e3o XIV. Conhe\u00e7a o novo pont\u00edfice e saiba como &hellip; <a href=\"https:\/\/hallow.com\/pt-br\/blog\/papa-leao-xiv-cardeal-robert-francis-prevost\/\">Continued<\/a><\/p>\n","protected":false},"author":32,"featured_media":83759,"comment_status":"closed","ping_status":"closed","sticky":false,"template":"","format":"standard","meta":{"_acf_changed":false,"_et_pb_use_builder":"off","_et_pb_old_content":"","_et_gb_content_width":"","inline_featured_image":false,"footnotes":""},"categories":[174],"tags":[],"class_list":["post-83835","post","type-post","status-publish","format-standard","has-post-thumbnail","hentry","category-vida-de-oracao"],"acf":[],"yoast_head":"<!-- This site is optimized with the Yoast SEO Premium plugin v24.3 (Yoast SEO v25.6) - https:\/\/yoast.com\/wordpress\/plugins\/seo\/ -->\n<title>Papa Le\u00e3o XIV (ex-cardeal Robert Francis Prevost): Conhe\u00e7a o novo papa &#8211; Hallow<\/title>\n<meta name=\"description\" content=\"Habemus Papam! Temos um novo papa! Conhe\u00e7a o Papa Le\u00e3o XIV, o ex-cardeal Robert Francis Prevost, o primeiro papa norte-americano.\" \/>\n<meta name=\"robots\" content=\"index, follow, max-snippet:-1, max-image-preview:large, max-video-preview:-1\" \/>\n<link rel=\"canonical\" href=\"https:\/\/hallow.com\/pt-br\/blog\/papa-leao-xiv-cardeal-robert-francis-prevost\/\" \/>\n<meta property=\"og:locale\" content=\"pt_BR\" \/>\n<meta property=\"og:type\" content=\"article\" \/>\n<meta property=\"og:title\" content=\"Papa Le\u00e3o XIV (ex-cardeal Robert Francis Prevost): Conhe\u00e7a o novo papa\" \/>\n<meta property=\"og:description\" content=\"Habemus Papam! Temos um novo papa! Conhe\u00e7a o Papa Le\u00e3o XIV, o ex-cardeal Robert Francis Prevost, o primeiro papa norte-americano.\" \/>\n<meta property=\"og:url\" content=\"https:\/\/hallow.com\/pt-br\/blog\/papa-leao-xiv-cardeal-robert-francis-prevost\/\" \/>\n<meta property=\"og:site_name\" content=\"Hallow\" \/>\n<meta property=\"article:publisher\" content=\"https:\/\/facebook.com\/hallowapp\" \/>\n<meta property=\"article:published_time\" content=\"2025-05-08T23:40:11+00:00\" \/>\n<meta property=\"article:modified_time\" content=\"2025-05-09T18:25:15+00:00\" \/>\n<meta property=\"og:image\" content=\"https:\/\/hallow.com\/wp-content\/uploads\/2025\/05\/5.8.25-screeb-4.png\" \/>\n\t<meta property=\"og:image:width\" content=\"1245\" \/>\n\t<meta property=\"og:image:height\" content=\"788\" \/>\n\t<meta property=\"og:image:type\" content=\"image\/png\" \/>\n<meta name=\"author\" content=\"Stephen Spiewak\" \/>\n<meta name=\"twitter:card\" content=\"summary_large_image\" \/>\n<meta name=\"twitter:creator\" content=\"@hallowapp\" \/>\n<meta name=\"twitter:site\" content=\"@hallowapp\" \/>\n<script type=\"application\/ld+json\" class=\"yoast-schema-graph\">{\"@context\":\"https:\/\/schema.org\",\"@graph\":[{\"@type\":\"Article\",\"@id\":\"https:\/\/hallow.com\/pt-br\/blog\/papa-leao-xiv-cardeal-robert-francis-prevost\/#article\",\"isPartOf\":{\"@id\":\"https:\/\/hallow.com\/pt-br\/blog\/papa-leao-xiv-cardeal-robert-francis-prevost\/\"},\"author\":{\"name\":\"Stephen Spiewak\",\"@id\":\"https:\/\/hallow.com\/pt-br\/#\/schema\/person\/bff513b387a9f89e4d7463f0cd46c242\"},\"headline\":\"Papa Le\u00e3o XIV (ex-cardeal Robert Francis Prevost): Conhe\u00e7a o novo papa\",\"datePublished\":\"2025-05-08T23:40:11+00:00\",\"dateModified\":\"2025-05-09T18:25:15+00:00\",\"mainEntityOfPage\":{\"@id\":\"https:\/\/hallow.com\/pt-br\/blog\/papa-leao-xiv-cardeal-robert-francis-prevost\/\"},\"wordCount\":1365,\"publisher\":{\"@id\":\"https:\/\/hallow.com\/pt-br\/#organization\"},\"image\":{\"@id\":\"https:\/\/hallow.com\/pt-br\/blog\/papa-leao-xiv-cardeal-robert-francis-prevost\/#primaryimage\"},\"thumbnailUrl\":\"https:\/\/hallow.com\/wp-content\/uploads\/2025\/05\/5.8.25-screeb-4.png\",\"articleSection\":[\"Vida de ora\u00e7\u00e3o\"],\"inLanguage\":\"pt-BR\"},{\"@type\":\"WebPage\",\"@id\":\"https:\/\/hallow.com\/pt-br\/blog\/papa-leao-xiv-cardeal-robert-francis-prevost\/\",\"url\":\"https:\/\/hallow.com\/pt-br\/blog\/papa-leao-xiv-cardeal-robert-francis-prevost\/\",\"name\":\"Papa Le\u00e3o XIV (ex-cardeal Robert Francis Prevost): Conhe\u00e7a o novo papa &#8211; Hallow\",\"isPartOf\":{\"@id\":\"https:\/\/hallow.com\/pt-br\/#website\"},\"primaryImageOfPage\":{\"@id\":\"https:\/\/hallow.com\/pt-br\/blog\/papa-leao-xiv-cardeal-robert-francis-prevost\/#primaryimage\"},\"image\":{\"@id\":\"https:\/\/hallow.com\/pt-br\/blog\/papa-leao-xiv-cardeal-robert-francis-prevost\/#primaryimage\"},\"thumbnailUrl\":\"https:\/\/hallow.com\/wp-content\/uploads\/2025\/05\/5.8.25-screeb-4.png\",\"datePublished\":\"2025-05-08T23:40:11+00:00\",\"dateModified\":\"2025-05-09T18:25:15+00:00\",\"description\":\"Habemus Papam! Temos um novo papa! Conhe\u00e7a o Papa Le\u00e3o XIV, o ex-cardeal Robert Francis Prevost, o primeiro papa norte-americano.\",\"breadcrumb\":{\"@id\":\"https:\/\/hallow.com\/pt-br\/blog\/papa-leao-xiv-cardeal-robert-francis-prevost\/#breadcrumb\"},\"inLanguage\":\"pt-BR\",\"potentialAction\":[{\"@type\":\"ReadAction\",\"target\":[\"https:\/\/hallow.com\/pt-br\/blog\/papa-leao-xiv-cardeal-robert-francis-prevost\/\"]}]},{\"@type\":\"ImageObject\",\"inLanguage\":\"pt-BR\",\"@id\":\"https:\/\/hallow.com\/pt-br\/blog\/papa-leao-xiv-cardeal-robert-francis-prevost\/#primaryimage\",\"url\":\"https:\/\/hallow.com\/wp-content\/uploads\/2025\/05\/5.8.25-screeb-4.png\",\"contentUrl\":\"https:\/\/hallow.com\/wp-content\/uploads\/2025\/05\/5.8.25-screeb-4.png\",\"width\":1245,\"height\":788,\"caption\":\"Pope Leo XIV makes his first address as Pope.\"},{\"@type\":\"BreadcrumbList\",\"@id\":\"https:\/\/hallow.com\/pt-br\/blog\/papa-leao-xiv-cardeal-robert-francis-prevost\/#breadcrumb\",\"itemListElement\":[{\"@type\":\"ListItem\",\"position\":1,\"name\":\"Home\",\"item\":\"https:\/\/hallow.com\/pt-br\/\"},{\"@type\":\"ListItem\",\"position\":2,\"name\":\"Papa Le\u00e3o XIV (ex-cardeal Robert Francis Prevost): Conhe\u00e7a o novo papa\"}]},{\"@type\":\"WebSite\",\"@id\":\"https:\/\/hallow.com\/pt-br\/#website\",\"url\":\"https:\/\/hallow.com\/pt-br\/\",\"name\":\"Hallow\",\"description\":\"Catholic Prayer and Meditation App\",\"publisher\":{\"@id\":\"https:\/\/hallow.com\/pt-br\/#organization\"},\"potentialAction\":[{\"@type\":\"SearchAction\",\"target\":{\"@type\":\"EntryPoint\",\"urlTemplate\":\"https:\/\/hallow.com\/pt-br\/?s={search_term_string}\"},\"query-input\":{\"@type\":\"PropertyValueSpecification\",\"valueRequired\":true,\"valueName\":\"search_term_string\"}}],\"inLanguage\":\"pt-BR\"},{\"@type\":\"Organization\",\"@id\":\"https:\/\/hallow.com\/pt-br\/#organization\",\"name\":\"Hallow\",\"url\":\"https:\/\/hallow.com\/pt-br\/\",\"logo\":{\"@type\":\"ImageObject\",\"inLanguage\":\"pt-BR\",\"@id\":\"https:\/\/hallow.com\/pt-br\/#\/schema\/logo\/image\/\",\"url\":\"https:\/\/hallow.com\/wp-content\/uploads\/2019\/04\/Purple-Logo.png\",\"contentUrl\":\"https:\/\/hallow.com\/wp-content\/uploads\/2019\/04\/Purple-Logo.png\",\"width\":1470,\"height\":292,\"caption\":\"Hallow\"},\"image\":{\"@id\":\"https:\/\/hallow.com\/pt-br\/#\/schema\/logo\/image\/\"},\"sameAs\":[\"https:\/\/facebook.com\/hallowapp\",\"https:\/\/x.com\/hallowapp\",\"https:\/\/instagram.com\/hallowapp\"]},{\"@type\":\"Person\",\"@id\":\"https:\/\/hallow.com\/pt-br\/#\/schema\/person\/bff513b387a9f89e4d7463f0cd46c242\",\"name\":\"Stephen Spiewak\"}]}<\/script>\n<!-- \/ Yoast SEO Premium plugin. -->","yoast_head_json":{"title":"Papa Le\u00e3o XIV (ex-cardeal Robert Francis Prevost): Conhe\u00e7a o novo papa &#8211; Hallow","description":"Habemus Papam! Temos um novo papa! Conhe\u00e7a o Papa Le\u00e3o XIV, o ex-cardeal Robert Francis Prevost, o primeiro papa norte-americano.","robots":{"index":"index","follow":"follow","max-snippet":"max-snippet:-1","max-image-preview":"max-image-preview:large","max-video-preview":"max-video-preview:-1"},"canonical":"https:\/\/hallow.com\/pt-br\/blog\/papa-leao-xiv-cardeal-robert-francis-prevost\/","og_locale":"pt_BR","og_type":"article","og_title":"Papa Le\u00e3o XIV (ex-cardeal Robert Francis Prevost): Conhe\u00e7a o novo papa","og_description":"Habemus Papam! Temos um novo papa! Conhe\u00e7a o Papa Le\u00e3o XIV, o ex-cardeal Robert Francis Prevost, o primeiro papa norte-americano.","og_url":"https:\/\/hallow.com\/pt-br\/blog\/papa-leao-xiv-cardeal-robert-francis-prevost\/","og_site_name":"Hallow","article_publisher":"https:\/\/facebook.com\/hallowapp","article_published_time":"2025-05-08T23:40:11+00:00","article_modified_time":"2025-05-09T18:25:15+00:00","og_image":[{"width":1245,"height":788,"url":"https:\/\/hallow.com\/wp-content\/uploads\/2025\/05\/5.8.25-screeb-4.png","type":"image\/png"}],"author":"Stephen Spiewak","twitter_card":"summary_large_image","twitter_creator":"@hallowapp","twitter_site":"@hallowapp","schema":{"@context":"https:\/\/schema.org","@graph":[{"@type":"Article","@id":"https:\/\/hallow.com\/pt-br\/blog\/papa-leao-xiv-cardeal-robert-francis-prevost\/#article","isPartOf":{"@id":"https:\/\/hallow.com\/pt-br\/blog\/papa-leao-xiv-cardeal-robert-francis-prevost\/"},"author":{"name":"Stephen Spiewak","@id":"https:\/\/hallow.com\/pt-br\/#\/schema\/person\/bff513b387a9f89e4d7463f0cd46c242"},"headline":"Papa Le\u00e3o XIV (ex-cardeal Robert Francis Prevost): Conhe\u00e7a o novo papa","datePublished":"2025-05-08T23:40:11+00:00","dateModified":"2025-05-09T18:25:15+00:00","mainEntityOfPage":{"@id":"https:\/\/hallow.com\/pt-br\/blog\/papa-leao-xiv-cardeal-robert-francis-prevost\/"},"wordCount":1365,"publisher":{"@id":"https:\/\/hallow.com\/pt-br\/#organization"},"image":{"@id":"https:\/\/hallow.com\/pt-br\/blog\/papa-leao-xiv-cardeal-robert-francis-prevost\/#primaryimage"},"thumbnailUrl":"https:\/\/hallow.com\/wp-content\/uploads\/2025\/05\/5.8.25-screeb-4.png","articleSection":["Vida de ora\u00e7\u00e3o"],"inLanguage":"pt-BR"},{"@type":"WebPage","@id":"https:\/\/hallow.com\/pt-br\/blog\/papa-leao-xiv-cardeal-robert-francis-prevost\/","url":"https:\/\/hallow.com\/pt-br\/blog\/papa-leao-xiv-cardeal-robert-francis-prevost\/","name":"Papa Le\u00e3o XIV (ex-cardeal Robert Francis Prevost): Conhe\u00e7a o novo papa &#8211; Hallow","isPartOf":{"@id":"https:\/\/hallow.com\/pt-br\/#website"},"primaryImageOfPage":{"@id":"https:\/\/hallow.com\/pt-br\/blog\/papa-leao-xiv-cardeal-robert-francis-prevost\/#primaryimage"},"image":{"@id":"https:\/\/hallow.com\/pt-br\/blog\/papa-leao-xiv-cardeal-robert-francis-prevost\/#primaryimage"},"thumbnailUrl":"https:\/\/hallow.com\/wp-content\/uploads\/2025\/05\/5.8.25-screeb-4.png","datePublished":"2025-05-08T23:40:11+00:00","dateModified":"2025-05-09T18:25:15+00:00","description":"Habemus Papam! Temos um novo papa! Conhe\u00e7a o Papa Le\u00e3o XIV, o ex-cardeal Robert Francis Prevost, o primeiro papa norte-americano.","breadcrumb":{"@id":"https:\/\/hallow.com\/pt-br\/blog\/papa-leao-xiv-cardeal-robert-francis-prevost\/#breadcrumb"},"inLanguage":"pt-BR","potentialAction":[{"@type":"ReadAction","target":["https:\/\/hallow.com\/pt-br\/blog\/papa-leao-xiv-cardeal-robert-francis-prevost\/"]}]},{"@type":"ImageObject","inLanguage":"pt-BR","@id":"https:\/\/hallow.com\/pt-br\/blog\/papa-leao-xiv-cardeal-robert-francis-prevost\/#primaryimage","url":"https:\/\/hallow.com\/wp-content\/uploads\/2025\/05\/5.8.25-screeb-4.png","contentUrl":"https:\/\/hallow.com\/wp-content\/uploads\/2025\/05\/5.8.25-screeb-4.png","width":1245,"height":788,"caption":"Pope Leo XIV makes his first address as Pope."},{"@type":"BreadcrumbList","@id":"https:\/\/hallow.com\/pt-br\/blog\/papa-leao-xiv-cardeal-robert-francis-prevost\/#breadcrumb","itemListElement":[{"@type":"ListItem","position":1,"name":"Home","item":"https:\/\/hallow.com\/pt-br\/"},{"@type":"ListItem","position":2,"name":"Papa Le\u00e3o XIV (ex-cardeal Robert Francis Prevost): Conhe\u00e7a o novo papa"}]},{"@type":"WebSite","@id":"https:\/\/hallow.com\/pt-br\/#website","url":"https:\/\/hallow.com\/pt-br\/","name":"Hallow","description":"Catholic Prayer and Meditation App","publisher":{"@id":"https:\/\/hallow.com\/pt-br\/#organization"},"potentialAction":[{"@type":"SearchAction","target":{"@type":"EntryPoint","urlTemplate":"https:\/\/hallow.com\/pt-br\/?s={search_term_string}"},"query-input":{"@type":"PropertyValueSpecification","valueRequired":true,"valueName":"search_term_string"}}],"inLanguage":"pt-BR"},{"@type":"Organization","@id":"https:\/\/hallow.com\/pt-br\/#organization","name":"Hallow","url":"https:\/\/hallow.com\/pt-br\/","logo":{"@type":"ImageObject","inLanguage":"pt-BR","@id":"https:\/\/hallow.com\/pt-br\/#\/schema\/logo\/image\/","url":"https:\/\/hallow.com\/wp-content\/uploads\/2019\/04\/Purple-Logo.png","contentUrl":"https:\/\/hallow.com\/wp-content\/uploads\/2019\/04\/Purple-Logo.png","width":1470,"height":292,"caption":"Hallow"},"image":{"@id":"https:\/\/hallow.com\/pt-br\/#\/schema\/logo\/image\/"},"sameAs":["https:\/\/facebook.com\/hallowapp","https:\/\/x.com\/hallowapp","https:\/\/instagram.com\/hallowapp"]},{"@type":"Person","@id":"https:\/\/hallow.com\/pt-br\/#\/schema\/person\/bff513b387a9f89e4d7463f0cd46c242","name":"Stephen Spiewak"}]}},"_links":{"self":[{"href":"https:\/\/hallow.com\/pt-br\/wp-json\/wp\/v2\/posts\/83835"}],"collection":[{"href":"https:\/\/hallow.com\/pt-br\/wp-json\/wp\/v2\/posts"}],"about":[{"href":"https:\/\/hallow.com\/pt-br\/wp-json\/wp\/v2\/types\/post"}],"author":[{"embeddable":true,"href":"https:\/\/hallow.com\/pt-br\/wp-json\/wp\/v2\/users\/32"}],"replies":[{"embeddable":true,"href":"https:\/\/hallow.com\/pt-br\/wp-json\/wp\/v2\/comments?post=83835"}],"version-history":[{"count":1,"href":"https:\/\/hallow.com\/pt-br\/wp-json\/wp\/v2\/posts\/83835\/revisions"}],"predecessor-version":[{"id":83836,"href":"https:\/\/hallow.com\/pt-br\/wp-json\/wp\/v2\/posts\/83835\/revisions\/83836"}],"wp:featuredmedia":[{"embeddable":true,"href":"https:\/\/hallow.com\/pt-br\/wp-json\/wp\/v2\/media\/83759"}],"wp:attachment":[{"href":"https:\/\/hallow.com\/pt-br\/wp-json\/wp\/v2\/media?parent=83835"}],"wp:term":[{"taxonomy":"category","embeddable":true,"href":"https:\/\/hallow.com\/pt-br\/wp-json\/wp\/v2\/categories?post=83835"},{"taxonomy":"post_tag","embeddable":true,"href":"https:\/\/hallow.com\/pt-br\/wp-json\/wp\/v2\/tags?post=83835"}],"curies":[{"name":"wp","href":"https:\/\/api.w.org\/{rel}","templated":true}]}}